{"id":12946,"date":"2023-01-01T18:45:33","date_gmt":"2023-01-02T00:45:33","guid":{"rendered":"https:\/\/www.aquilaguna.com\/?p=12946"},"modified":"2023-01-01T18:45:33","modified_gmt":"2023-01-02T00:45:33","slug":"aqui-laguna-193","status":"publish","type":"post","link":"https:\/\/www.aquilaguna.com\/index.php\/2023\/01\/01\/aqui-laguna-193\/","title":{"rendered":"Aqu\u00ed Laguna."},"content":{"rendered":"\n<p>\u00a1Feliz y venturoso 2023! Para todos, bajo cualquiera sean la circunstancias en que nos tenga colocada la vida, pues la esperanza que nace\u00a0 con la irrupci\u00f3n del eterno \u00a0 paso del tiempo\u00a0 \u00a0 nos sean\u00a0 leves los d\u00edas por venir en este\u00a0 nuevo\u00a0 ciclo. Y con \u00e9l en el\u00a0 \u00e1mbito pol\u00edtico, \u00a0 para la ciudadan\u00eda que\u00a0 habita el Estado de M\u00e9xico y en especial \u00a0 para quienes\u00a0 vemos transcurrir nuestras vidas en Coahuila,\u00a0 habremos de enfrentar\u00a0 los impactos que el fragor de la campa\u00f1a electoral en puerta, nos depare, ya no solo como participantes, sino como espectadores pasivos o activos, o\u00a0 bien sea\u00a0 como candidatos a los cargos de representaci\u00f3n popular en juego, entre ellos el m\u00e1s importante como es la titularidad del Poder Ejecutivo, sino tambi\u00e9n los 16 esca\u00f1os de mayor\u00eda en el Congreso local, una vez testificada la vor\u00e1gine de intereses\u00a0 y ambiciones \u00a0 que genera un \u00e1nimo y un\u00a0 clima por dem\u00e1s rijoso visto y registrado\u00a0 a lo largo del a\u00f1o que dejamos atr\u00e1s, por parte de algunos de los aspirantes a alzarse con el triunfo en juego el domingo 4 de junio pr\u00f3ximo, en una elecci\u00f3n que de manera anticipada\u00a0 se califica ya\u00a0 el proleg\u00f3meno\u00a0 m\u00e1s significativo\u00a0 para &#8220;la grande&#8221; del\u00a0 2024, en la que se juega la\u00a0 elecci\u00f3n presidencial.<\/p>\n\n\n\n<p>En espera pues ya de conocer en los d\u00edas pr\u00f3ximos\u00a0 la convocatoria que Coahuila estar\u00e1 lanzando\u00a0 para\u00a0 que los partidos\u00a0 y organizaciones partidistas que as\u00ed lo determinen, participar en la contienda,\u00a0 convoquen a su vez \u00a0 a su militancia para designar a quienes sean sus candidatos, por m\u00e1s y que en algunos, ya las identidades, los nombres y trayectorias, patrocinios, sean por dem\u00e1s conocidas en Coahuila. En los terrenos del PRI y sus aliados y como centro \u00a0 de tal\u00a0 acuerdo\u00a0 se\u00f1alado como el partido en el poder estatal y con ello el enemigo a vencer por las\u00a0 fuerzas opositoras que tampoco\u00a0 ir\u00e1n solas,\u00a0 m\u00e1s all\u00e1 si el PVEM\u00a0 y el PT \u00a0 declinan\u00a0 finalmente\u00a0 de registrar \u00a0 solitos a sus candidatos,\u00a0 bien se adhieren a MORENA, con todo y la pretensi\u00f3n de esta ca\u00f3tica fuerza \u00a0 de ir contra todos, pues ya\u00a0 se ve, a su ex aliado de la UDC, las siglas propiedad de Lenin P\u00e9rez,\u00a0 no pierde la esperanza de que lo arrope las siglas de Movimiento Ciudadano a sus ilusiones.<\/p>\n\n\n\n<p>Y\u00a0 si no fuera poco el alud de aspirantes a hacerse \u00a0 con\u00a0 el premio mayor de esta lucha, es decir con\u00a0 la Gubernatura de Coahuila, ya tenemos en\u00a0 espera,\u00a0 si se sumar\u00e1n a lo anterior tres aspirantes\u00a0 m\u00e1s, con todo y la legitimidad de sus prop\u00f3sitos,\u00a0 estos sin cobijo partidista alguno, es decir,\u00a0 Roberto Quezada, Aguayo Cervantes, y Fernando Rodriguez Gonz\u00e1lez buscadores de\u00a0 hipot\u00e9tico triunfo electoral como &#8220;independientes&#8221; si bien tal triada est\u00e1\u00a0a\u00fan en espera de que\u00a0 se les califiquen sus pretensiones por los \u00f3rganos electorales correspondientes, esto sabido ya que incluso aspirantes\u00a0 que\u00a0 recorrieron tal v\u00eda\u00a0 en pasados comicios estatales, con todo y que ten\u00edan \u00a0 mayor relieve personal, trayectoria\u00a0 y\u00a0 peso pol\u00edtico\u00a0 \u00a0 no lograron resultado positivo alguno, si no, preguntar por tal experiencia\u00a0 a un Javier Guerrero Garc\u00eda, que con todo y\u00a0 que sum\u00f3 cien mil votos a favor bajo tal estrategia,\u00a0 hoy no queda huella de los mismos -m\u00e1s all\u00e1 del tr\u00e1nsito fugaz de una Melba Far\u00edas y\u00a0 del hoy cuestionado alcalde\u00a0 Roberto Pi\u00f1a-,\u00a0 y los que surjan de aqu\u00ed, al d\u00eda 12 del presente mes dicen.<\/p>\n\n\n\n<p>En tanto se est\u00e1 en espera de que a partir de este dia \u00a0 primero en los cabildos y m\u00e1s adelante\u00a0 en el Congreso se desahoguen las solicitudes de licencia para quienes\u00a0 detentando alg\u00fan cargo de elecci\u00f3n popular, es decir, sea\u00a0 bien alcaldes o regidores y s\u00edndicos\u00a0 soliciten licencia para abandonar sus cargos e ir por la aventura de escalar\u00a0 en importancia, de otro cargo p\u00fablico, para contender como\u00a0 aspirantes a candidatos a alg\u00fan a de las 16 diputaciones en juego, con todo y que se antoja ser\u00e1 menor\u00a0 el n\u00famero de sus\u00a0 vacantes, pues algunos de los &#8220;padres de la patria&#8221; aspiran a repetir en tal abultada n\u00f3mina, digo dieta, pero hay m\u00e1s,\u00a0 las posibilidades de ocupar candidatura\u00a0 a las diputaciones en juego se reducen, en especial para los priistas a\u00fan m\u00e1s, toda vez que en funci\u00f3n de la alianza ya signada con el PAN\u00a0 y PRD, deber\u00e1n dejar tales sitios para\u00a0 quienes estos mencionados propongan,\u00a0 con solo la exigencia; de ser el propuesto\u00a0 lo suficientemente competitivo para ganar \u00a0 el Distrito en juego.<\/p>\n\n\n\n<p>En cuanto al candidato a Gobernador por la alianza est\u00e1 m\u00e1s que sabido, es decir, no habr\u00e1 sorpresa alguna; ser\u00e1 Manolo Jim\u00e9nez \u00a0 Salinas, a quien solo\u00a0 resta ya, dejar el cargo que\u00a0 mantiene como titular de la Secretar\u00eda de Desarrollo e Inclusi\u00f3n Social, esperar la convocatoria y el destape oficial, trayecto que estaremos viendo realizar los\u00a0 d\u00edas pr\u00f3ximos.<\/p>\n\n\n\n<p>Y en MORENA, con los &#8221; bendejos&#8221; en fuga, se le despeja tambi\u00e9n el camino que se le quiso\u00a0 obstaculizar de manera costosa y\u00a0 artificiosamente al Senador Armando Guadiana Tijerina, y una vez sofocada -al parecer-, la rebeli\u00f3n interna que intent\u00f3 levantar Ricardo S\u00f3stenes Mej\u00eda Berdeja \u00a0 fue mas que sofocada, sin mas acciones que\u00a0 la de hacerlo a un lado\u00a0 de AMLO en la pantalla televisiva que generosamente le fuera \u00a0 prestada por alguno de sus padrinos\u00a0 pol\u00edticos\u00a0 para que hiciera lo que pudiera en pos de levantar\u00a0 presencia y fuerza pol\u00edtica en Coahuila, a trav\u00e9s del obvio descuido de las funciones de subsecretario de seguridad p\u00fablica el elemento que se cita para\u00a0 fundamentar que\u00a0el &#8220;est\u00e1te quieto&#8221;, que le han recetado al ex bebesaurio, resulta ser el silencio que rodea a sus cuentas en redes sociales, que han quedado desde el pasado 21 de diciembre en\u00a0 silencio m\u00e1s que sospechoso, dado lo rijoso del\u00a0 presunto contendiente, adem\u00e1s que atentos a tales signos \u00a0 elementos\u00a0 que hab\u00eda adherido a sus pretensiones, andan m\u00e1s que en busca del cobijo no con Guadiana Tijerina, sino con los de &#8220;enfrente&#8221;\u00a0 pues con la cola entre las patas,\u00a0 buscan ya que los presenten con Manolo &#8220;para ponerse a sus \u00f3rdenes&#8221; y entre ellos, se puede citar al dirigente de la COR Alfonso Blanco\u00a0 y\u00a0 otros de &#8220;mayor calado&#8221;, que ya se ir\u00e1n desvelando.<\/p>\n\n\n\n<p>Y\u00a0con el a\u00f1o nuevo, tambi\u00e9n nos llegaron las cuentas nuevas, a iniciar la\u00a0 dura cuesta de enero \u00a0 con su cauda de aumentos en bienes y servicios y\u00a0 tambi\u00e9n, en puerta, los anunciados cambios que dice el alcalde de Torre\u00f3n Rom\u00e1n Alberto Cepeda estar\u00e1 haciendo estas semanas iniciales para renovar su equipo de trabajo,\u00a0 luego de que ya ha de haber hecho la\u00a0 evaluaci\u00f3n de los desempe\u00f1os\u00a0 del personal por \u00e9l mismo seleccionado, sobre todo ya con el tiempo y la disposici\u00f3n necesaria y suficiente\u00a0 para tomar decisiones con las que habr\u00e1 de enfrentar\u00a0 su segundo a\u00f1o de gesti\u00f3n,\u00a0 en el municipio m\u00e1s importante de la comarca, los retos\u00a0 son muchos y variados, van desde el mejoramiento\u00a0 en los servicios de\u00a0 limpieza, recolecci\u00f3n de basura, mejoramiento de la imagen urbana en general no solo en colonias residenciales, abasto de agua suficiente, m\u00e1s apoyo a la poblaci\u00f3n vulnerable y sobre todo, mayor y mejor gesti\u00f3n en tareas de captaci\u00f3n de inversi\u00f3n no solo\u00a0 en materia\u00a0 de inversi\u00f3n inmobiliaria, sino productiva, y con ello \u00a0 creaci\u00f3n de empleo que posibilite el mejoramiento sustancial del ingreso familiar, pues con todo y sus esfuerzos hasta hoy realizados,\u00a0 Torre\u00f3n sigue siendo una de las plazas del pa\u00eds, donde menos se paga a los trabajadores en general. No todo es pues glamour.<\/p>\n","protected":false},"excerpt":{"rendered":"<p>\u00a1Feliz y venturoso 2023! Para todos, bajo cualquiera sean la circunstancias en que nos tenga colocada la vida, pues la esperanza que nace\u00a0 con la irrupci\u00f3n del eterno \u00a0 paso del tiempo\u00a0 \u00a0 nos sean\u00a0 leves los d\u00edas por venir en este\u00a0 nuevo\u00a0 ciclo. Y con \u00e9l en el\u00a0 \u00e1mbito pol\u00edtico, \u00a0 para la ciudadan\u00eda que\u00a0 habita el Estado de M\u00e9xico y en especial \u00a0 para quienes\u00a0 vemos transcurrir nuestras&#8230;<\/p>\n","protected":false},"author":2,"featured_media":0,"comment_status":"closed","ping_status":"","sticky":false,"template":"","format":"standard","meta":{"footnotes":""},"categories":[8],"tags":[],"class_list":["post-12946","post","type-post","status-publish","format-standard","hentry","category-aqui-laguna","wpcat-8-id"],"_links":{"self":[{"href":"https:\/\/www.aquilaguna.com\/index.php\/wp-json\/wp\/v2\/posts\/12946","targetHints":{"allow":["GET"]}}],"collection":[{"href":"https:\/\/www.aquilaguna.com\/index.php\/wp-json\/wp\/v2\/posts"}],"about":[{"href":"https:\/\/www.aquilaguna.com\/index.php\/wp-json\/wp\/v2\/types\/post"}],"author":[{"embeddable":true,"href":"https:\/\/www.aquilaguna.com\/index.php\/wp-json\/wp\/v2\/users\/2"}],"replies":[{"embeddable":true,"href":"https:\/\/www.aquilaguna.com\/index.php\/wp-json\/wp\/v2\/comments?post=12946"}],"version-history":[{"count":1,"href":"https:\/\/www.aquilaguna.com\/index.php\/wp-json\/wp\/v2\/posts\/12946\/revisions"}],"predecessor-version":[{"id":12947,"href":"https:\/\/www.aquilaguna.com\/index.php\/wp-json\/wp\/v2\/posts\/12946\/revisions\/12947"}],"wp:attachment":[{"href":"https:\/\/www.aquilaguna.com\/index.php\/wp-json\/wp\/v2\/media?parent=12946"}],"wp:term":[{"taxonomy":"category","embeddable":true,"href":"https:\/\/www.aquilaguna.com\/index.php\/wp-json\/wp\/v2\/categories?post=12946"},{"taxonomy":"post_tag","embeddable":true,"href":"https:\/\/www.aquilaguna.com\/index.php\/wp-json\/wp\/v2\/tags?post=12946"}],"curies":[{"name":"wp","href":"https:\/\/api.w.org\/{rel}","templated":true}]}}