{"id":13064,"date":"2023-01-10T18:30:14","date_gmt":"2023-01-11T00:30:14","guid":{"rendered":"https:\/\/www.aquilaguna.com\/?p=13064"},"modified":"2023-01-10T18:30:15","modified_gmt":"2023-01-11T00:30:15","slug":"gobierno-del-estado-de-durango-celebra-la-primera-reunion-de-trabajo-del-ano-con-el-grupo-vida","status":"publish","type":"post","link":"https:\/\/www.aquilaguna.com\/index.php\/2023\/01\/10\/gobierno-del-estado-de-durango-celebra-la-primera-reunion-de-trabajo-del-ano-con-el-grupo-vida\/","title":{"rendered":"GOBIERNO DEL ESTADO DE DURANGO CELEBRA LA PRIMERA REUNI\u00d3N DE TRABAJO DEL A\u00d1O CON EL GRUPO VIDA."},"content":{"rendered":"\n<p>\u2022 Se crear\u00e1 la Coordinaci\u00f3n de la Comisi\u00f3n Estatal de B\u00fasqueda de Personas<br>en la Regi\u00f3n Laguna.<\/p>\n\n\n\n<p>Comarca Lagunera., Esta ma\u00f1ana por instrucciones del gobernador Esteban<br>Villegas Villarreal, se llev\u00f3 a cabo la primera reuni\u00f3n del presente a\u00f1o entre<br>autoridades estatales y el colectivo del grupo de V\u00edctimas por Nuestros<br>Desaparecidos en Acci\u00f3n, A.C. (VIDA), para definir las acciones que ayuden a la<br>b\u00fasqueda y localizaci\u00f3n de personas en calidad de desaparecidas.<\/p>\n\n\n\n<p>Por parte del gobierno del estado de Durango estuvieron presentes: el<br>Subsecretario de Gobierno de la Laguna, Ra\u00fal Meraz Ram\u00edrez; el Vicefiscal<br>Regional, Juan Francisco \u00c1ngeles Zapata; la Comisionada Ejecutiva de Atenci\u00f3n a<br>V\u00edctimas del estado, Ismelda Flores; el Comisionado Estatal de B\u00fasqueda de<br>Personas del gobierno del Estado de Durango, Carlos Burciaga Rosales; as\u00ed como<br>la titular de la Segunda Visitadur\u00eda de la Comisi\u00f3n Estatal de Durango en la<br>Laguna, Sarah Ver\u00f3nica de los Santos Llamas.<\/p>\n\n\n\n<p>Durante la reuni\u00f3n, el Subsecretario Ra\u00fal Meraz refrend\u00f3 el compromiso y total<br>apoyo del gobernador del Estado para fortalecer el v\u00ednculo con el colectivo en<br>materia de b\u00fasqueda, identificaci\u00f3n y localizaci\u00f3n de personas desaparecidas que<br>permitan obtener mejores resultados.<\/p>\n\n\n\n<p>\u201cEsta reuni\u00f3n marca un precedente porque ustedes mismos lo han comentado que<br>no ha habido reuniones de este tipo en el lado de Durango y hoy, a tres meses del<br>gobierno de Esteban Villegas, hemos avanzado con pasos firmes, ya han recibido<br>apoyos, tendremos una agenda de trabajo y obtendremos productos precisos\u201d<br>manifest\u00f3 Meraz Ram\u00edrez.<\/p>\n\n\n\n<p>En su intervenci\u00f3n, Carlos Burciaga Rojas resalt\u00f3 que se trabaja en el proyecto de<br>presupuesto 2023, para contar con los recursos necesarios para hacer frente a las<br>acciones de b\u00fasqueda de personas desaparecidas, y asimismo anunci\u00f3 la<br>creaci\u00f3n de una Coordinaci\u00f3n de la Comisi\u00f3n Estatal de B\u00fasqueda de Personas<br>en la Regi\u00f3n Laguna, dada la importancia que tiene \u00e9sta zona del estado.<\/p>\n\n\n\n<p>Por su parte, Silvia Ortiz Sol\u00eds, vocera del colectivo \u201cGrupo VIDA\u201d, mencion\u00f3 que<br>han estado poco a poco caminando con la nueva administraci\u00f3n estatal y gracias<br>a la atenci\u00f3n del Dr. Esteban Villegas Villarreal ahora van m\u00e1s r\u00e1pido, y a trav\u00e9s<br>de esta reuni\u00f3n de trabajo definir\u00e1n las fechas para las mesas de trabajo con cada<br>una de las \u00e1reas, a fin de ponerse de acuerdo en la manera en que trabajar\u00e1n<br>entendiendo las necesidades del estado en este momento.<\/p>\n\n\n\n<p>Tras cuatro horas de di\u00e1logo y definici\u00f3n de acciones, el Vicefiscal Juan Francisco<br>\u00c1ngeles Zapata inform\u00f3 que, las dependencias del estado participantes se<br>comprometieron a atender los temas de su competencia para desahogar<br>problem\u00e1ticas planteadas por el colectivo, tales como la realizaci\u00f3n de las<br>b\u00fasquedas, el apoyo psicol\u00f3gico para las familias de los desaparecidos, recursos,<br>apoyos con herramientas que faciliten las tareas de b\u00fasqueda de las personas, un<br>programa de capacitaci\u00f3n para el personal en temas de derechos humanos y<br>atenci\u00f3n oportuna a v\u00edctimas, as\u00ed como el establecimiento de fechas tentativas<br>para hacer las inspecciones derivadas del hallazgo de alg\u00fan cuerpo, ya sea en<br>zonas rurales o urbanas.<\/p>\n\n\n\n<p>Finalmente, tanto las autoridades como los miembros del colectivo Grupo VIDA,<br>realizaron un recorrido por las instalaciones de la Unidad Especializada en Delitos<br>de B\u00fasqueda de Personas, ubicada en la Ciudad de G\u00f3mez Palacio.<\/p>\n","protected":false},"excerpt":{"rendered":"<p>\u2022 Se crear\u00e1 la Coordinaci\u00f3n de la Comisi\u00f3n Estatal de B\u00fasqueda de Personasen la Regi\u00f3n Laguna. Comarca Lagunera., Esta ma\u00f1ana por instrucciones del gobernador EstebanVillegas Villarreal, se llev\u00f3 a cabo la primera reuni\u00f3n del presente a\u00f1o entreautoridades estatales y el colectivo del grupo de V\u00edctimas por NuestrosDesaparecidos en Acci\u00f3n, A.C. (VIDA), para definir las acciones que ayuden a lab\u00fasqueda y localizaci\u00f3n de personas en calidad de desaparecidas. Por parte del&#8230;<\/p>\n","protected":false},"author":1,"featured_media":13065,"comment_status":"closed","ping_status":"closed","sticky":false,"template":"","format":"standard","meta":{"footnotes":""},"categories":[40,64,28,24],"tags":[],"class_list":["post-13064","post","type-post","status-publish","format-standard","has-post-thumbnail","hentry","category-durango","category-gobierno-de-durango","category-la-laguna","category-seguridad","wpcat-40-id","wpcat-64-id","wpcat-28-id","wpcat-24-id"],"_links":{"self":[{"href":"https:\/\/www.aquilaguna.com\/index.php\/wp-json\/wp\/v2\/posts\/13064","targetHints":{"allow":["GET"]}}],"collection":[{"href":"https:\/\/www.aquilaguna.com\/index.php\/wp-json\/wp\/v2\/posts"}],"about":[{"href":"https:\/\/www.aquilaguna.com\/index.php\/wp-json\/wp\/v2\/types\/post"}],"author":[{"embeddable":true,"href":"https:\/\/www.aquilaguna.com\/index.php\/wp-json\/wp\/v2\/users\/1"}],"replies":[{"embeddable":true,"href":"https:\/\/www.aquilaguna.com\/index.php\/wp-json\/wp\/v2\/comments?post=13064"}],"version-history":[{"count":1,"href":"https:\/\/www.aquilaguna.com\/index.php\/wp-json\/wp\/v2\/posts\/13064\/revisions"}],"predecessor-version":[{"id":13066,"href":"https:\/\/www.aquilaguna.com\/index.php\/wp-json\/wp\/v2\/posts\/13064\/revisions\/13066"}],"wp:featuredmedia":[{"embeddable":true,"href":"https:\/\/www.aquilaguna.com\/index.php\/wp-json\/wp\/v2\/media\/13065"}],"wp:attachment":[{"href":"https:\/\/www.aquilaguna.com\/index.php\/wp-json\/wp\/v2\/media?parent=13064"}],"wp:term":[{"taxonomy":"category","embeddable":true,"href":"https:\/\/www.aquilaguna.com\/index.php\/wp-json\/wp\/v2\/categories?post=13064"},{"taxonomy":"post_tag","embeddable":true,"href":"https:\/\/www.aquilaguna.com\/index.php\/wp-json\/wp\/v2\/tags?post=13064"}],"curies":[{"name":"wp","href":"https:\/\/api.w.org\/{rel}","templated":true}]}}