{"id":13070,"date":"2023-01-10T18:51:27","date_gmt":"2023-01-11T00:51:27","guid":{"rendered":"https:\/\/www.aquilaguna.com\/?p=13070"},"modified":"2023-01-10T18:51:27","modified_gmt":"2023-01-11T00:51:27","slug":"desea-roman-cepeda-el-mayor-de-los-exitos-a-manolo-jimenez","status":"publish","type":"post","link":"https:\/\/www.aquilaguna.com\/index.php\/2023\/01\/10\/desea-roman-cepeda-el-mayor-de-los-exitos-a-manolo-jimenez\/","title":{"rendered":"Desea Rom\u00e1n Cepeda el mayor de los \u00e9xitos a Manolo Jim\u00e9nez."},"content":{"rendered":"\n<p>Torre\u00f3n, Coahuila.- El alcalde\u00a0 Rom\u00e1n Alberto Cepeda Gonz\u00e1lez desea\u00a0 &#8220;el mayor de los \u00e9xitos&#8221;\u00a0 a Manolo Jim\u00e9nez\u00a0 Salinas \u00a0en su b\u00fasqueda por la postulaci\u00f3n del PRI,\u00a0 luego\u00a0 la de los\u00a0 partidos que conformen\u00a0 la Alianza electoral en proceso, para alcanzar\u00a0 la gubernatura de Coahuila.<\/p>\n\n\n\n<p>Preguntado luego de confirmarse la renuncia del saltillense a su cargo \u00a0 como funcionario p\u00fablico y estar as\u00ed\u00a0 en condiciones de participar en la contienda interna electoral en marcha en pos del cargo citado,\u00a0 expres\u00f3 lo anterior.\u00a0<\/p>\n\n\n\n<p>En obvia declinaci\u00f3n de su intenciones personales en este tema, que\u00a0 se alimentaran a lo largo del \u00faltimo semestre del a\u00f1o anterior, el alcalde\u00a0 quiso puntualizar que, &#8220;aspirar a gobernar Coahuila no dejar\u00e1 se de seguir siendo un tema, un objetivo de su inter\u00e9s \u00a0siempre en 27 de ya casi 28 a\u00f1os\u00a0 de haber estado en el servicio p\u00fablico, \u00a0 he antepuesto siempre\u00a0 los intereses colectivos, la unidad\u00a0 y la responsabilidad por encima de\u00a0 mis aspiraciones personales\u00a0y\u00a0 he puesto tal responsabilidad \u00a0 por lo que convenga a mi partido y a quienes toman las decisiones, ah\u00ed voy a estar yo&#8221;.<\/p>\n\n\n\n<p>&#8220;Ya lo hab\u00eda comentado yo, con anterioridad  que en el proyecto donde est\u00e9 el se\u00f1or Gobernador, ah\u00ed voy a estar yo Rom\u00e1n Alberto&#8221;.<\/p>\n\n\n\n<p>&#8220;Torre\u00f3n y Rom\u00e1n Alberto,\u00a0 van a ser factor de suma, nunca de resta&#8221;, termin\u00f3 diciendo.\u00a0<\/p>\n\n\n\n<p><strong>PROYECTOS.<\/strong><\/p>\n\n\n\n<p>En\u00a0 otro tema, el alcalde dio a conocer que en su administraci\u00f3n, este a\u00f1o que inicia, se contempla un programa intensivo de pavimentaci\u00f3n\u00a0 para superar &#8220;el da\u00f1o hist\u00f3rico&#8221; que se registra en este\u00a0 \u00e1mbito las calles y avenidas de Torre\u00f3n.<\/p>\n\n\n\n<p>Reiter\u00f3 que para\u00a0 principios de este a\u00f1o, dijo &#8220;lo vamos a hacer, pero tambi\u00e9n se abordar\u00e1n\u00a0 temas importantes como es el de la salud, pero todo el resto de los temas que importan a la poblaci\u00f3n,  tendr\u00e1 que seguir adelante&#8221;.<\/p>\n\n\n\n<p>Torre\u00f3n, afirm\u00f3, &#8220;no se detiene, haciendo lo que tenemos que hacer\u00a0 en medio de\u00a0 lo que conlleva un proceso electoral&#8221;.<\/p>\n\n\n\n<p>Creo, dijo, &#8220;que es muy importante entender que el 2023\u00a0  es un a\u00f1o muy importante para mi administraci\u00f3n, pues tendremos que seguir adelante con muchas cosas, como son salud, infraestructura vial, recordado que el d\u00eda de ayer, con una inversi\u00f3n de 30 millones de pesos \u00a0 con la entrega de 30 patrullas&#8221;.\u00a0<\/p>\n\n\n\n<p>Anticipando para los pr\u00f3ximos d\u00edas, el resto del equipamiento de vigilancia y equipamiento del equipo m\u00f3vil entregado el pasado lunes.<\/p>\n\n\n\n<p>En cuanto a obra p\u00fablica, no dej\u00f3 de repetir el proyecto del Sistema Vial Villa Floridas, cuyo proyecto se elabora desde\u00a0 el a\u00f1o anterior, y que tendr\u00e1 inicio este mismo mes de enero, y cuya inversi\u00f3n revel\u00f3, alcanzar\u00e1 270 millones de pesos.<\/p>\n\n\n\n<p>Adem\u00e1s, cit\u00f3 que tal proyecto tendr\u00e1\u00a0 como complemento\u00a0 de inversi\u00f3n\u00a0 en el Bulevar Independencia,\u00a0 si bien anticip\u00f3 que \u00e9sta participaci\u00f3n, &#8220;no tiene nada que ver con la adquisici\u00f3n de las 28 viviendas&#8221;.\u00a0<\/p>\n\n\n\n<p>Cit\u00f3 que todo lo anterior\u00a0 est\u00e1 conectado tambi\u00e9n con\u00a0 la realizaci\u00f3n de obras de otro calado, que tienen que ver con pavimentaci\u00f3n completa\u00a0 de otras avenidas y bulevares,\u00a0 y otros\u00a0 que tienen que ver con bienestar social, como es el caso de plazas p\u00fablicas.<\/p>\n\n\n\n<p>No olvid\u00f3 citar\u00a0 \u00e9stas inversiones en el primer cuadro de Torre\u00f3n, \u00a0 y que incluye revisi\u00f3n a los proyectos sobre el Circuito\u00a0 Col\u00f3n, &#8220;donde ya en los pr\u00f3ximos d\u00edas daremos a conocer&#8221;.<\/p>\n","protected":false},"excerpt":{"rendered":"<p>Torre\u00f3n, Coahuila.- El alcalde\u00a0 Rom\u00e1n Alberto Cepeda Gonz\u00e1lez desea\u00a0 &#8220;el mayor de los \u00e9xitos&#8221;\u00a0 a Manolo Jim\u00e9nez\u00a0 Salinas \u00a0en su b\u00fasqueda por la postulaci\u00f3n del PRI,\u00a0 luego\u00a0 la de los\u00a0 partidos que conformen\u00a0 la Alianza electoral en proceso, para alcanzar\u00a0 la gubernatura de Coahuila. Preguntado luego de confirmarse la renuncia del saltillense a su cargo \u00a0 como funcionario p\u00fablico y estar as\u00ed\u00a0 en condiciones de participar en la contienda interna&#8230;<\/p>\n","protected":false},"author":2,"featured_media":0,"comment_status":"closed","ping_status":"","sticky":false,"template":"","format":"standard","meta":{"footnotes":""},"categories":[5,15,28,16,7],"tags":[],"class_list":["post-13070","post","type-post","status-publish","format-standard","hentry","category-coahuila","category-gobierno-de-coahuila","category-la-laguna","category-pri","category-torreon","wpcat-5-id","wpcat-15-id","wpcat-28-id","wpcat-16-id","wpcat-7-id"],"_links":{"self":[{"href":"https:\/\/www.aquilaguna.com\/index.php\/wp-json\/wp\/v2\/posts\/13070","targetHints":{"allow":["GET"]}}],"collection":[{"href":"https:\/\/www.aquilaguna.com\/index.php\/wp-json\/wp\/v2\/posts"}],"about":[{"href":"https:\/\/www.aquilaguna.com\/index.php\/wp-json\/wp\/v2\/types\/post"}],"author":[{"embeddable":true,"href":"https:\/\/www.aquilaguna.com\/index.php\/wp-json\/wp\/v2\/users\/2"}],"replies":[{"embeddable":true,"href":"https:\/\/www.aquilaguna.com\/index.php\/wp-json\/wp\/v2\/comments?post=13070"}],"version-history":[{"count":1,"href":"https:\/\/www.aquilaguna.com\/index.php\/wp-json\/wp\/v2\/posts\/13070\/revisions"}],"predecessor-version":[{"id":13071,"href":"https:\/\/www.aquilaguna.com\/index.php\/wp-json\/wp\/v2\/posts\/13070\/revisions\/13071"}],"wp:attachment":[{"href":"https:\/\/www.aquilaguna.com\/index.php\/wp-json\/wp\/v2\/media?parent=13070"}],"wp:term":[{"taxonomy":"category","embeddable":true,"href":"https:\/\/www.aquilaguna.com\/index.php\/wp-json\/wp\/v2\/categories?post=13070"},{"taxonomy":"post_tag","embeddable":true,"href":"https:\/\/www.aquilaguna.com\/index.php\/wp-json\/wp\/v2\/tags?post=13070"}],"curies":[{"name":"wp","href":"https:\/\/api.w.org\/{rel}","templated":true}]}}