{"id":13140,"date":"2023-01-15T18:01:55","date_gmt":"2023-01-16T00:01:55","guid":{"rendered":"https:\/\/www.aquilaguna.com\/?p=13140"},"modified":"2023-01-15T18:01:56","modified_gmt":"2023-01-16T00:01:56","slug":"implementa-coahuila-politicas-publica-en-favor-de-la-igualdad-mars","status":"publish","type":"post","link":"https:\/\/www.aquilaguna.com\/index.php\/2023\/01\/15\/implementa-coahuila-politicas-publica-en-favor-de-la-igualdad-mars\/","title":{"rendered":"IMPLEMENTA COAHUILA POL\u00cdTICAS P\u00daBLICA EN FAVOR DE LA IGUALDAD: MARS."},"content":{"rendered":"\n<p>\u00b7\u00a0\u00a0\u00a0\u00a0\u00a0\u00a0<strong><em>\u00a0El Gobierno de Miguel Riquelme impulsa el acceso a la educaci\u00f3n de las mujeres.<\/em><\/strong><\/p>\n\n\n\n<p>Saltillo, Coahuila de Zaragoza; a 14 de Enero de 2023.- Durante los cinco a\u00f1os del Gobierno que encabeza Miguel \u00c1ngel Riquelme Sol\u00eds, en Coahuila se ha impulsado el acceso a la educaci\u00f3n de las mujeres: Tan s\u00f3lo en 2022 en el estado se graduaron de preparatoria 4,600 estudiantes dentro del programa de Educaci\u00f3n para Mujeres.<\/p>\n\n\n\n<p>En ese sentido, el Mandatario estatal destac\u00f3 que 35 usuarias del Centro de Justicia y Empoderamiento para las Mujeres (CJEM) de Frontera obtuvieron su certificado de educaci\u00f3n media superior, al culminar sus estudios dentro de esta estrategia.<\/p>\n\n\n\n<p>La ceremonia de graduaci\u00f3n tuvo lugar en el Auditorio del Centro Universitario Coahuilense, en Monclova.<\/p>\n\n\n\n<p>El programa de Educaci\u00f3n para Mujeres es coordinado por el Instituto Coahuilense de las Mujeres, la Secretar\u00eda de Educaci\u00f3n y la Secretar\u00eda de Inclusi\u00f3n y Desarrollo Social, a trav\u00e9s del programa \u201cMejora Coahuila\u201d.<\/p>\n\n\n\n<p>\u201cEn mi Gobierno, nos llena de orgullo contar con mujeres que con grandes esfuerzos han cursado satisfactoriamente las asignaturas que acreditan su formaci\u00f3n acad\u00e9mica media superior\u201d, se\u00f1al\u00f3.<\/p>\n\n\n\n<p>Miguel Riquelme destac\u00f3 que muchas de estas mujeres graduadas lo lograron ejerciendo un triple rol de vida, al desempe\u00f1arse como madres de familia, como mujeres trabajadoras y estudiantes de preparatoria.<\/p>\n\n\n\n<p>Las exhort\u00f3 a que, con la misma convicci\u00f3n, contin\u00faen con su formaci\u00f3n profesional y sigan cosechando mayores triunfos acad\u00e9micos y de superaci\u00f3n personal.<\/p>\n\n\n\n<p>\u201cPor ello, en mi Gobierno trabajamos para generar una mejor distribuci\u00f3n de las tareas y roles de las mujeres en la vida en el hogar, que les permita continuar con sus estudios e incorporarse a los centros laborales\u201d, indic\u00f3.<\/p>\n\n\n\n<p>El Gobernador coahuilense mencion\u00f3 que con el programa de Preparatoria Gratuita para las Mujeres, que se lleva a cabo en horarios flexibles, la entidad pasa de las palabras a los hechos, y agreg\u00f3 que dicha estrategia est\u00e1 llegando al sector rural y cambiando la vida de muchas mujeres de las comunidades.<\/p>\n\n\n\n<p>Dijo, adem\u00e1s, que 26 municipios se han integrado a esta estrategia para otorgar becas del 100 por ciento, a fin de que las mujeres no tengan que pagar un solo peso, y que su Administraci\u00f3n continuar\u00e1 promoviendo esta acci\u00f3n en los restantes ayuntamientos.<\/p>\n\n\n\n<p>\u201cNuestra meta es llegar a las mujeres que no han tenido oportunidades de estudio, desde el sector urbano hasta el \u00e1rea rural y poblaciones ind\u00edgenas, como la comunidad de los Negros Mascogos, de M\u00fazquiz, y el grupo Mazahua, que habita en la Regi\u00f3n Laguna.<\/p>\n\n\n\n<p>Riquelme Sol\u00eds puntualiz\u00f3 que las pol\u00edticas p\u00fablicas a favor de la igualdad sustantiva en todos los \u00e1mbitos de la vida social, econ\u00f3mica y cultural, se reflejan en estad\u00edsticas muy alentadoras: \u201cLas cifras reflejan que nuestro Gobierno est\u00e1 cumpliendo\u201d.<\/p>\n","protected":false},"excerpt":{"rendered":"<p>\u00b7\u00a0\u00a0\u00a0\u00a0\u00a0\u00a0\u00a0El Gobierno de Miguel Riquelme impulsa el acceso a la educaci\u00f3n de las mujeres. Saltillo, Coahuila de Zaragoza; a 14 de Enero de 2023.- Durante los cinco a\u00f1os del Gobierno que encabeza Miguel \u00c1ngel Riquelme Sol\u00eds, en Coahuila se ha impulsado el acceso a la educaci\u00f3n de las mujeres: Tan s\u00f3lo en 2022 en el estado se graduaron de preparatoria 4,600 estudiantes dentro del programa de Educaci\u00f3n para Mujeres. En&#8230;<\/p>\n","protected":false},"author":1,"featured_media":13141,"comment_status":"closed","ping_status":"closed","sticky":false,"template":"","format":"standard","meta":{"footnotes":""},"categories":[5,9,48,15],"tags":[],"class_list":["post-13140","post","type-post","status-publish","format-standard","has-post-thumbnail","hentry","category-coahuila","category-educacion","category-genero","category-gobierno-de-coahuila","wpcat-5-id","wpcat-9-id","wpcat-48-id","wpcat-15-id"],"_links":{"self":[{"href":"https:\/\/www.aquilaguna.com\/index.php\/wp-json\/wp\/v2\/posts\/13140","targetHints":{"allow":["GET"]}}],"collection":[{"href":"https:\/\/www.aquilaguna.com\/index.php\/wp-json\/wp\/v2\/posts"}],"about":[{"href":"https:\/\/www.aquilaguna.com\/index.php\/wp-json\/wp\/v2\/types\/post"}],"author":[{"embeddable":true,"href":"https:\/\/www.aquilaguna.com\/index.php\/wp-json\/wp\/v2\/users\/1"}],"replies":[{"embeddable":true,"href":"https:\/\/www.aquilaguna.com\/index.php\/wp-json\/wp\/v2\/comments?post=13140"}],"version-history":[{"count":1,"href":"https:\/\/www.aquilaguna.com\/index.php\/wp-json\/wp\/v2\/posts\/13140\/revisions"}],"predecessor-version":[{"id":13142,"href":"https:\/\/www.aquilaguna.com\/index.php\/wp-json\/wp\/v2\/posts\/13140\/revisions\/13142"}],"wp:featuredmedia":[{"embeddable":true,"href":"https:\/\/www.aquilaguna.com\/index.php\/wp-json\/wp\/v2\/media\/13141"}],"wp:attachment":[{"href":"https:\/\/www.aquilaguna.com\/index.php\/wp-json\/wp\/v2\/media?parent=13140"}],"wp:term":[{"taxonomy":"category","embeddable":true,"href":"https:\/\/www.aquilaguna.com\/index.php\/wp-json\/wp\/v2\/categories?post=13140"},{"taxonomy":"post_tag","embeddable":true,"href":"https:\/\/www.aquilaguna.com\/index.php\/wp-json\/wp\/v2\/tags?post=13140"}],"curies":[{"name":"wp","href":"https:\/\/api.w.org\/{rel}","templated":true}]}}