{"id":13226,"date":"2023-01-19T18:19:18","date_gmt":"2023-01-20T00:19:18","guid":{"rendered":"https:\/\/www.aquilaguna.com\/?p=13226"},"modified":"2023-01-19T18:19:19","modified_gmt":"2023-01-20T00:19:19","slug":"la-seguridad-es-factor-imprescindible-para-el-desarrollo-mars","status":"publish","type":"post","link":"https:\/\/www.aquilaguna.com\/index.php\/2023\/01\/19\/la-seguridad-es-factor-imprescindible-para-el-desarrollo-mars\/","title":{"rendered":"LA SEGURIDAD ES FACTOR IMPRESCINDIBLE PARA EL DESARROLLO: MARS."},"content":{"rendered":"\n<p>\u00b7\u00a0\u00a0\u00a0\u00a0\u00a0\u00a0<strong><em>\u00a0Encabeza gobernador Miguel Riquelme la entrega del Galard\u00f3n \u201cManuel Corpus Beltr\u00e1n\u201d, en Vida y Post-mortem, a la Polic\u00eda Preventiva de Saltillo.<\/em><\/strong><\/p>\n\n\n\n<p>\u00b7&nbsp;&nbsp;&nbsp;&nbsp;&nbsp;&nbsp;<strong><em>&nbsp;Equilibrio y estabilidad son gracias al trabajo de las 38 corporaciones municipales y coordinaci\u00f3n con el Ej\u00e9rcito y la Guardia Nacional.<\/em><\/strong><\/p>\n\n\n\n<p>Saltillo, Coahuila de Zaragoza; a 19 de Enero de 2023.- Al cerrar las actividades del D\u00eda del Polic\u00eda Saltillense, con la entrega del Galard\u00f3n \u201cManuel Corpus Beltr\u00e1n\u201d, en Vida y Post-mortem, de la Polic\u00eda Preventiva de esta localidad, el gobernador Miguel \u00c1ngel Riquelme Sol\u00eds destac\u00f3 la relevancia del trabajo de las fuerzas de seguridad que permiten consolidar el desarrollo de Coahuila.<\/p>\n\n\n\n<p>En ese sentido, resalt\u00f3 que la labor de las y los elementos de las Polic\u00edas, en este caso de la Preventiva saltillense, permite mantener la seguridad, tranquilidad y paz en el territorio coahuilense, por lo que reiter\u00f3 su permanente apoyo y respaldo a todas las corporaciones del Estado.<\/p>\n\n\n\n<p>Al mismo tiempo, destac\u00f3 que la coordinaci\u00f3n y el trabajo en equipo permiten alcanzar relevantes indicadores en este rengl\u00f3n: \u201cQue no se mueven solos, y hoy Coahuila tiene los m\u00e1s altos del Pa\u00eds\u201d.<\/p>\n\n\n\n<p>El Mandatario estatal, junto al Alcalde de Saltillo, Jos\u00e9 Mar\u00eda Fraustro Siller, cerr\u00f3 las actividades que a lo largo de la semana desarroll\u00f3 el Ayuntamiento local como parte del Polic\u00eda Saltillense, instaurado por la actual Administraci\u00f3n Municipal.<\/p>\n\n\n\n<p>Recibieron la distinci\u00f3n, en las categor\u00edas de Proximidad Social y Vinculaci\u00f3n Ciudadana, la oficial Martha Gabriela Ortega Molina; por Perseverancia y Trayectoria, el oficial Constancio Gonz\u00e1lez Balderas; y por Servicios Distinguidos, la oficial Sandra Margarita Morales Zapata. En tanto, el Galard\u00f3n Post-Mortem se entreg\u00f3 a la se\u00f1ora Anel S\u00e1nchez, viuda del oficial Bryan Francisco Tovar Ocampo, ca\u00eddo en el cumplimiento de deber.<\/p>\n\n\n\n<p>En su intervenci\u00f3n, el gobernador Miguel Riquelme destac\u00f3 que el Galard\u00f3n \u201cManuel Corpus Beltr\u00e1n\u201d es un reconocimiento que entrega la sociedad, a trav\u00e9s de sus autoridades, a las y los elementos de la Polic\u00eda Preventiva distinguidos por su dedicaci\u00f3n, entrega y responsabilidad.<\/p>\n\n\n\n<p>Reconoci\u00f3 los esfuerzos del Ayuntamiento para dotar de mejores salarios, prestaciones y equipamiento a los diferentes agrupamientos de la corporaci\u00f3n, que se establecen como parte de las pol\u00edticas de la Administraci\u00f3n Estatal hacia los 38 municipios de Coahuila.<\/p>\n\n\n\n<p>\u201cEn Coahuila se trabaja en coordinaci\u00f3n y en orden diariamente en favor de la seguridad en todo el estado\u201d, refiri\u00f3, y transmiti\u00f3 su reconocimiento a las y los que recibieron el reconocimiento.<\/p>\n\n\n\n<p>Extern\u00f3 su agradecimiento por su compromiso y profesionalismo, adem\u00e1s de por su trabajo coordinado con las corporaciones de los distintos \u00f3rdenes de Gobierno.<\/p>\n\n\n\n<p>\u201cUstedes tienen una gran misi\u00f3n, que es la de salvaguardar la integridad y el patrimonio de las familias coahuilense\u201d, apunt\u00f3.<\/p>\n\n\n\n<p>Riquelme Sol\u00eds destac\u00f3 las acciones efectivas de seguridad en impactos positivos para la sociedad: \u201cQuiero que sepan que si mi Gobierno ha tenido equilibrio y estabilidad, es gracias a las Polic\u00edas municipales y estatales, as\u00ed como a la coordinaci\u00f3n con el Ej\u00e9rcito Mexicano y la Guardia Nacional\u201d, mencion\u00f3.<\/p>\n\n\n\n<p>Dijo que las m\u00e1s numerosas &#8211;de Torre\u00f3n y de Saltillo&#8211; hoy responden a polic\u00edas profesionales, especializadas en cada delito y con gran efectividad, y es cuando se puede hablar de generaci\u00f3n de empleo, desarrollo econ\u00f3mico y bienestar para las familias.<\/p>\n\n\n\n<p>Miguel Riquelme enfatiz\u00f3 que sin seguridad, no se puede hablar de esto, y se pronunci\u00f3 porque en el Pa\u00eds se adopten mecanismos que fortalezcan la seguridad: \u201cHe visto en televisi\u00f3n a varios colegas gobernadores entregando algo en una colonia\u2026 y al otro lado tienen balaceras. No los veo claros en las estrategias y en los procedimientos que hacen\u201d, y se pronunci\u00f3 porque cada Estado de la Rep\u00fablica mejore las condiciones de seguridad, porque es el Pa\u00eds en todo su contexto.<\/p>\n\n\n\n<p>Asimismo, el Mandatario estatal reiter\u00f3 que en Coahuila los impactos positivos que deja la seguridad inciden en la llegada permanente de nuevas empresas e inversiones.<\/p>\n\n\n\n<p>En ese sentido, destac\u00f3 que este mi\u00e9rcoles anunci\u00f3 la expansi\u00f3n de una empresa en Ramos Arizpe y que en el transcurso del mes se informar\u00e1 de cuatro que generar\u00e1n m\u00e1s de 4 mil nuevos empleos.<\/p>\n\n\n\n<p>\u201cAs\u00ed iniciamos el a\u00f1o, y esto tambi\u00e9n se traduce en la nueva vocaci\u00f3n, nuevas experiencias, oportunidades que tendr\u00e1 Coahuila.<\/p>\n\n\n\n<p>\u201cIniciamos este a\u00f1o con el armado de autos el\u00e9ctricos y en el 2024 llega esta misma labor, de otra f\u00e1brica, con su cadena de productos que en este momento buscan, a lo largo y ancho del estado, \u00e1reas de oportunidad para su instalaci\u00f3n\u201d, se\u00f1al\u00f3.<\/p>\n\n\n\n<p>Lo anterior, mencion\u00f3, representa el resultado de la cadena virtuosa que se deriva de la seguridad, que es el principal de los temas que demandan las empresas interesadas en instalarse en un sitio determinado.<\/p>\n\n\n\n<p>\u201cDe ah\u00ed se deriva la certeza jur\u00eddica, patrimonial, el Estado de Derecho, el v\u00ednculo con los Poderes Legislativo y Judicial. Ustedes son el factor imprescindible para la tranquilidad y la paz social, el desarrollo econ\u00f3mico y productivo de una sociedad, un estado como Coahuila\u201d, resalt\u00f3.<\/p>\n\n\n\n<p>De la misma manera, Miguel Riquelme reiter\u00f3 su compromiso de trabajar hasta el \u00faltimo d\u00eda de su Administraci\u00f3n en favor de la seguridad, as\u00ed como su permanente respaldo a la distintas corporaciones que dependen del Ejecutivo del Estado y de los 38 Ayuntamientos, para mejorar el entorno de paz, tranquilidad y estabilidad social que se vive en Coahuila.<\/p>\n\n\n\n<p>Por su parte, el Alcalde de Saltillo, Jos\u00e9 Mar\u00eda Fraustro Siller, reiter\u00f3 que la Administraci\u00f3n Municipal mantendr\u00e1 su coordinaci\u00f3n permanente con las diferentes corporaciones, el Ej\u00e9rcito Mexicano y la Guardia Nacional, para mantener a la Capital de Coahuila como la ciudad m\u00e1s segura de M\u00e9xico, de acuerdo al INEGI.<\/p>\n\n\n\n<p>Detall\u00f3 que en marzo entrar\u00e1 un nuevo aumento salarial a las y los elementos de la Polic\u00eda Municipal, as\u00ed como equipamiento.<\/p>\n\n\n\n<p>Mientras que el Comisionado de Seguridad P\u00fablica y Protecci\u00f3n Ciudadana, Federico Fern\u00e1ndez Monta\u00f1ez, reiter\u00f3 la determinaci\u00f3n de este cuerpo de seguridad para conservar la paz y la tranquilidad en esta localidad.<\/p>\n\n\n\n<p>Al evento asistieron el diputado federal Jaime Bueno Zertuche; el legislador local \u00c1lvaro Moreira Valdez; el Coronel Faustino Espinoza, a nombre de la Comandancia de la VI Zona militar; integrantes del Cabildo y representantes del sector privado, as\u00ed como familiares de las y los galardonados.<\/p>\n","protected":false},"excerpt":{"rendered":"<p>\u00b7\u00a0\u00a0\u00a0\u00a0\u00a0\u00a0\u00a0Encabeza gobernador Miguel Riquelme la entrega del Galard\u00f3n \u201cManuel Corpus Beltr\u00e1n\u201d, en Vida y Post-mortem, a la Polic\u00eda Preventiva de Saltillo. \u00b7&nbsp;&nbsp;&nbsp;&nbsp;&nbsp;&nbsp;&nbsp;Equilibrio y estabilidad son gracias al trabajo de las 38 corporaciones municipales y coordinaci\u00f3n con el Ej\u00e9rcito y la Guardia Nacional. Saltillo, Coahuila de Zaragoza; a 19 de Enero de 2023.- Al cerrar las actividades del D\u00eda del Polic\u00eda Saltillense, con la entrega del Galard\u00f3n \u201cManuel Corpus Beltr\u00e1n\u201d, en&#8230;<\/p>\n","protected":false},"author":1,"featured_media":13227,"comment_status":"closed","ping_status":"closed","sticky":false,"template":"","format":"standard","meta":{"footnotes":""},"categories":[5,15,24],"tags":[],"class_list":["post-13226","post","type-post","status-publish","format-standard","has-post-thumbnail","hentry","category-coahuila","category-gobierno-de-coahuila","category-seguridad","wpcat-5-id","wpcat-15-id","wpcat-24-id"],"_links":{"self":[{"href":"https:\/\/www.aquilaguna.com\/index.php\/wp-json\/wp\/v2\/posts\/13226","targetHints":{"allow":["GET"]}}],"collection":[{"href":"https:\/\/www.aquilaguna.com\/index.php\/wp-json\/wp\/v2\/posts"}],"about":[{"href":"https:\/\/www.aquilaguna.com\/index.php\/wp-json\/wp\/v2\/types\/post"}],"author":[{"embeddable":true,"href":"https:\/\/www.aquilaguna.com\/index.php\/wp-json\/wp\/v2\/users\/1"}],"replies":[{"embeddable":true,"href":"https:\/\/www.aquilaguna.com\/index.php\/wp-json\/wp\/v2\/comments?post=13226"}],"version-history":[{"count":1,"href":"https:\/\/www.aquilaguna.com\/index.php\/wp-json\/wp\/v2\/posts\/13226\/revisions"}],"predecessor-version":[{"id":13228,"href":"https:\/\/www.aquilaguna.com\/index.php\/wp-json\/wp\/v2\/posts\/13226\/revisions\/13228"}],"wp:featuredmedia":[{"embeddable":true,"href":"https:\/\/www.aquilaguna.com\/index.php\/wp-json\/wp\/v2\/media\/13227"}],"wp:attachment":[{"href":"https:\/\/www.aquilaguna.com\/index.php\/wp-json\/wp\/v2\/media?parent=13226"}],"wp:term":[{"taxonomy":"category","embeddable":true,"href":"https:\/\/www.aquilaguna.com\/index.php\/wp-json\/wp\/v2\/categories?post=13226"},{"taxonomy":"post_tag","embeddable":true,"href":"https:\/\/www.aquilaguna.com\/index.php\/wp-json\/wp\/v2\/tags?post=13226"}],"curies":[{"name":"wp","href":"https:\/\/api.w.org\/{rel}","templated":true}]}}