{"id":13268,"date":"2023-01-23T17:27:53","date_gmt":"2023-01-23T23:27:53","guid":{"rendered":"https:\/\/www.aquilaguna.com\/?p=13268"},"modified":"2023-01-23T17:27:53","modified_gmt":"2023-01-23T23:27:53","slug":"inauguran-en-la-facultad-de-medicina-us-de-la-uadec-aula-de-usos-multiples","status":"publish","type":"post","link":"https:\/\/www.aquilaguna.com\/index.php\/2023\/01\/23\/inauguran-en-la-facultad-de-medicina-us-de-la-uadec-aula-de-usos-multiples\/","title":{"rendered":"Inauguran en la Facultad de Medicina US de la UAdeC Aula de Usos M\u00faltiples."},"content":{"rendered":"\n<p>SALTILLO, Coahuila. 23 de enero de 2023. En la Facultad de Medicina Unidad<br>Saltillo de la Universidad Aut\u00f3noma de Coahuila, se inaugur\u00f3, este lunes, su Aula<br>de Usos M\u00faltiples, con la cual crece la infraestructura del plantel para el beneficio<br>de las y los universitarios.<\/p>\n\n\n\n<p>A la ceremonia asisti\u00f3 el rector de la m\u00e1xima casa de estudios, Salvador<br>Hern\u00e1ndez V\u00e9lez, el director de la Facultad de Medicina US, Jes\u00fas \u00c1ngel Padilla<br>G\u00e1mez, la secretaria administrativa, Alma Liliana Almaguer, el secretario<br>acad\u00e9mico, Mario Valdez, docentes, alumnos y colaboradores administrativos y<br>manuales.<\/p>\n\n\n\n<p>La coordinadora de Administraci\u00f3n Patrimonial y de Servicios, Paulette Sece\u00f1as<br>V\u00e1zquez, explic\u00f3 que una de las problem\u00e1ticas que ha existido en esta Facultad<br>de Medicina es la falta de aulas y que el Proyecto de Diagnostico de<br>Infraestructura Educativa permiti\u00f3 detectar que el n\u00famero de aulas para su<br>matr\u00edcula, debe ser de 24 aulas y solo cuentan con 21.<\/p>\n\n\n\n<p>Por lo anterior, dijo que ante esa necesidad se construy\u00f3 en el 2022 la Adecuaci\u00f3n<br>y Construcci\u00f3n de una Aula con el rubro de mantenimiento del Fondo de<br>Aportaciones M\u00faltiples, que represent\u00f3 una inversi\u00f3n de 2 millones 178 mil pesos,<br>en una superficie de143 metros cuadrados, para una capacidad de hasta 90<br>alumnos; esta construcci\u00f3n cuenta con cableado para voz, datos y video, equipos<br>minisplits, aplanados interiores y exteriores, canceler\u00eda de aluminio y piso<br>cer\u00e1mico.<\/p>\n\n\n\n<p>As\u00ed mismo comparti\u00f3 que se construy\u00f3 un pasillo posterior para acceso directo con<br>el \u00e1rea de Posgrado, el cual tambi\u00e9n fue construido por la coordinaci\u00f3n en el<br>ejercicio 2019, donde se agregaron dos aulas, un m\u00f3dulo de servicios sanitarios,<br>cuatro cub\u00edculos para docentes y dos espacios multifuncionales.<\/p>\n\n\n\n<p>En su mensaje, el rector Salvador Hern\u00e1ndez V\u00e9lez dijo que se tiene un problema<br>estructural en el pa\u00eds, ya que de cada 10 estudiantes que egresan de preparatoria,<br>solo el 3.8 llegan a la Universidad, esto a comparaci\u00f3n con el pa\u00eds de Chile, en<br>donde de cada 10 alumnos, 7 si llegan a educaci\u00f3n superior, por lo que es<br>necesario que la Universidad crezca en su matr\u00edcula en todas las carreras y as\u00ed<br>conseguir que en M\u00e9xico de cada 10 sean 5 los que alcancen el nivel profesional.<\/p>\n\n\n\n<p>Destac\u00f3 que la Universidad recibe recursos de los impuestos de las y los<br>ciudadanos y es por ello que se tiene el compromiso de formar a estudiantes de<br>diez, por lo que se continuar\u00e1n haciendo esfuerzos para crecer infraestructura en<br>donde se requiera.<\/p>\n\n\n\n<p>Por su parte, el director de la Facultad de Medicina US, Jes\u00fas \u00c1ngel Padilla<br>G\u00e1mez coment\u00f3 que el plantel sabe por la dif\u00edcil situaci\u00f3n que pasan las<br>universidades del pa\u00eds, esto ante las limitaciones de recursos y que se deben de<br>optimizar para lograr el prop\u00f3sito de que los alumnos cumplan sus sue\u00f1os, ante<br>esto agradeci\u00f3 al Rector por el apoyo siempre brindado e hizo \u00e9nfasis en que los<br>alumnos sacar\u00e1n provecho a esta nueva obra.<\/p>\n","protected":false},"excerpt":{"rendered":"<p>SALTILLO, Coahuila. 23 de enero de 2023. En la Facultad de Medicina UnidadSaltillo de la Universidad Aut\u00f3noma de Coahuila, se inaugur\u00f3, este lunes, su Aulade Usos M\u00faltiples, con la cual crece la infraestructura del plantel para el beneficiode las y los universitarios. A la ceremonia asisti\u00f3 el rector de la m\u00e1xima casa de estudios, SalvadorHern\u00e1ndez V\u00e9lez, el director de la Facultad de Medicina US, Jes\u00fas \u00c1ngel PadillaG\u00e1mez, la secretaria administrativa,&#8230;<\/p>\n","protected":false},"author":1,"featured_media":13269,"comment_status":"closed","ping_status":"closed","sticky":false,"template":"","format":"standard","meta":{"footnotes":""},"categories":[2],"tags":[],"class_list":["post-13268","post","type-post","status-publish","format-standard","has-post-thumbnail","hentry","category-uadec","wpcat-2-id"],"_links":{"self":[{"href":"https:\/\/www.aquilaguna.com\/index.php\/wp-json\/wp\/v2\/posts\/13268","targetHints":{"allow":["GET"]}}],"collection":[{"href":"https:\/\/www.aquilaguna.com\/index.php\/wp-json\/wp\/v2\/posts"}],"about":[{"href":"https:\/\/www.aquilaguna.com\/index.php\/wp-json\/wp\/v2\/types\/post"}],"author":[{"embeddable":true,"href":"https:\/\/www.aquilaguna.com\/index.php\/wp-json\/wp\/v2\/users\/1"}],"replies":[{"embeddable":true,"href":"https:\/\/www.aquilaguna.com\/index.php\/wp-json\/wp\/v2\/comments?post=13268"}],"version-history":[{"count":1,"href":"https:\/\/www.aquilaguna.com\/index.php\/wp-json\/wp\/v2\/posts\/13268\/revisions"}],"predecessor-version":[{"id":13270,"href":"https:\/\/www.aquilaguna.com\/index.php\/wp-json\/wp\/v2\/posts\/13268\/revisions\/13270"}],"wp:featuredmedia":[{"embeddable":true,"href":"https:\/\/www.aquilaguna.com\/index.php\/wp-json\/wp\/v2\/media\/13269"}],"wp:attachment":[{"href":"https:\/\/www.aquilaguna.com\/index.php\/wp-json\/wp\/v2\/media?parent=13268"}],"wp:term":[{"taxonomy":"category","embeddable":true,"href":"https:\/\/www.aquilaguna.com\/index.php\/wp-json\/wp\/v2\/categories?post=13268"},{"taxonomy":"post_tag","embeddable":true,"href":"https:\/\/www.aquilaguna.com\/index.php\/wp-json\/wp\/v2\/tags?post=13268"}],"curies":[{"name":"wp","href":"https:\/\/api.w.org\/{rel}","templated":true}]}}