{"id":1327,"date":"2021-03-30T18:06:18","date_gmt":"2021-03-31T00:06:18","guid":{"rendered":"https:\/\/www.aquilaguna.com\/?p=1327"},"modified":"2021-03-30T18:06:19","modified_gmt":"2021-03-31T00:06:19","slug":"abierta-en-coahuila-la-convocatoria-para-concurso-estatal-de-fotografia-del-agua-2021","status":"publish","type":"post","link":"https:\/\/www.aquilaguna.com\/index.php\/2021\/03\/30\/abierta-en-coahuila-la-convocatoria-para-concurso-estatal-de-fotografia-del-agua-2021\/","title":{"rendered":"ABIERTA EN COAHUILA LA CONVOCATORIA PARA CONCURSO ESTATAL DE FOTOGRAF\u00cdA DEL AGUA 2021."},"content":{"rendered":"\n<p>\u00b7\u00a0\u00a0\u00a0\u00a0\u00a0\u00a0\u00a0\u00a0\u00a0<strong><em>Segundo Concurso de Fotograf\u00eda \u2018El Valor del Agua\u2019<\/em><\/strong><\/p>\n\n\n\n<p>Saltillo, Coahuila de Zaragoza; a 30 de Marzo de 2021.- Como parte de los trabajos de promoci\u00f3n de la Cultura del Agua, el Gobierno del Estado, a trav\u00e9s de la Secretar\u00eda de Vivienda y Ordenamiento Territorial (SEVOT) y de la Comisi\u00f3n Estatal de Aguas y Saneamiento, invita a participar en el segundo Concurso Estatal de Fotograf\u00eda \u201cEl Valor del Agua\u201d.<\/p>\n\n\n\n<p>\u201cCon este concurso pretendemos involucrar tanto a ni\u00f1as, ni\u00f1os, adolescentes y adultos a participar con una o varias fotograf\u00edas que demuestren el significado que tiene el agua. Es una forma de invocar el respeto y cuidado permanente de este vital l\u00edquido\u201d, coment\u00f3 Enrique Mart\u00ednez y Morales, titular de la SEVOT.<\/p>\n\n\n\n<p>BASES \u2018FOTO AGUA 2021\u2019:<\/p>\n\n\n\n<p>1. PARTICIPACI\u00d3N<\/p>\n\n\n\n<p>Podr\u00e1n concursar todas y todos los residentes de la entidad, en las siguientes categor\u00edas:<\/p>\n\n\n\n<p>&#8211;&nbsp;&nbsp;&nbsp;&nbsp;&nbsp;&nbsp;&nbsp;&nbsp;&nbsp;&nbsp; Infantil (de 5 a 14 a\u00f1os).<\/p>\n\n\n\n<p>&#8211;&nbsp;&nbsp;&nbsp;&nbsp;&nbsp;&nbsp;&nbsp;&nbsp;&nbsp;&nbsp; Amateur.<\/p>\n\n\n\n<p>&#8211;&nbsp;&nbsp;&nbsp;&nbsp;&nbsp;&nbsp;&nbsp;&nbsp;&nbsp;&nbsp; Profesional.<\/p>\n\n\n\n<p>Los participantes podr\u00e1n concursar a trav\u00e9s de un ensayo fotogr\u00e1fico (de 1 a 3 fotograf\u00edas) o de fotograf\u00eda \u00fanica y acreditar su residencia en la entidad.<\/p>\n\n\n\n<p>&#8211;&nbsp;&nbsp;&nbsp;&nbsp;&nbsp;&nbsp;&nbsp;&nbsp;&nbsp;&nbsp; Debido a la contingencia del Covid-19 podr\u00e1n participar fotograf\u00edas tomadas antes del periodo de con\ufb01namiento.<\/p>\n\n\n\n<p>&#8211;&nbsp;&nbsp;&nbsp;&nbsp;&nbsp;&nbsp;&nbsp;&nbsp;&nbsp;&nbsp; Las fotos deber\u00e1n ser representativas y haber sido tomadas en el Estado de Coahuila.<\/p>\n\n\n\n<p>&#8211;&nbsp;&nbsp;&nbsp;&nbsp;&nbsp;&nbsp;&nbsp;&nbsp;&nbsp;&nbsp; Los participantes s\u00f3lo podr\u00e1n concursar con fotograf\u00edas de su autor\u00eda, que sean in\u00e9ditas y no hayan sido exhibidas, publicadas, premiadas ni que se encuentren en proceso de dictamen en otro concurso.<\/p>\n\n\n\n<p>&#8211;&nbsp;&nbsp;&nbsp;&nbsp;&nbsp;&nbsp;&nbsp;&nbsp;&nbsp;&nbsp; No podr\u00e1n participar en la presente convocatoria trabajadores de las instituciones convocantes.<\/p>\n\n\n\n<p>2.&nbsp;&nbsp;&nbsp;&nbsp;&nbsp;&nbsp;&nbsp;&nbsp; RECEPCI\u00d3N DE TRABAJOS<\/p>\n\n\n\n<p>&#8211;&nbsp;&nbsp;&nbsp;&nbsp;&nbsp;&nbsp;&nbsp;&nbsp;&nbsp;&nbsp; Los participantes podr\u00e1n enviar sus im\u00e1genes mediante el formulario de Google publicado en la red de Facebook de la Secretar\u00eda de Vivienda y Ordenamiento Territorial, a partir del 18&nbsp; de marzo y hasta el 31 de marzo de 2021 a las 23:59 horas.<\/p>\n\n\n\n<p>&#8211;&nbsp;&nbsp;&nbsp;&nbsp;&nbsp;&nbsp;&nbsp;&nbsp;&nbsp;&nbsp; Los participantes podr\u00e1n enviar sus im\u00e1genes mediante el formulario de Google publicado en la red de Facebook de la Secretar\u00eda de Vivienda y Ordenamiento Territorial.<\/p>\n\n\n\n<p>&#8211;&nbsp;&nbsp;&nbsp;&nbsp;&nbsp;&nbsp;&nbsp;&nbsp;&nbsp;&nbsp; Cada archivo fotogr\u00e1fico digital deber\u00e1 ser nombrado de la siguiente manera: n\u00famero de foto,_autor,_t\u00edtulo,_a\u00f1o.jpg.&nbsp; ( 01_juan_rio sabinas_2020.jpg )<\/p>\n\n\n\n<p>&#8211;&nbsp;&nbsp;&nbsp;&nbsp;&nbsp;&nbsp;&nbsp;&nbsp;&nbsp;&nbsp; Para participar debes hacerlo a trav\u00e9s de un formulario, en el cual debes ingresar tu informaci\u00f3n y fotograf\u00edas.<\/p>\n\n\n\n<p>&#8211;&nbsp;&nbsp;&nbsp;&nbsp;&nbsp;&nbsp;&nbsp;&nbsp;&nbsp;&nbsp; Para rellenar el formulario necesitar\u00e1s una cuenta Gmail e ingresar en la siguiente liga:&nbsp;<a href=\"https:\/\/forms.gle\/XqSMGeFVHRwjsuK27\" target=\"_blank\" rel=\"noreferrer noopener\">https:\/\/forms.gle\/XqSMGeFVHRwjsuK27<\/a><\/p>\n\n\n\n<p>3.- CARACTER\u00cdSTICAS DE LAS FOTOGRAF\u00cdAS<\/p>\n\n\n\n<p>&#8211;&nbsp;&nbsp;&nbsp;&nbsp;&nbsp;&nbsp;&nbsp;&nbsp;&nbsp;&nbsp; Para efectos de la revisi\u00f3n del jurado, las fotograf\u00edas deben mandarse en extensi\u00f3n .JPG.<\/p>\n\n\n\n<p>&#8211;&nbsp;&nbsp;&nbsp;&nbsp;&nbsp;&nbsp;&nbsp;&nbsp;&nbsp;&nbsp; Su tama\u00f1o debe ser de 1800 pixeles por su lado m\u00e1s largo (como m\u00ednimo), a 72dpi o superior.<\/p>\n\n\n\n<p>&#8211;&nbsp;&nbsp;&nbsp;&nbsp;&nbsp;&nbsp;&nbsp;&nbsp;&nbsp;&nbsp; Las fotograf\u00edas tendr\u00e1n que haber sido tomadas con c\u00e1mara fotogr\u00e1fica o smart phone.<\/p>\n\n\n\n<p>&#8211;&nbsp;&nbsp;&nbsp;&nbsp;&nbsp;&nbsp;&nbsp;&nbsp;&nbsp;&nbsp; Las fotos deber\u00e1n ser representativas y haber sido tomadas en el Estado de Coahuila de Zaragoza.<\/p>\n\n\n\n<p>&#8211;&nbsp;&nbsp;&nbsp;&nbsp;&nbsp;&nbsp;&nbsp;&nbsp;&nbsp;&nbsp; En caso de resultar ganadores, se podr\u00eda solicitar los archivos originales en alta resoluci\u00f3n.<\/p>\n\n\n\n<p>4.- PREMIOS<\/p>\n\n\n\n<p>&#8211;&nbsp;&nbsp;&nbsp;&nbsp;&nbsp;&nbsp;&nbsp;&nbsp;&nbsp;&nbsp; 1 iPad al primer lugar de cada categor\u00eda.<\/p>\n\n\n\n<p>&#8211;&nbsp;&nbsp;&nbsp;&nbsp;&nbsp;&nbsp;&nbsp;&nbsp;&nbsp;&nbsp; En caso de realizarse una ceremonia de premiaci\u00f3n, se le notificar\u00e1 a los ganadores la fecha y el lugar al que podr\u00e1n acudir por sus propios medios.<\/p>\n\n\n\n<p>&#8211;&nbsp;&nbsp;&nbsp;&nbsp;&nbsp;&nbsp;&nbsp;&nbsp;&nbsp;&nbsp; Si el concursante no responde al contacto a trav\u00e9s de los medios que proporcion\u00f3 en el registro, en los 15 d\u00edas siguientes a la publicaci\u00f3n de resultados o si conociendo los requisitos para recoger su premio, no los cumpliera, se entender\u00e1 que ha renunciado al premio.<\/p>\n\n\n\n<p>5.- DERECHOS DE AUTOR<\/p>\n\n\n\n<p>&#8211;&nbsp;&nbsp;&nbsp;&nbsp;&nbsp;&nbsp;&nbsp;&nbsp;&nbsp;&nbsp; Al registrar el material, el participante acepta que cuenta con los permisos para el uso de las im\u00e1genes que est\u00e1 presentando dentro de la fotograf\u00eda y deslinda de toda responsabilidad legal a los convocantes, por cualquier reclamaci\u00f3n de terceros.<\/p>\n\n\n\n<p>&#8211;&nbsp;&nbsp;&nbsp;&nbsp;&nbsp;&nbsp;&nbsp;&nbsp;&nbsp;&nbsp; Los derechos de autor de las fotograf\u00edas le pertenecen a los participantes, quienes autorizan expresamente a la Secretar\u00eda de Vivienda y Ordenamiento Territorial, as\u00ed como al Gobierno del Estado de Coahuila, para que las utilicen en su difusi\u00f3n (incluyendo exposiciones, publicaciones, carteles, material para uso en la red), sin fines de lucro, de manera indefinida y dando el cr\u00e9dito autoral correspondiente.<\/p>\n\n\n\n<p>&#8211;&nbsp;&nbsp;&nbsp;&nbsp;&nbsp;&nbsp;&nbsp;&nbsp;&nbsp;&nbsp; La participaci\u00f3n en esta convocatoria implica la aceptaci\u00f3n por parte del participante de las cl\u00e1usulas descritas en los incisos anteriormente expuestos. La falta de alguno de los requisitos podr\u00e1 ser motivo de descalificaci\u00f3n.<\/p>\n\n\n\n<p>6.- RESULTADOS<\/p>\n\n\n\n<p>&#8211;&nbsp;&nbsp;&nbsp;&nbsp;&nbsp;&nbsp;&nbsp;&nbsp;&nbsp;&nbsp; Los resultados ser\u00e1n publicados el 7 de abril de 2021 en las redes sociales de la SEVOT.<\/p>\n\n\n\n<p>&#8211;&nbsp;&nbsp;&nbsp;&nbsp;&nbsp;&nbsp;&nbsp;&nbsp;&nbsp;&nbsp; El jurado otorgar\u00e1 hasta 6 menciones honor\u00edficas, con el objetivo de poder ser publicados en las redes sociales.<\/p>\n\n\n\n<p>&#8211;&nbsp;&nbsp;&nbsp;&nbsp;&nbsp;&nbsp;&nbsp;&nbsp;&nbsp;&nbsp; En caso de realizarse una ceremonia de premiaci\u00f3n, se le noti\ufb01car\u00e1 a los ganadores la fecha y el lugar al que podr\u00e1n acudir por sus propios medios.<\/p>\n\n\n\n<p>&#8211;&nbsp;&nbsp;&nbsp;&nbsp;&nbsp;&nbsp;&nbsp;&nbsp;&nbsp;&nbsp; Si el concursante no responde al contacto a trav\u00e9s de los medios que proporcion\u00f3 en el registro, en los 15 d\u00edas siguientes a la publicaci\u00f3n de resultados, o si conociendo los requisitos para recoger su premio no los cumpliera, se entender\u00e1 que ha renunciado al premio.<\/p>\n\n\n\n<p>&#8211;&nbsp;&nbsp;&nbsp;&nbsp;&nbsp;&nbsp;&nbsp;&nbsp;&nbsp;&nbsp; Cualquier situaci\u00f3n no prevista en estas bases quedar\u00e1 sujeta al criterio de los organizadores.<\/p>\n\n\n\n<p>&#8211;&nbsp;&nbsp;&nbsp;&nbsp;&nbsp;&nbsp;&nbsp;&nbsp;&nbsp;&nbsp; Los organizadores podr\u00e1n adoptar las decisiones que estime no oportunas para el buen desarrollo del concurso.<\/p>\n\n\n\n<p>Informes: Cualquier duda ser\u00e1 atendida a trav\u00e9s del correo:&nbsp;<a href=\"mailto:sevotcoahuila@gmail.com\" target=\"_blank\" rel=\"noreferrer noopener\">sevotcoahuila@gmail.com<\/a>&nbsp;o al 844 450 1613.<\/p>\n","protected":false},"excerpt":{"rendered":"<p>\u00b7\u00a0\u00a0\u00a0\u00a0\u00a0\u00a0\u00a0\u00a0\u00a0Segundo Concurso de Fotograf\u00eda \u2018El Valor del Agua\u2019 Saltillo, Coahuila de Zaragoza; a 30 de Marzo de 2021.- Como parte de los trabajos de promoci\u00f3n de la Cultura del Agua, el Gobierno del Estado, a trav\u00e9s de la Secretar\u00eda de Vivienda y Ordenamiento Territorial (SEVOT) y de la Comisi\u00f3n Estatal de Aguas y Saneamiento, invita a participar en el segundo Concurso Estatal de Fotograf\u00eda \u201cEl Valor del Agua\u201d. \u201cCon este&#8230;<\/p>\n","protected":false},"author":1,"featured_media":1328,"comment_status":"closed","ping_status":"closed","sticky":false,"template":"","format":"standard","meta":{"footnotes":""},"categories":[5,12,15],"tags":[],"class_list":["post-1327","post","type-post","status-publish","format-standard","has-post-thumbnail","hentry","category-coahuila","category-cultura","category-gobierno-de-coahuila","wpcat-5-id","wpcat-12-id","wpcat-15-id"],"_links":{"self":[{"href":"https:\/\/www.aquilaguna.com\/index.php\/wp-json\/wp\/v2\/posts\/1327","targetHints":{"allow":["GET"]}}],"collection":[{"href":"https:\/\/www.aquilaguna.com\/index.php\/wp-json\/wp\/v2\/posts"}],"about":[{"href":"https:\/\/www.aquilaguna.com\/index.php\/wp-json\/wp\/v2\/types\/post"}],"author":[{"embeddable":true,"href":"https:\/\/www.aquilaguna.com\/index.php\/wp-json\/wp\/v2\/users\/1"}],"replies":[{"embeddable":true,"href":"https:\/\/www.aquilaguna.com\/index.php\/wp-json\/wp\/v2\/comments?post=1327"}],"version-history":[{"count":1,"href":"https:\/\/www.aquilaguna.com\/index.php\/wp-json\/wp\/v2\/posts\/1327\/revisions"}],"predecessor-version":[{"id":1329,"href":"https:\/\/www.aquilaguna.com\/index.php\/wp-json\/wp\/v2\/posts\/1327\/revisions\/1329"}],"wp:featuredmedia":[{"embeddable":true,"href":"https:\/\/www.aquilaguna.com\/index.php\/wp-json\/wp\/v2\/media\/1328"}],"wp:attachment":[{"href":"https:\/\/www.aquilaguna.com\/index.php\/wp-json\/wp\/v2\/media?parent=1327"}],"wp:term":[{"taxonomy":"category","embeddable":true,"href":"https:\/\/www.aquilaguna.com\/index.php\/wp-json\/wp\/v2\/categories?post=1327"},{"taxonomy":"post_tag","embeddable":true,"href":"https:\/\/www.aquilaguna.com\/index.php\/wp-json\/wp\/v2\/tags?post=1327"}],"curies":[{"name":"wp","href":"https:\/\/api.w.org\/{rel}","templated":true}]}}