{"id":13283,"date":"2023-01-24T18:23:04","date_gmt":"2023-01-25T00:23:04","guid":{"rendered":"https:\/\/www.aquilaguna.com\/?p=13283"},"modified":"2023-01-24T18:23:04","modified_gmt":"2023-01-25T00:23:04","slug":"abre-uadec-inscripciones-para-sus-talleres-diplomados-y-seminarios-culturales","status":"publish","type":"post","link":"https:\/\/www.aquilaguna.com\/index.php\/2023\/01\/24\/abre-uadec-inscripciones-para-sus-talleres-diplomados-y-seminarios-culturales\/","title":{"rendered":"Abre UAdeC Inscripciones para sus Talleres, Diplomados y Seminarios Culturales."},"content":{"rendered":"\n<p>SALTILLO, Coahuila. 24 de enero de 2023. La Universidad Aut\u00f3noma de Coahuila<br>a trav\u00e9s de la Coordinaci\u00f3n General de Difusi\u00f3n y Patrimonio Cultural, invita a la<br>comunidad universitaria y al p\u00fablico en general a participar en su oferta de<br>seminarios, diplomados y talleres culturales del periodo febrero-junio 2023.<\/p>\n\n\n\n<p>Las diversas opciones de capacitaci\u00f3n est\u00e1n dirigidas a adolescentes y adultos,<br>tienen como objetivo impulsar el desarrollo de la sensibilidad, las habilidades y las<br>aptitudes de los participantes en las distintas ramas del arte; se realizar\u00e1n de<br>manera presencial en el edificio de la Coordinaci\u00f3n en la Unidad Camporredondo<br>de la UAdeC, con una excepci\u00f3n, que ser\u00e1 en el auditorio de Sala Prisma, al norte<br>de la ciudad.<\/p>\n\n\n\n<p>Las actividades inician el d\u00eda 3 de febrero con el diplomado \u201cLas artes visuales en<br>M\u00e9xico, siglo XX\u201d, en su M\u00f3dulo II \u201cEnsue\u00f1o y Realidad\u201d, a cargo del maestro Jos\u00e9<br>Luis Rodr\u00edguez Sena; en este m\u00f3dulo se abordar\u00e1 el desarrollo de las artes<br>visuales en M\u00e9xico durante el siglo XX y la duraci\u00f3n de este diplomado ser\u00e1 de<br>120 horas divididas en cuatro m\u00f3dulos de 30 horas, los d\u00edas viernes de 10:00 de la<br>ma\u00f1ana a 12:00 del mediod\u00eda, el costo es de $2000 pesos.<\/p>\n\n\n\n<p>Una siguiente propuesta el d\u00eda 4 de febrero con el Taller de Pintura y Dibujo, a<br>cargo de Juan Antonio Pe\u00f1a, en donde junto a sus participantes desarrollar\u00e1n la<br>precisi\u00f3n del dibujo a trav\u00e9s de la t\u00e9cnica y la magia de la pintura en su proceso<br>de elaboraci\u00f3n; con duraci\u00f3n de 15 sesiones (s\u00e1bados), en un horario de 10:00<br>am a 12:00 pm, costo $500 pesos.<\/p>\n\n\n\n<p>Contin\u00faan actividades el d\u00eda 7 de febrero con Seminario Mahler \u201cEl mundo en<br>diez sinfon\u00edas\u201d a cargo del maestro Joel Almaguer, este seminario est\u00e1 dedicado<br>al compositor Gustav Mahler, su obra musical y los contextos hist\u00f3ricos de las<br>mismas; tiene una duraci\u00f3n de 20 horas (10 sesiones quincenales) en un horario<br>de 7:00 pm a 9:00 pm; formato de forma h\u00edbrida desde la Sala Prisma, ubicada en<br>el Blvd Jos\u00e9 Musa de Le\u00f3n #2449, Valle Real, y v\u00eda plataforma Zoom; costo<br>$1,600 pesos.<\/p>\n\n\n\n<p>As\u00ed como el taller de Fotograf\u00eda Art\u00edstica \u201cEye on everything: ver a trav\u00e9s de<br>fotograf\u00edas\u201d, impartido por Sof\u00eda Guerra, donde compartir\u00e1 su experiencia y<br>tambi\u00e9n la magia de la creaci\u00f3n fotogr\u00e1fica y lo que conlleva este proceso; consta<br>de 20 horas divididas en 10 sesiones de dos horas, en un horario de 5:00 a 7:00<br>de la tarde, costo $2,000 pesos.<\/p>\n\n\n\n<p>Parel d\u00eda 8 de febrero las propuestas son el Taller de Modelado de Figura<br>Humana para principiantes impartido por Anabel Fuentes, en este taller se<br>abordar\u00e1n los principios b\u00e1sicos para la elaboraci\u00f3n de una escultura a trav\u00e9s de<br>la t\u00e9cnica de modelado en plastilina; tiene una duraci\u00f3n de 18 horas divididas en 6<br>sesiones de 3 horas en un horario de 4:30 pm a 7:30 pm, costo $2,000 pesos.<\/p>\n\n\n\n<p>As\u00ed como el Taller de Retrato Realista en Grafito y Carboncillo que impartir\u00e1<br>Sandra Petrarulo, en el cual los participantes aplicar\u00e1n el proceso de dibujo y la<br>correcci\u00f3n del mismo a trav\u00e9s del conocimiento en proporci\u00f3n, valores y otras<br>habilidades; tiene una duraci\u00f3n de 20 horas divididas en 10 sesiones de dos<br>horas, en un horario de 5:00 pm a 7:00 pm, costo $2,000 pesos.<\/p>\n\n\n\n<p>Para esta actividad, los participantes necesitar\u00e1n los siguientes materiales:<br>L\u00e1pices de grafito 2h, hb, 2b, l\u00e1piz de carboncillo suave y duro, Esfumino chico y<br>mediano, Exacta hoja ancha, Borrador de migaj\u00f3n, Borrador limpia tipos, Borrador<br>retr\u00e1ctil, Regla, Cinta masking tape, y Soporte de madera.<\/p>\n\n\n\n<p>Finalmente, el d\u00eda 9 de febrero, en el taller de Creaci\u00f3n Literaria<br>\u201cCosmotextoimaginantes Vol. 2\u201d, los participantes afinar\u00e1n las t\u00e9cnicas<br>testificativas, narrativas y discursivas, as\u00ed como la creaci\u00f3n de una novela corta;<br>ser\u00e1 impartido por Marlene Curiel Ferman y tiene una duraci\u00f3n de 20 horas<br>divididas en 10 sesiones de dos horas, en un horario de 5:00 pm a 7:00 pm, costo<br>$1,600 pesos.<\/p>\n\n\n\n<p>Para m\u00e1s informaci\u00f3n puedes comunicarte al tel\u00e9fono (844) 410 23 70 Ext.121 o<br>escribir al correo electr\u00f3nico: sagrariomedina@uadec.edu.mx, o acudir<br>directamente a la Coordinaci\u00f3n General de Difusi\u00f3n y Patrimonio Cultural ubicada<br>en el Edificio F de la Unidad Camporredondo, Saltillo, Coahuila.<\/p>\n","protected":false},"excerpt":{"rendered":"<p>SALTILLO, Coahuila. 24 de enero de 2023. La Universidad Aut\u00f3noma de Coahuilaa trav\u00e9s de la Coordinaci\u00f3n General de Difusi\u00f3n y Patrimonio Cultural, invita a lacomunidad universitaria y al p\u00fablico en general a participar en su oferta deseminarios, diplomados y talleres culturales del periodo febrero-junio 2023. Las diversas opciones de capacitaci\u00f3n est\u00e1n dirigidas a adolescentes y adultos,tienen como objetivo impulsar el desarrollo de la sensibilidad, las habilidades y lasaptitudes de los&#8230;<\/p>\n","protected":false},"author":1,"featured_media":13284,"comment_status":"closed","ping_status":"closed","sticky":false,"template":"","format":"standard","meta":{"footnotes":""},"categories":[12,2],"tags":[],"class_list":["post-13283","post","type-post","status-publish","format-standard","has-post-thumbnail","hentry","category-cultura","category-uadec","wpcat-12-id","wpcat-2-id"],"_links":{"self":[{"href":"https:\/\/www.aquilaguna.com\/index.php\/wp-json\/wp\/v2\/posts\/13283","targetHints":{"allow":["GET"]}}],"collection":[{"href":"https:\/\/www.aquilaguna.com\/index.php\/wp-json\/wp\/v2\/posts"}],"about":[{"href":"https:\/\/www.aquilaguna.com\/index.php\/wp-json\/wp\/v2\/types\/post"}],"author":[{"embeddable":true,"href":"https:\/\/www.aquilaguna.com\/index.php\/wp-json\/wp\/v2\/users\/1"}],"replies":[{"embeddable":true,"href":"https:\/\/www.aquilaguna.com\/index.php\/wp-json\/wp\/v2\/comments?post=13283"}],"version-history":[{"count":1,"href":"https:\/\/www.aquilaguna.com\/index.php\/wp-json\/wp\/v2\/posts\/13283\/revisions"}],"predecessor-version":[{"id":13285,"href":"https:\/\/www.aquilaguna.com\/index.php\/wp-json\/wp\/v2\/posts\/13283\/revisions\/13285"}],"wp:featuredmedia":[{"embeddable":true,"href":"https:\/\/www.aquilaguna.com\/index.php\/wp-json\/wp\/v2\/media\/13284"}],"wp:attachment":[{"href":"https:\/\/www.aquilaguna.com\/index.php\/wp-json\/wp\/v2\/media?parent=13283"}],"wp:term":[{"taxonomy":"category","embeddable":true,"href":"https:\/\/www.aquilaguna.com\/index.php\/wp-json\/wp\/v2\/categories?post=13283"},{"taxonomy":"post_tag","embeddable":true,"href":"https:\/\/www.aquilaguna.com\/index.php\/wp-json\/wp\/v2\/tags?post=13283"}],"curies":[{"name":"wp","href":"https:\/\/api.w.org\/{rel}","templated":true}]}}