{"id":13342,"date":"2023-01-26T18:04:08","date_gmt":"2023-01-27T00:04:08","guid":{"rendered":"https:\/\/www.aquilaguna.com\/?p=13342"},"modified":"2023-01-26T18:04:08","modified_gmt":"2023-01-27T00:04:08","slug":"gomezpalatino-primer-baja-de-militante-con-cargo-popular-en-morena","status":"publish","type":"post","link":"https:\/\/www.aquilaguna.com\/index.php\/2023\/01\/26\/gomezpalatino-primer-baja-de-militante-con-cargo-popular-en-morena\/","title":{"rendered":"Gomezpalatino, primer baja de militante con cargo popular en MORENA."},"content":{"rendered":"\n<p>Ciudad de\u00a0 M\u00e9xico.- El Movimiento de Regeneraci\u00f3n Nacional, registra \u00a0 su primera baja de militante con cargo de representaci\u00f3n popular, siendo este el lagunero\u00a0 Omar Casta\u00f1eda Gonz\u00e1lez, quien figura como legislador,\u00a0 que alcanz\u00f3 en la pasada elecci\u00f3n federal,\u00a0 el \u00a0 Segundo Distrito\u00a0 Electoral con asiento en G\u00f3mez Palacio, para unirse a la bancada de Movimiento\u00a0 Ciudadano.<\/p>\n\n\n\n<p>Se destaca en este cambio de estafeta\u00a0 partidista,\u00a0 como la primera ocasi\u00f3n que\u00a0 un diputado de MORENA\u00a0deja sus filas y se adhiere a otra agrupaci\u00f3n partidista, cuando hasta esta fecha, los cambios\u00a0 hab\u00edan sido\u00a0 generalmente a la inversa.<\/p>\n\n\n\n<p>Fue a trav\u00e9s \u00a0 de la cuenta social\u00a0 de\u00a0 su dirigente nacional\u00a0 Dante\u00a0 Delgado\u00a0 quien dio a conocer \u00a0 la decisi\u00f3n del diputado Casta\u00f1eda,\u00a0 y sumarlo ipso facto a la bancada de este organismo pol\u00edtico en la C\u00e1mara de Diputados.<\/p>\n\n\n\n<p>El diputado Casta\u00f1eda Gonz\u00e1lez\u00a0 fue uno de los aspirante a la candidatura de la alcald\u00eda de G\u00f3mez Palacio, aspiraci\u00f3n que\u00a0 super\u00f3\u00a0 Marina Vitela, \u00a0 sin embargo en su curr\u00edcula figura en su paso por las filas del Partido de la Revoluci\u00f3n Democr\u00e1tica,\u00a0 en el que milit\u00f3 previo a su adhesi\u00f3n a las filas\u00a0 de MORENA,\u00a0 obtuvo\u00a0 por dos \u00a0 ocasiones una regidur\u00edas y una\u00a0 sindicatura, esta \u00faltima durante el periodo\u00a0 2019-2021\u00a0  ya \u00a0 bajo las siglas del organismo pol\u00edtico que este d\u00eda deja de ser parte.\u00a0<\/p>\n","protected":false},"excerpt":{"rendered":"<p>Ciudad de\u00a0 M\u00e9xico.- El Movimiento de Regeneraci\u00f3n Nacional, registra \u00a0 su primera baja de militante con cargo de representaci\u00f3n popular, siendo este el lagunero\u00a0 Omar Casta\u00f1eda Gonz\u00e1lez, quien figura como legislador,\u00a0 que alcanz\u00f3 en la pasada elecci\u00f3n federal,\u00a0 el \u00a0 Segundo Distrito\u00a0 Electoral con asiento en G\u00f3mez Palacio, para unirse a la bancada de Movimiento\u00a0 Ciudadano. Se destaca en este cambio de estafeta\u00a0 partidista,\u00a0 como la primera ocasi\u00f3n que\u00a0 un&#8230;<\/p>\n","protected":false},"author":2,"featured_media":0,"comment_status":"closed","ping_status":"","sticky":false,"template":"","format":"standard","meta":{"footnotes":""},"categories":[40,63,28,19],"tags":[],"class_list":["post-13342","post","type-post","status-publish","format-standard","hentry","category-durango","category-gomez-palacio","category-la-laguna","category-morena","wpcat-40-id","wpcat-63-id","wpcat-28-id","wpcat-19-id"],"_links":{"self":[{"href":"https:\/\/www.aquilaguna.com\/index.php\/wp-json\/wp\/v2\/posts\/13342","targetHints":{"allow":["GET"]}}],"collection":[{"href":"https:\/\/www.aquilaguna.com\/index.php\/wp-json\/wp\/v2\/posts"}],"about":[{"href":"https:\/\/www.aquilaguna.com\/index.php\/wp-json\/wp\/v2\/types\/post"}],"author":[{"embeddable":true,"href":"https:\/\/www.aquilaguna.com\/index.php\/wp-json\/wp\/v2\/users\/2"}],"replies":[{"embeddable":true,"href":"https:\/\/www.aquilaguna.com\/index.php\/wp-json\/wp\/v2\/comments?post=13342"}],"version-history":[{"count":1,"href":"https:\/\/www.aquilaguna.com\/index.php\/wp-json\/wp\/v2\/posts\/13342\/revisions"}],"predecessor-version":[{"id":13343,"href":"https:\/\/www.aquilaguna.com\/index.php\/wp-json\/wp\/v2\/posts\/13342\/revisions\/13343"}],"wp:attachment":[{"href":"https:\/\/www.aquilaguna.com\/index.php\/wp-json\/wp\/v2\/media?parent=13342"}],"wp:term":[{"taxonomy":"category","embeddable":true,"href":"https:\/\/www.aquilaguna.com\/index.php\/wp-json\/wp\/v2\/categories?post=13342"},{"taxonomy":"post_tag","embeddable":true,"href":"https:\/\/www.aquilaguna.com\/index.php\/wp-json\/wp\/v2\/tags?post=13342"}],"curies":[{"name":"wp","href":"https:\/\/api.w.org\/{rel}","templated":true}]}}