{"id":13353,"date":"2023-01-27T19:08:43","date_gmt":"2023-01-28T01:08:43","guid":{"rendered":"https:\/\/www.aquilaguna.com\/?p=13353"},"modified":"2023-01-27T19:08:44","modified_gmt":"2023-01-28T01:08:44","slug":"rinde-coordinadora-de-unidad-torreon-de-la-uadec-su-tercer-informe-de-actividades","status":"publish","type":"post","link":"https:\/\/www.aquilaguna.com\/index.php\/2023\/01\/27\/rinde-coordinadora-de-unidad-torreon-de-la-uadec-su-tercer-informe-de-actividades\/","title":{"rendered":"Rinde Coordinadora de Unidad Torre\u00f3n de la UAdeC su Tercer Informe de Actividades."},"content":{"rendered":"\n<p>TORRE\u00d3N, Coahuila. 27 de enero de 2023. Ante el Consejo Universitario<br>funcionando por Unidad, y en atenci\u00f3n al principio de transparencia y rendici\u00f3n de<br>cuentas en la Universidad Aut\u00f3noma de Coahuila, la coordinadora de Unidad<br>Torre\u00f3n, Dra. Sandra L\u00f3pez Chavarr\u00eda, present\u00f3 este viernes su tercer informe de<br>actividades correspondiente al periodo 2022-2023.<\/p>\n\n\n\n<p>A la sesi\u00f3n efectuada en la Gran Sala del Centro Cultural Universitario \u201cBraulio<br>Fern\u00e1ndez Aguirre\u201d, asisti\u00f3 el rector de la m\u00e1xima casa de estudios, Salvador<br>Hern\u00e1ndez V\u00e9lez; en representaci\u00f3n del gobernador del Estado, Miguel \u00c1ngel<br>Riquelme Sol\u00eds, acudi\u00f3 el secretario de Educaci\u00f3n P\u00fablica, Francisco Saracho<br>Navarro, adem\u00e1s de los coordinadores de Unidad Saltillo y Norte, Julio Saucedo<br>Zul y Luis Carlos Talamantes Arredondo respectivamente, el funcionariado<br>universitario, directores, alumnos y docentes.<\/p>\n\n\n\n<p>En su mensaje, el rector Salvador Hern\u00e1ndez V\u00e9lez reconoci\u00f3 el trabajo realizado<br>en la Unidad Torre\u00f3n por su comunidad, por la dedicaci\u00f3n en tiempo de pandemia,<br>dijo que el orden y eficiencia de la administraci\u00f3n de la coordinadora, Sandra<br>L\u00f3pez Chavarr\u00eda ha generado propuestas y consolidado proyectos en las distintas<br>\u00e1reas de la educaci\u00f3n.<\/p>\n\n\n\n<p>Se\u00f1al\u00f3 que las acciones llevadas a cabo durante estos tres a\u00f1os son muestra del<br>compromiso de la instituci\u00f3n con la educaci\u00f3n y el bienestar de los estudiantes,<br>pues, contribuyen de manera importante a impulsar el Nuevo Modelo Educativo y<br>la Reforma Acad\u00e9mica Universitaria.<\/p>\n\n\n\n<p>Hern\u00e1ndez V\u00e9lez, se\u00f1al\u00f3 que para cumplir con la misi\u00f3n de la instituci\u00f3n de formar<br>a los mejores profesionistas que la Regi\u00f3n y el estado demandan, se requiere que<br>se cuente con contenidos acad\u00e9micos acordes a un mundo global e<br>interconectado, \u201cSiento a una Universidad socialmente responsable y vinculada<br>con los sectores, para que los estudiantes sean profesionistas y ciudadanos<br>comprometidos con el medio ambiente, con la equidad de g\u00e9nero y la<br>democracia\u201d.<\/p>\n\n\n\n<p>Por ello, comparti\u00f3 que el jueves se concret\u00f3 el avance de trasformaci\u00f3n con la<br>aprobaci\u00f3n por el Consejo Universitario el Reglamento Acad\u00e9mico General, con el<br>que se armonizan los distintos aspectos de la vida acad\u00e9mica y la oferta<br>educativa, que responden a las nuevas circunstancias que el mundo laboral exige, a la altura del desarrollo econ\u00f3mico de Coahuila y que impulsa el Gobierno del<br>Estado.<\/p>\n\n\n\n<p>Durante su intervenci\u00f3n, la Dra. Sandra L\u00f3pez Chavarr\u00eda resalt\u00f3 que las metas<br>alcanzadas, son producto del compromiso, colaboraci\u00f3n y arduo trabajo realizado<br>por las directoras y directores de las 20 Escuelas, Facultades e Institutos y de los<br>cientos de docentes y personal administrativo que todos los d\u00edas aportan a la<br>Universidad su talento para formar y dar servicio a m\u00e1s de 13 mil 855 j\u00f3venes que<br>forjan su futuro y el de la Regi\u00f3n.<\/p>\n\n\n\n<p>Coment\u00f3 que uno de los retos m\u00e1s ambiciosos y trascendentes de la UAdeC ha<br>sido el dise\u00f1o de una Reforma Acad\u00e9mica Universitaria que permite implementar<br>el Nuevo Modelo Educativo, el cual va acorde a los retos actuales, por lo que en la<br>Unidad Torre\u00f3n se trabaja con las dependencias, escuelas y facultades para<br>dise\u00f1ar acciones que permitan adaptar sus procesos a este Nuevo Modelo.<br>Dijo que en el a\u00f1o 2022 recibieron a 3 mil 865 estudiantes de nuevo ingreso y<br>atendieron a m\u00e1s de 13 mil 955 alumnos de educaci\u00f3n media superior, superior,<br>maestr\u00eda y doctorado y que en diciembre del 2022 egresaron para integrarse al<br>mercado laboral mil 785 nuevos profesionistas.<\/p>\n\n\n\n<p>L\u00f3pez Chavarr\u00eda comparti\u00f3 que, para incentivar la investigaci\u00f3n, se instaur\u00f3 el<br>Premio al Mejor Art\u00edculo Cient\u00edfico y Premio al Mejor Proyecto Social 2022, con el<br>que se reconoce el esfuerzo realizado, al tiempo que se celebran las trayectorias<br>de aquellas personas investigadoras que son ejemplo por su dedicaci\u00f3n y trabajo.<\/p>\n\n\n\n<p>Coment\u00f3 los logros que se realizaron en difusi\u00f3n cultural, en el \u00e1mbito deportivo,<br>en las actividades de extensi\u00f3n, de vinculaci\u00f3n y en medio ambiente; agradeci\u00f3 a<br>la Rector\u00eda el apoyo brindado, a su equipo de trabajo y docentes por su dedicaci\u00f3n<br>y al alumnado por depositar su confianza en ella, por lo que convoc\u00f3 a seguir<br>construyendo la Universidad que demanda el mundo actual, en uni\u00f3n, para que los<br>estudiantes se conviertan en hombres y mujeres que se desenvuelvan con<br>solidaridad, empat\u00eda, \u00e9xito, compromiso y visi\u00f3n.<\/p>\n","protected":false},"excerpt":{"rendered":"<p>TORRE\u00d3N, Coahuila. 27 de enero de 2023. Ante el Consejo Universitariofuncionando por Unidad, y en atenci\u00f3n al principio de transparencia y rendici\u00f3n decuentas en la Universidad Aut\u00f3noma de Coahuila, la coordinadora de UnidadTorre\u00f3n, Dra. Sandra L\u00f3pez Chavarr\u00eda, present\u00f3 este viernes su tercer informe deactividades correspondiente al periodo 2022-2023. A la sesi\u00f3n efectuada en la Gran Sala del Centro Cultural Universitario \u201cBraulioFern\u00e1ndez Aguirre\u201d, asisti\u00f3 el rector de la m\u00e1xima casa de&#8230;<\/p>\n","protected":false},"author":1,"featured_media":13354,"comment_status":"closed","ping_status":"closed","sticky":false,"template":"","format":"standard","meta":{"footnotes":""},"categories":[28,7,2],"tags":[],"class_list":["post-13353","post","type-post","status-publish","format-standard","has-post-thumbnail","hentry","category-la-laguna","category-torreon","category-uadec","wpcat-28-id","wpcat-7-id","wpcat-2-id"],"_links":{"self":[{"href":"https:\/\/www.aquilaguna.com\/index.php\/wp-json\/wp\/v2\/posts\/13353","targetHints":{"allow":["GET"]}}],"collection":[{"href":"https:\/\/www.aquilaguna.com\/index.php\/wp-json\/wp\/v2\/posts"}],"about":[{"href":"https:\/\/www.aquilaguna.com\/index.php\/wp-json\/wp\/v2\/types\/post"}],"author":[{"embeddable":true,"href":"https:\/\/www.aquilaguna.com\/index.php\/wp-json\/wp\/v2\/users\/1"}],"replies":[{"embeddable":true,"href":"https:\/\/www.aquilaguna.com\/index.php\/wp-json\/wp\/v2\/comments?post=13353"}],"version-history":[{"count":1,"href":"https:\/\/www.aquilaguna.com\/index.php\/wp-json\/wp\/v2\/posts\/13353\/revisions"}],"predecessor-version":[{"id":13355,"href":"https:\/\/www.aquilaguna.com\/index.php\/wp-json\/wp\/v2\/posts\/13353\/revisions\/13355"}],"wp:featuredmedia":[{"embeddable":true,"href":"https:\/\/www.aquilaguna.com\/index.php\/wp-json\/wp\/v2\/media\/13354"}],"wp:attachment":[{"href":"https:\/\/www.aquilaguna.com\/index.php\/wp-json\/wp\/v2\/media?parent=13353"}],"wp:term":[{"taxonomy":"category","embeddable":true,"href":"https:\/\/www.aquilaguna.com\/index.php\/wp-json\/wp\/v2\/categories?post=13353"},{"taxonomy":"post_tag","embeddable":true,"href":"https:\/\/www.aquilaguna.com\/index.php\/wp-json\/wp\/v2\/tags?post=13353"}],"curies":[{"name":"wp","href":"https:\/\/api.w.org\/{rel}","templated":true}]}}