{"id":13359,"date":"2023-01-27T19:14:09","date_gmt":"2023-01-28T01:14:09","guid":{"rendered":"https:\/\/www.aquilaguna.com\/?p=13359"},"modified":"2023-01-27T19:14:09","modified_gmt":"2023-01-28T01:14:09","slug":"abren-inscripciones-para-participar-en-el-primer-festival-del-emprendimiento-de-2023","status":"publish","type":"post","link":"https:\/\/www.aquilaguna.com\/index.php\/2023\/01\/27\/abren-inscripciones-para-participar-en-el-primer-festival-del-emprendimiento-de-2023\/","title":{"rendered":"Abren inscripciones para participar en el primer Festival del Emprendimiento de 2023."},"content":{"rendered":"\n<p>Torre\u00f3n, Coahuila. A 27 de enero de 2023.<\/p>\n\n\n\n<p>La Direcci\u00f3n de Desarrollo Econ\u00f3mico en coordinaci\u00f3n con el Instituto Municipal<br>de Cultura y Educaci\u00f3n (IMCE), llevar\u00e1n a cabo el s\u00e1bado 11 de febrero el primer<br>Festival de Emprendimiento del a\u00f1o, por lo que ya est\u00e1n abiertas las inscripciones<br>para los interesados.<\/p>\n\n\n\n<p>Kena Y\u00e1\u00f1ez Mart\u00ednez, titular de la Direcci\u00f3n de Desarrollo Econ\u00f3mico, inform\u00f3 que<br>una vez que pas\u00f3 la cuesta de enero y con la finalidad de reimpulsar las<br>actividades que generen ingresos para las familias, se pondr\u00e1 en marcha el primer<br>Festival del Emprendimiento del 2023, el cual forma parte del eje \u201cCompetitividad y<br>Fortaleza Econ\u00f3mica\u201d del Gobierno del Alcalde Rom\u00e1n Alberto Cepeda Gonz\u00e1lez.<\/p>\n\n\n\n<p>Mencion\u00f3 que se encuentran disponibles 400 lugares para aquellos<br>emprendedores que est\u00e9n interesados en que se les proporcione un espacio para<br>ofertar sus productos y servicios, aprovechando la atm\u00f3sfera de consumo que<br>genera la celebraci\u00f3n del 14 de febrero.<\/p>\n\n\n\n<p>La funcionaria agreg\u00f3 que ser\u00e1 el s\u00e1bado 11 de febrero, sobre per\u00edmetro de la<br>Plaza Mayor, en las calles Ram\u00f3n Corona, Galeana y avenida Morelos, a partir de<br>las 17:00 y hasta las 22:00 horas, donde se ubicar\u00e1n los expositores.<\/p>\n\n\n\n<p>Invit\u00f3 a los interesados a inscribirse en el WhatsApp 871 409 70 96 y aprovechar<br>alguno de los 400 lugares disponibles.<\/p>\n\n\n\n<p>Finalmente mencion\u00f3 que esta actividad es una de m\u00faltiples que se tienen<br>contempladas para capacitar e impulsar el comercio local, a lo largo de este a\u00f1o.<\/p>\n","protected":false},"excerpt":{"rendered":"<p>Torre\u00f3n, Coahuila. A 27 de enero de 2023. La Direcci\u00f3n de Desarrollo Econ\u00f3mico en coordinaci\u00f3n con el Instituto Municipalde Cultura y Educaci\u00f3n (IMCE), llevar\u00e1n a cabo el s\u00e1bado 11 de febrero el primerFestival de Emprendimiento del a\u00f1o, por lo que ya est\u00e1n abiertas las inscripcionespara los interesados. Kena Y\u00e1\u00f1ez Mart\u00ednez, titular de la Direcci\u00f3n de Desarrollo Econ\u00f3mico, inform\u00f3 queuna vez que pas\u00f3 la cuesta de enero y con la finalidad&#8230;<\/p>\n","protected":false},"author":1,"featured_media":13360,"comment_status":"closed","ping_status":"closed","sticky":false,"template":"","format":"standard","meta":{"footnotes":""},"categories":[5,28,7],"tags":[],"class_list":["post-13359","post","type-post","status-publish","format-standard","has-post-thumbnail","hentry","category-coahuila","category-la-laguna","category-torreon","wpcat-5-id","wpcat-28-id","wpcat-7-id"],"_links":{"self":[{"href":"https:\/\/www.aquilaguna.com\/index.php\/wp-json\/wp\/v2\/posts\/13359","targetHints":{"allow":["GET"]}}],"collection":[{"href":"https:\/\/www.aquilaguna.com\/index.php\/wp-json\/wp\/v2\/posts"}],"about":[{"href":"https:\/\/www.aquilaguna.com\/index.php\/wp-json\/wp\/v2\/types\/post"}],"author":[{"embeddable":true,"href":"https:\/\/www.aquilaguna.com\/index.php\/wp-json\/wp\/v2\/users\/1"}],"replies":[{"embeddable":true,"href":"https:\/\/www.aquilaguna.com\/index.php\/wp-json\/wp\/v2\/comments?post=13359"}],"version-history":[{"count":1,"href":"https:\/\/www.aquilaguna.com\/index.php\/wp-json\/wp\/v2\/posts\/13359\/revisions"}],"predecessor-version":[{"id":13361,"href":"https:\/\/www.aquilaguna.com\/index.php\/wp-json\/wp\/v2\/posts\/13359\/revisions\/13361"}],"wp:featuredmedia":[{"embeddable":true,"href":"https:\/\/www.aquilaguna.com\/index.php\/wp-json\/wp\/v2\/media\/13360"}],"wp:attachment":[{"href":"https:\/\/www.aquilaguna.com\/index.php\/wp-json\/wp\/v2\/media?parent=13359"}],"wp:term":[{"taxonomy":"category","embeddable":true,"href":"https:\/\/www.aquilaguna.com\/index.php\/wp-json\/wp\/v2\/categories?post=13359"},{"taxonomy":"post_tag","embeddable":true,"href":"https:\/\/www.aquilaguna.com\/index.php\/wp-json\/wp\/v2\/tags?post=13359"}],"curies":[{"name":"wp","href":"https:\/\/api.w.org\/{rel}","templated":true}]}}