{"id":13374,"date":"2023-01-29T16:19:51","date_gmt":"2023-01-29T22:19:51","guid":{"rendered":"https:\/\/www.aquilaguna.com\/?p=13374"},"modified":"2023-01-29T16:19:52","modified_gmt":"2023-01-29T22:19:52","slug":"invita-gobierno-de-coahuila-ayuntamiento-de-torreon-y-canaco-a-feria-de-empleo-con-800-vacantes","status":"publish","type":"post","link":"https:\/\/www.aquilaguna.com\/index.php\/2023\/01\/29\/invita-gobierno-de-coahuila-ayuntamiento-de-torreon-y-canaco-a-feria-de-empleo-con-800-vacantes\/","title":{"rendered":"INVITA GOBIERNO DE COAHUILA, AYUNTAMIENTO DE TORRE\u00d3N Y CANACO, A FERIA DE EMPLEO CON 800 VACANTES."},"content":{"rendered":"\n<p>\u00b7\u00a0\u00a0\u00a0\u00a0\u00a0\u00a0<strong><em>Ser\u00e1 el 1 de Febrero, de las 09:00 a las 14:00 horas en el Gimnasio de la Unidad Deportiva de Torre\u00f3n.<\/em><\/strong><\/p>\n\n\n\n<p>\u00b7&nbsp;&nbsp;&nbsp;&nbsp;&nbsp;&nbsp;<strong><em>&nbsp;Invitan a pre-registrarse en la p\u00e1gina&nbsp;<a href=\"http:\/\/ferias.empleo.gob.mx\/\" target=\"_blank\" rel=\"noreferrer noopener\">ferias.empleo.gob.mx<\/a><\/em><\/strong><\/p>\n\n\n\n<p>Torre\u00f3n, Coahuila de Zaragoza; a 27 de Enero de 2023.- El Gobierno de Coahuila, a trav\u00e9s de su Secretar\u00eda del Trabajo (ST) y el Servicio Nacional del Empleo (SNE), y en coordinaci\u00f3n con el Ayuntamiento de Torre\u00f3n (por medio de la Direcci\u00f3n de Desarrollo Econ\u00f3mico), invitan a la Feria de Empleo en la que se estar\u00e1n promoviendo m\u00e1s de 800 vacantes para el p\u00fablico en general.<\/p>\n\n\n\n<p>Ser\u00e1 el pr\u00f3ximo mi\u00e9rcoles 1 de febrero en el Gimnasio de la Unidad Deportiva de Torre\u00f3n, ubicado en Bulevar Revoluci\u00f3n y Paseo de la Rosita, en la Zona Centro, con un horario de las 09:00 a las 14:00 horas, cuando este evento se lleve a cabo.<\/p>\n\n\n\n<p>David Flores Lavent, titular de la Unidad de Atenci\u00f3n en La Laguna y representante del gobernador Miguel \u00c1ngel Riquelme Sol\u00eds, expres\u00f3 que esta feria es una muestra de que s\u00ed hay empleo en Coahuila y la entidad no detiene su marcha.<\/p>\n\n\n\n<p>&#8220;Seguimos teniendo necesidad de ocupar vacantes. Se viene el Cl\u00faster Automotriz, pero tambi\u00e9n m\u00e1s empresas que han estado anunciando el gobernador Miguel Riquelme y el alcalde Rom\u00e1n Cepeda, y es por eso que estamos realizando esta feria en coordinaci\u00f3n con la C\u00e1mara Nacional de Comercio de Torre\u00f3n\u201d, cit\u00f3 el servidor p\u00fablico.<\/p>\n\n\n\n<p>Coment\u00f3 que como Gobierno Estatal, para evitar poner en riesgo Inversiones como las de un centro comercial que est\u00e1 en proceso al norte de la ciudad, se acudir\u00e1 a comunidades rurales a invitar a la poblaci\u00f3n a ocupar alg\u00fan puesto.<\/p>\n\n\n\n<p>&#8220;Tenemos que ir por ellos, proporcionar mayor capacitaci\u00f3n, mejores salarios, m\u00e1s prestaciones, pero tambi\u00e9n estamos yendo por los adultos mayores y las personas, pues son los que presentan menores rotaciones, y por eso hemos estado haciendo estas ferias, porque son ellos quienes m\u00e1s conservan su fuente de trabajo y son los m\u00e1s puntuales\u201d.<\/p>\n\n\n\n<p>Recalc\u00f3 que en 2022 se cerr\u00f3 con una Feria de Empleo en La Laguna, y se inicia el 2023 con esta misma estrategia, por lo que exhorta a la poblaci\u00f3n a acudir y conseguir un empleo que les permita tener una mejor calidad de vida.<\/p>\n\n\n\n<p>Por su parte, Guillermo Covarrubias Castro, titular del SNE Laguna, coment\u00f3 que son 32 empresas las que participar\u00e1n, entre ellas Soriana, Cimaco. Basculas Revueltas, Lala. Kirbymex, Hotel Crowne Plaza, Grupo Misol. Combugas. Carmona Impresores, Pollo Loco, Uncoln Electric, Surman, Siete Leguas Automotive y m\u00e1s.<\/p>\n\n\n\n<p>En vacantes para personas con estudios de primaria y secundaria, son 459; para Preparatoria y t\u00e9cnicos, 229; y para aquellos con licenciatura, son 162 opciones, detall\u00f3.<\/p>\n\n\n\n<p>De los puestos que se ofertan son: Gerente de producci\u00f3n, ingeniero civil, mercad\u00f3logo, gerente de post-venta y mantenimiento, auxiliar de n\u00f3mina, dise\u00f1ador gr\u00e1fico, gerente de recursos humanos, psic\u00f3logo industrial, operador de producci\u00f3n, arquitecto residente, encargado de sistemas y otros.<\/p>\n\n\n\n<p>Invit\u00f3 a los Interesados en pre registrarse en la p\u00e1gina&nbsp;<a href=\"http:\/\/ferias.empleo.gob.mx\/\" target=\"_blank\" rel=\"noreferrer noopener\">ferias.empleo.gob.mx<\/a>&nbsp;e ir listos para acudir a la empresa que m\u00e1s les llame la atenci\u00f3n, con la \u00fanica finalidad de que sean contratados.<\/p>\n\n\n\n<p>\u201cHay una gran variedad de ofertantes, iniciando el a\u00f1o para esto de la Cuesta de Enero y para que la gente empiece trabajando&#8221;, puntualiz\u00f3.<\/p>\n\n\n\n<p>B\u00e1rbara Silva, representante de Desarrollo Econ\u00f3mico del Ayuntamiento de Torre\u00f3n, se\u00f1al\u00f3: &#8220;Estado y Municipio siempre hemos estado buscando lo que es mejor para aquellos, que est\u00e1n tratando de conseguir un empleo. Tenemos m\u00e1s de 50 vacantes para personas con discapacidad auditiva, motriz, Intelectual y visual, as\u00ed como para adultos mayores\u201d.<\/p>\n\n\n\n<p>&#8220;Lo que nosotros esperamos es que logren reunirse lo que las empresas demandan y los buscadores de empleo necesitan. En enero hay mucho movimiento en las empresas de plazas, y somos el puente para que se puedan encontrar\u201d.<\/p>\n\n\n\n<p>Mariano Serna Mu\u00f1oz, presiente de la C\u00e1mara de Comercio de Torre\u00f3n, coment\u00f3 que para la Iniciativa Privada, para el sector de comercio y servicios, es muy importante estar cerca del sector p\u00fablico, para poder ocupar las vacantes que normalmente se necesitan a finales y a principios del a\u00f1o.<\/p>\n\n\n\n<p>Indic\u00f3 que las condiciones de trabajo de los j\u00f3venes est\u00e1n cambiando mucho, y quieren trabajar jornadas de cuatro horas y cuatro d\u00edas, y eso obliga a buscar una respuesta, pero las leyes laborales y del Seguro Social no se han adaptado a esa nueva realidad.<\/p>\n\n\n\n<p>&#8220;Desde la C\u00e1mara de Comercio hacemos un llamado para que se haga una reforma y se regresen las jornadas reducidas de trabajo en el Seguro Social, y se pague nada m\u00e1s lo que los j\u00f3venes trabajan con referencia a su carga social, pero no hemos encontrado eco en el Gobierno Federal&#8221;.<\/p>\n\n\n\n<p>Serna Mu\u00f1oz agradeci\u00f3 que se efect\u00faen Ferias de Empleo, pues son una alternativa para que m\u00e1s personas se sumen al mercado laboral y gocen de estabilidad en lo personal y profesional.<\/p>\n","protected":false},"excerpt":{"rendered":"<p>\u00b7\u00a0\u00a0\u00a0\u00a0\u00a0\u00a0Ser\u00e1 el 1 de Febrero, de las 09:00 a las 14:00 horas en el Gimnasio de la Unidad Deportiva de Torre\u00f3n. \u00b7&nbsp;&nbsp;&nbsp;&nbsp;&nbsp;&nbsp;&nbsp;Invitan a pre-registrarse en la p\u00e1gina&nbsp;ferias.empleo.gob.mx Torre\u00f3n, Coahuila de Zaragoza; a 27 de Enero de 2023.- El Gobierno de Coahuila, a trav\u00e9s de su Secretar\u00eda del Trabajo (ST) y el Servicio Nacional del Empleo (SNE), y en coordinaci\u00f3n con el Ayuntamiento de Torre\u00f3n (por medio de la Direcci\u00f3n de&#8230;<\/p>\n","protected":false},"author":1,"featured_media":13375,"comment_status":"closed","ping_status":"closed","sticky":false,"template":"","format":"standard","meta":{"footnotes":""},"categories":[5,43,15,28,7],"tags":[],"class_list":["post-13374","post","type-post","status-publish","format-standard","has-post-thumbnail","hentry","category-coahuila","category-empleo","category-gobierno-de-coahuila","category-la-laguna","category-torreon","wpcat-5-id","wpcat-43-id","wpcat-15-id","wpcat-28-id","wpcat-7-id"],"_links":{"self":[{"href":"https:\/\/www.aquilaguna.com\/index.php\/wp-json\/wp\/v2\/posts\/13374","targetHints":{"allow":["GET"]}}],"collection":[{"href":"https:\/\/www.aquilaguna.com\/index.php\/wp-json\/wp\/v2\/posts"}],"about":[{"href":"https:\/\/www.aquilaguna.com\/index.php\/wp-json\/wp\/v2\/types\/post"}],"author":[{"embeddable":true,"href":"https:\/\/www.aquilaguna.com\/index.php\/wp-json\/wp\/v2\/users\/1"}],"replies":[{"embeddable":true,"href":"https:\/\/www.aquilaguna.com\/index.php\/wp-json\/wp\/v2\/comments?post=13374"}],"version-history":[{"count":1,"href":"https:\/\/www.aquilaguna.com\/index.php\/wp-json\/wp\/v2\/posts\/13374\/revisions"}],"predecessor-version":[{"id":13376,"href":"https:\/\/www.aquilaguna.com\/index.php\/wp-json\/wp\/v2\/posts\/13374\/revisions\/13376"}],"wp:featuredmedia":[{"embeddable":true,"href":"https:\/\/www.aquilaguna.com\/index.php\/wp-json\/wp\/v2\/media\/13375"}],"wp:attachment":[{"href":"https:\/\/www.aquilaguna.com\/index.php\/wp-json\/wp\/v2\/media?parent=13374"}],"wp:term":[{"taxonomy":"category","embeddable":true,"href":"https:\/\/www.aquilaguna.com\/index.php\/wp-json\/wp\/v2\/categories?post=13374"},{"taxonomy":"post_tag","embeddable":true,"href":"https:\/\/www.aquilaguna.com\/index.php\/wp-json\/wp\/v2\/tags?post=13374"}],"curies":[{"name":"wp","href":"https:\/\/api.w.org\/{rel}","templated":true}]}}