{"id":13404,"date":"2023-01-30T17:18:35","date_gmt":"2023-01-30T23:18:35","guid":{"rendered":"https:\/\/www.aquilaguna.com\/?p=13404"},"modified":"2023-01-30T17:18:35","modified_gmt":"2023-01-30T23:18:35","slug":"dan-a-conocer-cronograma-de-acciones-que-quedaran-sujetas-a-periodo-electoral-en-coahuila","status":"publish","type":"post","link":"https:\/\/www.aquilaguna.com\/index.php\/2023\/01\/30\/dan-a-conocer-cronograma-de-acciones-que-quedaran-sujetas-a-periodo-electoral-en-coahuila\/","title":{"rendered":"Dan a conocer cronograma de acciones que quedar\u00e1n sujetas a periodo electoral en Coahuila."},"content":{"rendered":"\n<p>Torre\u00f3n, Coahuila.- A partir de la semana\u00a0 pr\u00f3xima, ser\u00e1 presentado el cronograma\u00a0 del calendario electoral a\u00a0que quedar\u00e1n sujetas, en este periodo electoral\u00a0 y hasta el d\u00eda de la pr\u00f3xima elecci\u00f3n, todas las actividades con respecto al protocolo correspondiente, para conocer\u00a0 sus impactos, afectaciones \u00a0 a actividades comerciales, educativas laborales y de entretenimiento, as\u00ed como las que corresponden a su vigilancia\u00a0 y seguridad.<\/p>\n\n\n\n<p>El Gobernador Miguel Angel \u00a0 Riquelme Solis, tem\u00e1tica que abord\u00f3 esta ma\u00f1ana por el Comit\u00e9 T\u00e9cnico, ya que &#8220;nos estamos preparando\u00a0 con mucho tiempo para poder mantener condiciones para que todos los coahuilenses puedan ejercer su voto el pr\u00f3ximo 4 de junio&#8221;.\u00a0<\/p>\n\n\n\n<p>Abund\u00f3 luego a pregunta expresa que, &#8220;las medidas tomadas por el Consejo Estatal de Seguridad, es el m\u00e1ximo \u00f3rgano\u00a0 en tal tema,\u00a0 pero su actividad es meramente\u00a0 preventiva, revisa adem\u00e1s, las actuaciones de\u00a0 nuestras polic\u00edas, el status en materia de capacitaci\u00f3n, ex\u00e1menes de control y confianza, informe policial\u00a0 homologado,\u00a0 todo lo que implica tener una polic\u00eda acreditada seg\u00fan ordena el sistema nacional de seguridad&#8221;.<\/p>\n\n\n\n<p>Somos, afirm\u00f3, uno de los \u00fanicos Estados que tenemos\u00a0 nuestro\u00a0 propio Consejo Estatal\u00a0 y\u00a0 aqu\u00ed aplicamos en los municipios el\u00a0 ordenamiento al nivel municipal, estableciendo fechas\u00a0 para poder llegar a las metas establecidas previamente en corto\u00a0 en plazo&#8221;.<\/p>\n\n\n\n<p>&#8220;Vamos muy bien, hice un llamado a los municipios a completar cada una de las especificaciones\u00a0 que\u00a0 fija el modelo nacional&#8221;, revel\u00f3.<\/p>\n\n\n\n<p>La verdad, expres\u00f3 m\u00e1s adelante que, &#8220;la funcionaria federal que \u00a0 preside el Consejo Nacional de Seguridad,  vio como Coahuila registra avances \u00a0 ofreciendo\u00a0 una evaluaci\u00f3n\u00a0 sobre este tema en todos los municipios del Estado&#8221;, revelando el gobernante que esta tendr\u00e1 lugar, de nueva cuenta, en los dos meses pr\u00f3ximos.<\/p>\n\n\n\n<p>&#8220;Pero, para tranquilidad de todos los coahuilenses, Torre\u00f3n, Saltillo, Monclova, Piedras Negras  y Sabinas, est\u00e1n bien&#8221;.\u00a0<\/p>\n\n\n\n<p>&#8220;La estrategia de seguridad se basa en los municipios ancla, donde se concentra las fuerzas estatales que tienen injerencia en toda la regi\u00f3n que preside&#8221;.<\/p>\n\n\n\n<p>&#8220;Vamos siendo poco a poco\u00a0 autosuficientes y nos faltan pocos municipios, sobre todo los m\u00e1s peque\u00f1os\u00a0 que por falta de recursos,\u00a0 enfrentan el dilema de\u00a0 contratar \u00a0 elementos\u00a0 o capacitar los que tienen, de ah\u00ed que el Estado\u00a0 los apoyos con la presencia de\u00a0 sus\u00a0 fuerzas estatales\u00a0 tengan elementos\u00a0 capacitados&#8221;.<\/p>\n\n\n\n<p><strong>NO HAY\u00a0 NUEVA REESTRUCTURACION DE LA DEUDA PUBLICA.<\/strong><\/p>\n\n\n\n<p>En\u00a0 cuanto a la versi\u00f3n de que el Gobierno de Coahuila busca una reestructuraci\u00f3n\u00a0 de su deuda p\u00fablica,  el Ejecutivo\u00a0 indic\u00f3\u00a0 sobre este tema, que no hay tal cosa,\u00a0 ya que toda vez que ha enviado al Congreso una propuesta modificatoria \u00a0 de su base jur\u00eddica para lograr \u00a0 de mejorar\u00a0 las tasas de inter\u00e9s bajo las que se paga\u00a0 por ahora la deuda p\u00fablica citada.<\/p>\n\n\n\n<p>Lo anterior con la intenci\u00f3n de que el nuevo gobierno estatal que lo sustituya, cuente con\u00a0 las herramientas\u00a0 necesarias para\u00a0 pagar sus primeros gastos y mejorar las condiciones bajo\u00a0 el que opera el sistema pensionario estatal.\u00a0<\/p>\n\n\n\n<p>Eso, afirm\u00f3, &#8220;no significa que vayamos a\u00a0 prolongar los plazos y montos de pago, sino que repito, solo sentar las bases\u00a0 para ello y a cargo de la pr\u00f3xima administraci\u00f3n&#8221;.<\/p>\n\n\n\n<p>Pretendemos, afirm\u00f3 en lenguaje llano, &#8220;dar un mayor margen de maniobra\u00a0 a las administraciones siguientes, que eso, no me va a beneficiar a mi&#8221;.\u00a0<\/p>\n\n\n\n<p>Narr\u00f3 luego que\u00a0 al inicio de su gesti\u00f3n,\u00a0 &#8220;Coahuila, tenia lo 3,000 millones de pesos, como ingreso propio, hoy tenemos nueve mil,\u00a0 lo que nos ha permitido o hacer obra y enfrentar el pago del servicio de la deuda&#8221;.<\/p>\n\n\n\n<p>&#8220;Yo ahora busco que el siguiente gobierno tenga a\u00fan mayor capacidad y que de manera responsable\u00a0 mi gobierno haga lo que est\u00e9 en su mano; mejorar el pago del servicio de la deuda, sin subir\u00a0 su monto ni los plazas de pago&#8221;.\u00a0<\/p>\n\n\n\n<p>Reconoci\u00f3 que el tema, &#8220;se ha distorsionado un poquito esta\u00a0 situaci\u00f3n, pero no hay duda de\u00a0 lo que hemos propuesto ya\u00a0 ante el Congreso del Estado,\u00a0 es solo la actualizaci\u00f3n de mejorar las tasas de inter\u00e9s, y\u00a0 el pr\u00f3ximo tenga mayor margen de maniobra, con m\u00e1s obra, mayor capacidad de pago de la deuda y la atenci\u00f3n al sistema pensionario, en suma, ya casi me faltan 305 d\u00edas de gobierno y Coahuila puede estar tranquilo, no habr\u00e1 sorpresas&#8221;.<\/p>\n\n\n\n<p>&#8220;Estaremos haciendo lo que realmente permita al pr\u00f3ximo gobierno tener la capacidad de maniobra para enfrentar sus primeros d\u00edas y sus compromisos&#8221;.<\/p>\n","protected":false},"excerpt":{"rendered":"<p>Torre\u00f3n, Coahuila.- A partir de la semana\u00a0 pr\u00f3xima, ser\u00e1 presentado el cronograma\u00a0 del calendario electoral a\u00a0que quedar\u00e1n sujetas, en este periodo electoral\u00a0 y hasta el d\u00eda de la pr\u00f3xima elecci\u00f3n, todas las actividades con respecto al protocolo correspondiente, para conocer\u00a0 sus impactos, afectaciones \u00a0 a actividades comerciales, educativas laborales y de entretenimiento, as\u00ed como las que corresponden a su vigilancia\u00a0 y seguridad. El Gobernador Miguel Angel \u00a0 Riquelme Solis, tem\u00e1tica&#8230;<\/p>\n","protected":false},"author":2,"featured_media":0,"comment_status":"closed","ping_status":"","sticky":false,"template":"","format":"standard","meta":{"footnotes":""},"categories":[5,42,15],"tags":[],"class_list":["post-13404","post","type-post","status-publish","format-standard","hentry","category-coahuila","category-elecciones","category-gobierno-de-coahuila","wpcat-5-id","wpcat-42-id","wpcat-15-id"],"_links":{"self":[{"href":"https:\/\/www.aquilaguna.com\/index.php\/wp-json\/wp\/v2\/posts\/13404","targetHints":{"allow":["GET"]}}],"collection":[{"href":"https:\/\/www.aquilaguna.com\/index.php\/wp-json\/wp\/v2\/posts"}],"about":[{"href":"https:\/\/www.aquilaguna.com\/index.php\/wp-json\/wp\/v2\/types\/post"}],"author":[{"embeddable":true,"href":"https:\/\/www.aquilaguna.com\/index.php\/wp-json\/wp\/v2\/users\/2"}],"replies":[{"embeddable":true,"href":"https:\/\/www.aquilaguna.com\/index.php\/wp-json\/wp\/v2\/comments?post=13404"}],"version-history":[{"count":1,"href":"https:\/\/www.aquilaguna.com\/index.php\/wp-json\/wp\/v2\/posts\/13404\/revisions"}],"predecessor-version":[{"id":13405,"href":"https:\/\/www.aquilaguna.com\/index.php\/wp-json\/wp\/v2\/posts\/13404\/revisions\/13405"}],"wp:attachment":[{"href":"https:\/\/www.aquilaguna.com\/index.php\/wp-json\/wp\/v2\/media?parent=13404"}],"wp:term":[{"taxonomy":"category","embeddable":true,"href":"https:\/\/www.aquilaguna.com\/index.php\/wp-json\/wp\/v2\/categories?post=13404"},{"taxonomy":"post_tag","embeddable":true,"href":"https:\/\/www.aquilaguna.com\/index.php\/wp-json\/wp\/v2\/tags?post=13404"}],"curies":[{"name":"wp","href":"https:\/\/api.w.org\/{rel}","templated":true}]}}