{"id":1341,"date":"2021-04-04T21:00:04","date_gmt":"2021-04-05T02:00:04","guid":{"rendered":"https:\/\/www.aquilaguna.com\/?p=1341"},"modified":"2021-04-04T21:00:05","modified_gmt":"2021-04-05T02:00:05","slug":"torreon-merece-mas-marcelo-torres","status":"publish","type":"post","link":"https:\/\/www.aquilaguna.com\/index.php\/2021\/04\/04\/torreon-merece-mas-marcelo-torres\/","title":{"rendered":"TORRE\u00d3N MERECE M\u00c1S: MARCELO TORRES."},"content":{"rendered":"\n<p>\u201cEstoy aqu\u00ed convencido de que Torre\u00f3n Merece M\u00e1s. No queremos volver al pasado<br>de corrupci\u00f3n e incompetencia y tampoco apostar al futuro de los que solo saben<br>destruir. Esos que nos ofrecen un falso cambio\u201d, dijo Marcelo Torres, candidato a la<br>Alcald\u00eda de Torre\u00f3n por el Partido Acci\u00f3n Nacional (PAN) al arrancar su campa\u00f1a<br>electoral en compa\u00f1\u00eda de militantes, amigos y familiares.<\/p>\n\n\n\n<p>Bajo el slogan de \u201cTorre\u00f3n Merece M\u00e1s\u201d, arranc\u00f3 a las cero horas de este domingo,<br>de forma virtual la campa\u00f1a electoral de Marcelo Torres, candidato a la Alcald\u00eda de<br>Torre\u00f3n, donde interactu\u00f3 con la ciudadan\u00eda y present\u00f3 algunas de sus propuestas<br>de campa\u00f1a. M\u00e1s tarde, en las instalaciones del PAN se encontr\u00f3 personalmente<br>con la militancia en el pegat\u00f3n, en apoyo a los candidatos.<\/p>\n\n\n\n<p>Marcelo Torres coment\u00f3 que su campa\u00f1a ser\u00e1 de reconocimiento a los valores de<br>los torreonenses. Todas las ideas y propuestas de su campa\u00f1a han sido recopiladas<br>del \u00e1nimo, inquietud y demanda de todos los torreonenses y han sido trabajadas de<br>la mano de la ciudadan\u00eda. \u201cEstamos aqu\u00ed con la experiencia necesaria y una meta<br>clara: hacer el mayor crecimiento hist\u00f3rico de Torre\u00f3n, nunca antes visto\u201d enfatiz\u00f3.<\/p>\n\n\n\n<p>Agreg\u00f3 que es un convencido de que las mujeres merecen m\u00e1s, los j\u00f3venes<br>merecen encontrar un buen trabajo que les permita quedarse aqu\u00ed, cerca de su<br>familia. Torre\u00f3n merece mejores servicios y todos merecemos hacer realidad la<br>Ciudad con la que hemos so\u00f1ado y \u00e9l cuenta con un equipo de mujeres y hombres<br>capaces que lo acompa\u00f1ar\u00e1n, junto con las y los ciudadanos que quieren un<br>crecimiento para Torre\u00f3n.<\/p>\n\n\n\n<p>El candidato de Acci\u00f3n Nacional se\u00f1al\u00f3 que en los \u00faltimos a\u00f1os se hicieron enormes<br>esfuerzos para construir sobre lo que nos dejaron los incompetentes e inexpertos.<br>\u201cLos que durante 8 a\u00f1os, abandonaron a Torre\u00f3n nos robaron ilusiones, esperanzas<br>y la posibilidad de mantenernos unidos como familias, pues nuestros j\u00f3venes<br>tuvieron que irse en b\u00fasqueda de oportunidades. Hoy iniciamos con fuerza este<br>proyecto que llevar\u00e1 a nuestra ciudad al siguiente nivel\u201d coment\u00f3.<\/p>\n\n\n\n<p>Indic\u00f3 que las mujeres son un eje fundamental de su campa\u00f1a, pues son ellas las<br>que sacan adelante a sus familias y que ha trabajado propuestas de campa\u00f1a con<br>ellas, para atender sus necesidades.<\/p>\n\n\n\n<p>Agreg\u00f3 que hoy el PAN y Torre\u00f3n est\u00e1 m\u00e1s unido que nunca y est\u00e1n de frente a lo<br>que viene, no dejemos que los de falsos cambios nos quieran decir lo contrario.<br>\u201cEstoy seguro amigas y amigos que estamos de acuerdo, Torre\u00f3n Merece M\u00e1s y va<br>a tener M\u00e1s\u201d.<\/p>\n\n\n\n<p>Durante la rueda de prensa en la que el PAN anunci\u00f3 el inicio de las campa\u00f1as<br>pol\u00edticas, estuvieron presentes Jes\u00fas de Le\u00f3n Tello, Presidente del PAN en<br>Coahuila; Olga Nava S\u00e1nchez, Presidenta del CDM del PAN en Torre\u00f3n; Jorge<br>Zerme\u00f1o Infante, candidato a la diputaci\u00f3n federal por el Distrito 05 y Fernando<br>Izaguirre, candidato a la diputaci\u00f3n federal por el Distrito 06 y Marcelo Torres Cofi\u00f1o,<br>candidato a la Alcald\u00eda de Torre\u00f3n.<\/p>\n","protected":false},"excerpt":{"rendered":"<p>\u201cEstoy aqu\u00ed convencido de que Torre\u00f3n Merece M\u00e1s. No queremos volver al pasadode corrupci\u00f3n e incompetencia y tampoco apostar al futuro de los que solo sabendestruir. Esos que nos ofrecen un falso cambio\u201d, dijo Marcelo Torres, candidato a laAlcald\u00eda de Torre\u00f3n por el Partido Acci\u00f3n Nacional (PAN) al arrancar su campa\u00f1aelectoral en compa\u00f1\u00eda de militantes, amigos y familiares. Bajo el slogan de \u201cTorre\u00f3n Merece M\u00e1s\u201d, arranc\u00f3 a las cero horas&#8230;<\/p>\n","protected":false},"author":1,"featured_media":1342,"comment_status":"closed","ping_status":"closed","sticky":false,"template":"","format":"standard","meta":{"footnotes":""},"categories":[20,5,28,17],"tags":[],"class_list":["post-1341","post","type-post","status-publish","format-standard","has-post-thumbnail","hentry","category-campanas","category-coahuila","category-la-laguna","category-pan","wpcat-20-id","wpcat-5-id","wpcat-28-id","wpcat-17-id"],"_links":{"self":[{"href":"https:\/\/www.aquilaguna.com\/index.php\/wp-json\/wp\/v2\/posts\/1341","targetHints":{"allow":["GET"]}}],"collection":[{"href":"https:\/\/www.aquilaguna.com\/index.php\/wp-json\/wp\/v2\/posts"}],"about":[{"href":"https:\/\/www.aquilaguna.com\/index.php\/wp-json\/wp\/v2\/types\/post"}],"author":[{"embeddable":true,"href":"https:\/\/www.aquilaguna.com\/index.php\/wp-json\/wp\/v2\/users\/1"}],"replies":[{"embeddable":true,"href":"https:\/\/www.aquilaguna.com\/index.php\/wp-json\/wp\/v2\/comments?post=1341"}],"version-history":[{"count":1,"href":"https:\/\/www.aquilaguna.com\/index.php\/wp-json\/wp\/v2\/posts\/1341\/revisions"}],"predecessor-version":[{"id":1343,"href":"https:\/\/www.aquilaguna.com\/index.php\/wp-json\/wp\/v2\/posts\/1341\/revisions\/1343"}],"wp:featuredmedia":[{"embeddable":true,"href":"https:\/\/www.aquilaguna.com\/index.php\/wp-json\/wp\/v2\/media\/1342"}],"wp:attachment":[{"href":"https:\/\/www.aquilaguna.com\/index.php\/wp-json\/wp\/v2\/media?parent=1341"}],"wp:term":[{"taxonomy":"category","embeddable":true,"href":"https:\/\/www.aquilaguna.com\/index.php\/wp-json\/wp\/v2\/categories?post=1341"},{"taxonomy":"post_tag","embeddable":true,"href":"https:\/\/www.aquilaguna.com\/index.php\/wp-json\/wp\/v2\/tags?post=1341"}],"curies":[{"name":"wp","href":"https:\/\/api.w.org\/{rel}","templated":true}]}}