{"id":13443,"date":"2023-02-01T20:19:41","date_gmt":"2023-02-02T02:19:41","guid":{"rendered":"https:\/\/www.aquilaguna.com\/?p=13443"},"modified":"2023-02-01T20:19:42","modified_gmt":"2023-02-02T02:19:42","slug":"se-graduan-alumnos-de-los-talleres-de-los-centros-comunitarios-del-dif-torreon","status":"publish","type":"post","link":"https:\/\/www.aquilaguna.com\/index.php\/2023\/02\/01\/se-graduan-alumnos-de-los-talleres-de-los-centros-comunitarios-del-dif-torreon\/","title":{"rendered":"Se grad\u00faan alumnos de los talleres de los Centros Comunitarios del DIF Torre\u00f3n."},"content":{"rendered":"\n<p>Torre\u00f3n, Coahuila. A 01 de febrero de 2023.<\/p>\n\n\n\n<p>Un total de 54 alumnos culminaron de forma satisfactoria sus estudios en los<br>talleres que se imparten en los diferentes Centros Comunitarios del Sistema para<br>el Desarrollo Integral de la Familia de Torre\u00f3n (DIF), de ellos 46 son mujeres y 8<br>hombres.<\/p>\n\n\n\n<p>Los egresados cursaron durante un a\u00f1o los talleres de corte y confecci\u00f3n, cultora<br>de belleza, inform\u00e1tica, reposter\u00eda y educaci\u00f3n abierta, todos con validez oficial<br>ante la Secretar\u00eda de Educaci\u00f3n P\u00fablica (SEP).<\/p>\n\n\n\n<p>La ceremonia de graduaci\u00f3n cont\u00f3 con la presencia de la se\u00f1ora Selina Bremer de<br>Cepeda, Presidenta Honoraria del DIF Torre\u00f3n, quien entreg\u00f3 a los graduados su<br>certificado y diploma, los cuales dan constancia de que concluyeron<br>satisfactoriamente todos sus estudios.<\/p>\n\n\n\n<p>Dichos talleres fueron impartidos en los Centros Comunitarios de Villas la Merced<br>Eduardo Guerra, Carolinas, Nueva Rosita, Ferrocarrilera, Santiago Ram\u00edrez, Valle<br>Oriente, Valle verde, Zaragoza Sur y Campo Militar.<\/p>\n\n\n\n<p>Los Centros Comunitarios del DIF Torre\u00f3n ofrecen de manera permanente<br>servicios y talleres de capacitaci\u00f3n, que tienen como principal objetivo, brindar<br>oportunidades de desarrollo y superaci\u00f3n a las familias m\u00e1s vulnerables.<\/p>\n","protected":false},"excerpt":{"rendered":"<p>Torre\u00f3n, Coahuila. A 01 de febrero de 2023. Un total de 54 alumnos culminaron de forma satisfactoria sus estudios en lostalleres que se imparten en los diferentes Centros Comunitarios del Sistema parael Desarrollo Integral de la Familia de Torre\u00f3n (DIF), de ellos 46 son mujeres y 8hombres. Los egresados cursaron durante un a\u00f1o los talleres de corte y confecci\u00f3n, cultorade belleza, inform\u00e1tica, reposter\u00eda y educaci\u00f3n abierta, todos con validez oficialante&#8230;<\/p>\n","protected":false},"author":1,"featured_media":13444,"comment_status":"closed","ping_status":"closed","sticky":false,"template":"","format":"standard","meta":{"footnotes":""},"categories":[5,28,7],"tags":[],"class_list":["post-13443","post","type-post","status-publish","format-standard","has-post-thumbnail","hentry","category-coahuila","category-la-laguna","category-torreon","wpcat-5-id","wpcat-28-id","wpcat-7-id"],"_links":{"self":[{"href":"https:\/\/www.aquilaguna.com\/index.php\/wp-json\/wp\/v2\/posts\/13443","targetHints":{"allow":["GET"]}}],"collection":[{"href":"https:\/\/www.aquilaguna.com\/index.php\/wp-json\/wp\/v2\/posts"}],"about":[{"href":"https:\/\/www.aquilaguna.com\/index.php\/wp-json\/wp\/v2\/types\/post"}],"author":[{"embeddable":true,"href":"https:\/\/www.aquilaguna.com\/index.php\/wp-json\/wp\/v2\/users\/1"}],"replies":[{"embeddable":true,"href":"https:\/\/www.aquilaguna.com\/index.php\/wp-json\/wp\/v2\/comments?post=13443"}],"version-history":[{"count":1,"href":"https:\/\/www.aquilaguna.com\/index.php\/wp-json\/wp\/v2\/posts\/13443\/revisions"}],"predecessor-version":[{"id":13445,"href":"https:\/\/www.aquilaguna.com\/index.php\/wp-json\/wp\/v2\/posts\/13443\/revisions\/13445"}],"wp:featuredmedia":[{"embeddable":true,"href":"https:\/\/www.aquilaguna.com\/index.php\/wp-json\/wp\/v2\/media\/13444"}],"wp:attachment":[{"href":"https:\/\/www.aquilaguna.com\/index.php\/wp-json\/wp\/v2\/media?parent=13443"}],"wp:term":[{"taxonomy":"category","embeddable":true,"href":"https:\/\/www.aquilaguna.com\/index.php\/wp-json\/wp\/v2\/categories?post=13443"},{"taxonomy":"post_tag","embeddable":true,"href":"https:\/\/www.aquilaguna.com\/index.php\/wp-json\/wp\/v2\/tags?post=13443"}],"curies":[{"name":"wp","href":"https:\/\/api.w.org\/{rel}","templated":true}]}}