{"id":13484,"date":"2023-02-03T18:24:09","date_gmt":"2023-02-04T00:24:09","guid":{"rendered":"https:\/\/www.aquilaguna.com\/?p=13484"},"modified":"2023-02-03T18:24:09","modified_gmt":"2023-02-04T00:24:09","slug":"estado-mexicano-debe-cumplir-sentencia-de-la-coidh-y-no-violentar-derechos-humanos-lopez-rabadan","status":"publish","type":"post","link":"https:\/\/www.aquilaguna.com\/index.php\/2023\/02\/03\/estado-mexicano-debe-cumplir-sentencia-de-la-coidh-y-no-violentar-derechos-humanos-lopez-rabadan\/","title":{"rendered":"ESTADO MEXICANO DEBE CUMPLIR SENTENCIA DE LA CoIDH Y NO VIOLENTAR DERECHOS HUMANOS: L\u00d3PEZ RABAD\u00c1N."},"content":{"rendered":"\n<ul class=\"wp-block-list\">\n<li><strong>Inaplazable, derogar arraigo y prisi\u00f3n preventiva oficiosa, afirm\u00f3<\/strong><\/li>\n<\/ul>\n\n\n\n<ul class=\"wp-block-list\">\n<li><strong>Hist\u00f3ricamente, L\u00f3pez Obrador ha mandado al diablo a las instituciones nacionales e internacionales<\/strong><\/li>\n<\/ul>\n\n\n\n<p>Al ignorar la recomendaci\u00f3n de la Corte Interamericana de Derechos Humanos (CoIDH) en materia de Arraigo y Prisi\u00f3n Preventiva Oficiosa (PPO), el presidente L\u00f3pez Obrador y sus legisladores pondr\u00edan en grave riesgo los derechos humanos de los ciudadanos, afirm\u00f3 la senadora Kenia L\u00f3pez Rabad\u00e1n, al informar que present\u00f3 iniciativas que derogan ambas figuras violatorias de derechos humanos.<\/p>\n\n\n\n<p>Cabe se\u00f1alar que la Corte Interamericana orden\u00f3 a M\u00e9xico dejar sin efecto las disposiciones relativas al arraigo y adecuar el ordenamiento jur\u00eddico sobre la PPO, as\u00ed como brindar a las v\u00edctimas tratamiento m\u00e9dico, psicol\u00f3gico, psiqui\u00e1trico o psicosocial por los da\u00f1os que pudieron haber causado este tipo de pr\u00e1cticas.<\/p>\n\n\n\n<p>\u201cPreocupantemente, que el Presidente haya impulsado ampliar la figura de prisi\u00f3n preventiva oficiosa, que b\u00e1sicamente es que te metan a la c\u00e1rcel y luego investiguen. Evidentemente es una figura que no deber\u00eda usarse, pero este gobierno abusa de ella adem\u00e1s de fortalecerla\u201d, se\u00f1al\u00f3.<\/p>\n\n\n\n<p>En el documento registrado en la Gaceta Parlamentaria, la legisladora consider\u00f3 que ambas figuras entran en lo que se denomina com\u00fanmente como \u201cpopulismo punitivo\u201d. En M\u00e9xico, primero se priva de la libertad y despu\u00e9s se investiga, lo cual debe cambiar de manera inmediata ya que estas medidas no garantizan una investigaci\u00f3n exitosa.<\/p>\n\n\n\n<p>\u201cSe violan los principios de presunci\u00f3n de inocencia, debido proceso y seguridad jur\u00eddica. Hay personas que llevan m\u00e1s de 17 a\u00f1os sin sentencia\u201d, subray\u00f3 la vicecoordinadora del PAN en el Senado.<\/p>\n\n\n\n<p>L\u00f3pez Rabad\u00e1n agreg\u00f3 que con esta medida cautelar se ha encarcelado a las personas sin demostrar su culpabilidad.<\/p>\n\n\n\n<p>Consider\u00f3 que no debe existir ni un caso m\u00e1s en que las personas sean privadas de su libertad injustificadamente.<\/p>\n\n\n\n<p>\u201cEl Estado mexicano tiene un a\u00f1o para sacar el arraigo y la prisi\u00f3n preventiva oficiosa de su marco normativo, sin embargo, hist\u00f3ricamente L\u00f3pez Obrador y sus legisladores han mandado al diablo a las instituciones y no solamente a las nacionales, tambi\u00e9n a las internacionales, por lo que los legisladores de oposici\u00f3n hemos presentado ya iniciativas para acatar esta resoluci\u00f3n\u201d, se\u00f1al\u00f3.<\/p>\n\n\n\n<p>Igualmente, precis\u00f3 que present\u00f3 una excitativa para que se lleve a cabo la aprobaci\u00f3n del dictamen que deroga la figura del arraigo, el cual ya cuenta con aprobaci\u00f3n en comisiones y se mantiene en espera de su aprobaci\u00f3n en el Pleno del Senado.<\/p>\n","protected":false},"excerpt":{"rendered":"<p>Al ignorar la recomendaci\u00f3n de la Corte Interamericana de Derechos Humanos (CoIDH) en materia de Arraigo y Prisi\u00f3n Preventiva Oficiosa (PPO), el presidente L\u00f3pez Obrador y sus legisladores pondr\u00edan en grave riesgo los derechos humanos de los ciudadanos, afirm\u00f3 la senadora Kenia L\u00f3pez Rabad\u00e1n, al informar que present\u00f3 iniciativas que derogan ambas figuras violatorias de derechos humanos. Cabe se\u00f1alar que la Corte Interamericana orden\u00f3 a M\u00e9xico dejar sin efecto las&#8230;<\/p>\n","protected":false},"author":1,"featured_media":0,"comment_status":"closed","ping_status":"closed","sticky":false,"template":"","format":"standard","meta":{"footnotes":""},"categories":[17,51],"tags":[],"class_list":["post-13484","post","type-post","status-publish","format-standard","hentry","category-pan","category-senado","wpcat-17-id","wpcat-51-id"],"_links":{"self":[{"href":"https:\/\/www.aquilaguna.com\/index.php\/wp-json\/wp\/v2\/posts\/13484","targetHints":{"allow":["GET"]}}],"collection":[{"href":"https:\/\/www.aquilaguna.com\/index.php\/wp-json\/wp\/v2\/posts"}],"about":[{"href":"https:\/\/www.aquilaguna.com\/index.php\/wp-json\/wp\/v2\/types\/post"}],"author":[{"embeddable":true,"href":"https:\/\/www.aquilaguna.com\/index.php\/wp-json\/wp\/v2\/users\/1"}],"replies":[{"embeddable":true,"href":"https:\/\/www.aquilaguna.com\/index.php\/wp-json\/wp\/v2\/comments?post=13484"}],"version-history":[{"count":1,"href":"https:\/\/www.aquilaguna.com\/index.php\/wp-json\/wp\/v2\/posts\/13484\/revisions"}],"predecessor-version":[{"id":13485,"href":"https:\/\/www.aquilaguna.com\/index.php\/wp-json\/wp\/v2\/posts\/13484\/revisions\/13485"}],"wp:attachment":[{"href":"https:\/\/www.aquilaguna.com\/index.php\/wp-json\/wp\/v2\/media?parent=13484"}],"wp:term":[{"taxonomy":"category","embeddable":true,"href":"https:\/\/www.aquilaguna.com\/index.php\/wp-json\/wp\/v2\/categories?post=13484"},{"taxonomy":"post_tag","embeddable":true,"href":"https:\/\/www.aquilaguna.com\/index.php\/wp-json\/wp\/v2\/tags?post=13484"}],"curies":[{"name":"wp","href":"https:\/\/api.w.org\/{rel}","templated":true}]}}