{"id":13519,"date":"2023-02-07T19:31:37","date_gmt":"2023-02-08T01:31:37","guid":{"rendered":"https:\/\/www.aquilaguna.com\/?p=13519"},"modified":"2023-02-07T19:31:37","modified_gmt":"2023-02-08T01:31:37","slug":"manana-miercoles-en-la-uadec-unidad-torreon-elecciones-por-la-coordinacion","status":"publish","type":"post","link":"https:\/\/www.aquilaguna.com\/index.php\/2023\/02\/07\/manana-miercoles-en-la-uadec-unidad-torreon-elecciones-por-la-coordinacion\/","title":{"rendered":"Ma\u00f1ana mi\u00e9rcoles en la UAdeC Unidad Torre\u00f3n, elecciones por la Coordinaci\u00f3n."},"content":{"rendered":"\n<p>Ma\u00f1ana mi\u00e9rcoles, la comunidad universitaria de la Universidad Aut\u00f3noma de<br>Coahuilla, ejercer\u00e1 su derecho al voto en la elecci\u00f3n para la titularidad de la<br>Coordinaci\u00f3n Unidad Torre\u00f3n para el per\u00edodo 2023 \u2013 2026.<\/p>\n\n\n\n<p>Sandra L\u00f3pez Chavarr\u00eda es la \u00fanica candidata que se registr\u00f3 ante la Comisi\u00f3n<br>Electoral funcionando por Unidad, por lo que t\u00e9cnicamente ser\u00e1 un plebiscito en el<br>que podr\u00e1n votar 13 mil 800 alumnas y alumnos, y poco m\u00e1s de mil docentes.<\/p>\n\n\n\n<p>La aspirante a repetir en el cargo, despleg\u00f3 hasta hoy martes 7 de febrero una<br>campa\u00f1a que la llev\u00f3 a escuchar los planteamientos del alumnado de los planteles<br>de la instituci\u00f3n, que se ubican en Torre\u00f3n, Matamoros y San Pedro de las<br>Colonias.<\/p>\n\n\n\n<p>El ambiente en la m\u00e1xima Casa de Estudios de Coahuila en la regi\u00f3n es de<br>tranquilidad, por lo que la asistencia a las urnas se espera sin mayores<br>contratiempos y con una importante participaci\u00f3n de las y los j\u00f3venes estudiantes.<\/p>\n\n\n\n<p>De acuerdo a la convocatoria y estatutos de la UAdeC, el voto es universal y<br>secreto, sin ponderaci\u00f3n alguna del profesorado, investigadores y estudiantes,<br>podr\u00e1 realizarse de manera h\u00edbrida, es decir, en forma remota a trav\u00e9s de la<br>plataforma oficial de elecciones de la universidad, o personalmente en cada<br>escuela, instituto o facultad de la instituci\u00f3n.<\/p>\n\n\n\n<p>Como encargada del despacho de la Coordinaci\u00f3n Unidad Torre\u00f3n ha estado la<br>secretaria general de la misma, Brenda \u00c1lvarez Tostado. Ma\u00f1ana mismo, despu\u00e9s<br>de la jornada electoral, se podr\u00e1 saber el resultado oficial.<\/p>\n","protected":false},"excerpt":{"rendered":"<p>Ma\u00f1ana mi\u00e9rcoles, la comunidad universitaria de la Universidad Aut\u00f3noma deCoahuilla, ejercer\u00e1 su derecho al voto en la elecci\u00f3n para la titularidad de laCoordinaci\u00f3n Unidad Torre\u00f3n para el per\u00edodo 2023 \u2013 2026. Sandra L\u00f3pez Chavarr\u00eda es la \u00fanica candidata que se registr\u00f3 ante la Comisi\u00f3nElectoral funcionando por Unidad, por lo que t\u00e9cnicamente ser\u00e1 un plebiscito en elque podr\u00e1n votar 13 mil 800 alumnas y alumnos, y poco m\u00e1s de mil docentes&#8230;.<\/p>\n","protected":false},"author":1,"featured_media":13520,"comment_status":"closed","ping_status":"closed","sticky":false,"template":"","format":"standard","meta":{"footnotes":""},"categories":[28,2],"tags":[],"class_list":["post-13519","post","type-post","status-publish","format-standard","has-post-thumbnail","hentry","category-la-laguna","category-uadec","wpcat-28-id","wpcat-2-id"],"_links":{"self":[{"href":"https:\/\/www.aquilaguna.com\/index.php\/wp-json\/wp\/v2\/posts\/13519","targetHints":{"allow":["GET"]}}],"collection":[{"href":"https:\/\/www.aquilaguna.com\/index.php\/wp-json\/wp\/v2\/posts"}],"about":[{"href":"https:\/\/www.aquilaguna.com\/index.php\/wp-json\/wp\/v2\/types\/post"}],"author":[{"embeddable":true,"href":"https:\/\/www.aquilaguna.com\/index.php\/wp-json\/wp\/v2\/users\/1"}],"replies":[{"embeddable":true,"href":"https:\/\/www.aquilaguna.com\/index.php\/wp-json\/wp\/v2\/comments?post=13519"}],"version-history":[{"count":1,"href":"https:\/\/www.aquilaguna.com\/index.php\/wp-json\/wp\/v2\/posts\/13519\/revisions"}],"predecessor-version":[{"id":13521,"href":"https:\/\/www.aquilaguna.com\/index.php\/wp-json\/wp\/v2\/posts\/13519\/revisions\/13521"}],"wp:featuredmedia":[{"embeddable":true,"href":"https:\/\/www.aquilaguna.com\/index.php\/wp-json\/wp\/v2\/media\/13520"}],"wp:attachment":[{"href":"https:\/\/www.aquilaguna.com\/index.php\/wp-json\/wp\/v2\/media?parent=13519"}],"wp:term":[{"taxonomy":"category","embeddable":true,"href":"https:\/\/www.aquilaguna.com\/index.php\/wp-json\/wp\/v2\/categories?post=13519"},{"taxonomy":"post_tag","embeddable":true,"href":"https:\/\/www.aquilaguna.com\/index.php\/wp-json\/wp\/v2\/tags?post=13519"}],"curies":[{"name":"wp","href":"https:\/\/api.w.org\/{rel}","templated":true}]}}