{"id":13617,"date":"2023-02-12T18:43:21","date_gmt":"2023-02-13T00:43:21","guid":{"rendered":"https:\/\/www.aquilaguna.com\/?p=13617"},"modified":"2023-02-12T18:43:21","modified_gmt":"2023-02-13T00:43:21","slug":"desarrolla-coahuila-capacitacion-para-atencion-psicosocial-a-ninez-por-efectos-de-pandemia","status":"publish","type":"post","link":"https:\/\/www.aquilaguna.com\/index.php\/2023\/02\/12\/desarrolla-coahuila-capacitacion-para-atencion-psicosocial-a-ninez-por-efectos-de-pandemia\/","title":{"rendered":"DESARROLLA COAHUILA CAPACITACI\u00d3N PARA ATENCI\u00d3N PSICOSOCIAL A NI\u00d1EZ POR EFECTOS DE PANDEMIA."},"content":{"rendered":"\n<p>Saltillo, Coahuila de Zaragoza; 11 de febrero de 2023.- Con el prop\u00f3sito de contribuir la reparaci\u00f3n de da\u00f1o psicosocial de ni\u00f1as ni\u00f1os y adolescentes, DIF Coahuila, Secretar\u00eda de Inclusi\u00f3n y Desarrollo Social y DIF Saltillo, desarrollaron una jornada de capacitaci\u00f3n para el programa \u201cColecci\u00f3n de Apapachos\u201d.<\/p>\n\n\n\n<p>Dicho programa tiene como finalidad contribuir a la reparaci\u00f3n del da\u00f1o psicosocial de ni\u00f1as y ni\u00f1os tras los efectos producidos por el confinamiento y aislamiento social derivado de la pandemia causada por el Covid-19.<\/p>\n\n\n\n<p>Roberto C\u00e1rdenas Zavala, Director General de DIF Coahuila, indic\u00f3 que esta acci\u00f3n se suma a los programas enfocados a garantizar que las ni\u00f1as y ni\u00f1os tengan acceso a cuidados, educaci\u00f3n y un desarrollo de calidad durante la primera infancia.&nbsp;<\/p>\n\n\n\n<p>\u201cBuscamos que las ni\u00f1as y ni\u00f1os desarrollen habilidades emocionales que les permitir\u00e1n superar adversidades, tener mayor empat\u00eda, mejores relaciones sociales y mejorar el rendimiento escolar, a trav\u00e9s de actividades l\u00fadicas\u201d, expuso.<\/p>\n\n\n\n<p>Al tiempo, refiri\u00f3 que \u201cColecci\u00f3n de Apapachos\u201d forma parte de los acuerdos alcanzados en el Comit\u00e9 para la Prestaci\u00f3n de Servicios para la Atenci\u00f3n, Cuidado y Desarrollo Infantil.<\/p>\n\n\n\n<p>\u201cEste grupo colegiado busca la conjunci\u00f3n de esfuerzos de los distintos \u00f3rdenes de Gobierno y sectores p\u00fablico, social y privado, para atender el inter\u00e9s superior de las ni\u00f1as y ni\u00f1os coahuilenses\u201d, expuso.<\/p>\n\n\n\n<p>Entre la poblaci\u00f3n objetivo que se atiende bajo este esquema, se encuentran los cinco Centros de Atenci\u00f3n Infantil p\u00fablicos operados por DIF Saltillo.<\/p>\n\n\n\n<p>\u201cEn esta jornada capacitamos al personal docente, cocineras y cuidadoras de las estancias operadas por DIF Saltillo, con el fin de fortalecer la atenci\u00f3n de las y los ni\u00f1os y contribuir en un mejor desarrollo psicosocial\u201d, detall\u00f3.<\/p>\n\n\n\n<p>El personal replicar\u00e1 a su vez los conocimientos a las madres y padres de familia de las ni\u00f1as y ni\u00f1os que reciben asistencia en dichas estancias.<\/p>\n","protected":false},"excerpt":{"rendered":"<p>Saltillo, Coahuila de Zaragoza; 11 de febrero de 2023.- Con el prop\u00f3sito de contribuir la reparaci\u00f3n de da\u00f1o psicosocial de ni\u00f1as ni\u00f1os y adolescentes, DIF Coahuila, Secretar\u00eda de Inclusi\u00f3n y Desarrollo Social y DIF Saltillo, desarrollaron una jornada de capacitaci\u00f3n para el programa \u201cColecci\u00f3n de Apapachos\u201d. Dicho programa tiene como finalidad contribuir a la reparaci\u00f3n del da\u00f1o psicosocial de ni\u00f1as y ni\u00f1os tras los efectos producidos por el confinamiento y&#8230;<\/p>\n","protected":false},"author":1,"featured_media":13618,"comment_status":"closed","ping_status":"closed","sticky":false,"template":"","format":"standard","meta":{"footnotes":""},"categories":[5,9,15],"tags":[],"class_list":["post-13617","post","type-post","status-publish","format-standard","has-post-thumbnail","hentry","category-coahuila","category-educacion","category-gobierno-de-coahuila","wpcat-5-id","wpcat-9-id","wpcat-15-id"],"_links":{"self":[{"href":"https:\/\/www.aquilaguna.com\/index.php\/wp-json\/wp\/v2\/posts\/13617","targetHints":{"allow":["GET"]}}],"collection":[{"href":"https:\/\/www.aquilaguna.com\/index.php\/wp-json\/wp\/v2\/posts"}],"about":[{"href":"https:\/\/www.aquilaguna.com\/index.php\/wp-json\/wp\/v2\/types\/post"}],"author":[{"embeddable":true,"href":"https:\/\/www.aquilaguna.com\/index.php\/wp-json\/wp\/v2\/users\/1"}],"replies":[{"embeddable":true,"href":"https:\/\/www.aquilaguna.com\/index.php\/wp-json\/wp\/v2\/comments?post=13617"}],"version-history":[{"count":1,"href":"https:\/\/www.aquilaguna.com\/index.php\/wp-json\/wp\/v2\/posts\/13617\/revisions"}],"predecessor-version":[{"id":13619,"href":"https:\/\/www.aquilaguna.com\/index.php\/wp-json\/wp\/v2\/posts\/13617\/revisions\/13619"}],"wp:featuredmedia":[{"embeddable":true,"href":"https:\/\/www.aquilaguna.com\/index.php\/wp-json\/wp\/v2\/media\/13618"}],"wp:attachment":[{"href":"https:\/\/www.aquilaguna.com\/index.php\/wp-json\/wp\/v2\/media?parent=13617"}],"wp:term":[{"taxonomy":"category","embeddable":true,"href":"https:\/\/www.aquilaguna.com\/index.php\/wp-json\/wp\/v2\/categories?post=13617"},{"taxonomy":"post_tag","embeddable":true,"href":"https:\/\/www.aquilaguna.com\/index.php\/wp-json\/wp\/v2\/tags?post=13617"}],"curies":[{"name":"wp","href":"https:\/\/api.w.org\/{rel}","templated":true}]}}