{"id":1362,"date":"2021-04-05T20:16:20","date_gmt":"2021-04-06T01:16:20","guid":{"rendered":"https:\/\/www.aquilaguna.com\/?p=1362"},"modified":"2021-04-05T20:16:20","modified_gmt":"2021-04-06T01:16:20","slug":"participa-prevencion-social-coahuila-en-conferencias-porque-me-quiero-me-cuido","status":"publish","type":"post","link":"https:\/\/www.aquilaguna.com\/index.php\/2021\/04\/05\/participa-prevencion-social-coahuila-en-conferencias-porque-me-quiero-me-cuido\/","title":{"rendered":"PARTICIPA PREVENCI\u00d3N SOCIAL COAHUILA EN CONFERENCIAS \u2018PORQUE ME QUIERO ME CUIDO\u2019."},"content":{"rendered":"\n<p>Saltillo, Coahuila de Zaragoza; a 5 de Abril de 2021.- Se realiza la segunda jornada de conferencias \u201cPorque me quiero me cuido, Vol. 2\u201d, coordinada por la Secundaria T\u00e9cnica #96 y la Unidad de Servicios de Apoyo a la Educaci\u00f3n Regular (USAER) 15 de esta ciudad capital, donde se tuvo la oportunidad de platicar con alumnos y alumnas que estuvieron participando en la actividad de manera virtual.<\/p>\n\n\n\n<p>La Direcci\u00f3n de Prevenci\u00f3n Social de la Violencia y la Delincuencia del Estado inform\u00f3 que a trav\u00e9s de los temas \u201cAdicciones en la actualidad\u201d, \u201cC\u00f3mo descubrir mi talento\u201d, \u201cAprendiendo a manejar mis emociones\u201d y \u201cPrevenci\u00f3n de la violencia de g\u00e9nero\u201d, los y las adolescentes participantes manifestaron sus inquietudes y cuestiones con el personal experto que particip\u00f3 en dicha jornada.<\/p>\n\n\n\n<p>Se estuvo compartiendo con el alumnado de la Secundaria T\u00e9cnica #96, de manera virtual sobre diversos temas que son de gran inter\u00e9s en el momento de vida que se encuentran, con el objetivo de brindar y fomentar habilidades sociales y emocionales.<\/p>\n\n\n\n<p>La participaci\u00f3n de las y los adolescentes es fundamental para los procesos de prevenci\u00f3n de la violencia en cada una de las comunidades coahuilenses, por lo que se busca dotar de herramientas que coadyuven en la construcci\u00f3n de paz.<\/p>\n","protected":false},"excerpt":{"rendered":"<p>Saltillo, Coahuila de Zaragoza; a 5 de Abril de 2021.- Se realiza la segunda jornada de conferencias \u201cPorque me quiero me cuido, Vol. 2\u201d, coordinada por la Secundaria T\u00e9cnica #96 y la Unidad de Servicios de Apoyo a la Educaci\u00f3n Regular (USAER) 15 de esta ciudad capital, donde se tuvo la oportunidad de platicar con alumnos y alumnas que estuvieron participando en la actividad de manera virtual. La Direcci\u00f3n de&#8230;<\/p>\n","protected":false},"author":1,"featured_media":1363,"comment_status":"closed","ping_status":"closed","sticky":false,"template":"","format":"standard","meta":{"footnotes":""},"categories":[5,9,15],"tags":[],"class_list":["post-1362","post","type-post","status-publish","format-standard","has-post-thumbnail","hentry","category-coahuila","category-educacion","category-gobierno-de-coahuila","wpcat-5-id","wpcat-9-id","wpcat-15-id"],"_links":{"self":[{"href":"https:\/\/www.aquilaguna.com\/index.php\/wp-json\/wp\/v2\/posts\/1362","targetHints":{"allow":["GET"]}}],"collection":[{"href":"https:\/\/www.aquilaguna.com\/index.php\/wp-json\/wp\/v2\/posts"}],"about":[{"href":"https:\/\/www.aquilaguna.com\/index.php\/wp-json\/wp\/v2\/types\/post"}],"author":[{"embeddable":true,"href":"https:\/\/www.aquilaguna.com\/index.php\/wp-json\/wp\/v2\/users\/1"}],"replies":[{"embeddable":true,"href":"https:\/\/www.aquilaguna.com\/index.php\/wp-json\/wp\/v2\/comments?post=1362"}],"version-history":[{"count":1,"href":"https:\/\/www.aquilaguna.com\/index.php\/wp-json\/wp\/v2\/posts\/1362\/revisions"}],"predecessor-version":[{"id":1364,"href":"https:\/\/www.aquilaguna.com\/index.php\/wp-json\/wp\/v2\/posts\/1362\/revisions\/1364"}],"wp:featuredmedia":[{"embeddable":true,"href":"https:\/\/www.aquilaguna.com\/index.php\/wp-json\/wp\/v2\/media\/1363"}],"wp:attachment":[{"href":"https:\/\/www.aquilaguna.com\/index.php\/wp-json\/wp\/v2\/media?parent=1362"}],"wp:term":[{"taxonomy":"category","embeddable":true,"href":"https:\/\/www.aquilaguna.com\/index.php\/wp-json\/wp\/v2\/categories?post=1362"},{"taxonomy":"post_tag","embeddable":true,"href":"https:\/\/www.aquilaguna.com\/index.php\/wp-json\/wp\/v2\/tags?post=1362"}],"curies":[{"name":"wp","href":"https:\/\/api.w.org\/{rel}","templated":true}]}}