{"id":13643,"date":"2023-02-13T19:45:12","date_gmt":"2023-02-14T01:45:12","guid":{"rendered":"https:\/\/www.aquilaguna.com\/?p=13643"},"modified":"2023-02-13T19:45:13","modified_gmt":"2023-02-14T01:45:13","slug":"listas-las-rutas-alternas-previo-al-inicio-de-los-trabajos-del-sistema-vial-villa-florida","status":"publish","type":"post","link":"https:\/\/www.aquilaguna.com\/index.php\/2023\/02\/13\/listas-las-rutas-alternas-previo-al-inicio-de-los-trabajos-del-sistema-vial-villa-florida\/","title":{"rendered":"Listas las rutas alternas previo al inicio de los trabajos del Sistema Vial Villa Florida."},"content":{"rendered":"\n<p>Torre\u00f3n, Coahuila. A 13 de febrero de 2023.<\/p>\n\n\n\n<p>\u00a0Con el inicio de los trabajos del Sistema Vial Villa Florida, se proceder\u00e1 al cierre de<br>dos accesos en el per\u00edmetro el mi\u00e9rcoles 15 de febrero, por lo cual se recomienda<br>a la ciudadan\u00eda y a los transportistas tomar las precauciones necesarias y atender<br>las indicaciones de los agentes de tr\u00e1nsito.<\/p>\n\n\n\n<p>Luis Morales Cort\u00e9s, titular de la Direcci\u00f3n de Vialidad y Movilidad Urbana, explic\u00f3<br>que el primer cierre ser\u00e1 en el carril lateral del perif\u00e9rico, del bulevar El Tajito al<br>bulevar La Nogalera, por lo que el tr\u00e1nsito local y de carga deber\u00e1 desviarse hac\u00eda<br>el puente de La Uni\u00f3n y tomar el bulevar El Tajito, tambi\u00e9n conocido como bulevar<br>Coahuila, para as\u00ed dar vuelta en el bulevar Centenario o seguir hasta el bulevar La<br>Nogalera.<\/p>\n\n\n\n<p>Dijo que el segundo cierre es sobre el carril lateral del bulevar La Nogalera de sur<br>a norte, donde se permitir\u00e1 dar vuelta a la izquierda para tomar el carril lateral del<br>Perif\u00e9rico Ra\u00fal L\u00f3pez S\u00e1nchez en direcci\u00f3n a G\u00f3mez Palacio.<\/p>\n\n\n\n<p>La presencia de agentes viales ser\u00e1 permanente en los puntos clave de la obra, y<br>se contar\u00e1 con la se\u00f1alizaci\u00f3n debida a 100 y 500 metros, con el objetivo de que<br>sea percibida a tiempo por los conductores.<\/p>\n\n\n\n<p>En la fase inicial de la obra no se contempla el cierre del carril que permite circular<br>por el bulevar La Nogalera y dar vuelta a la izquierda a la Plaza Almanara.<\/p>\n\n\n\n<p>Por su parte Juan Adolfo Von Bertrab Saracho, titular de la Direcci\u00f3n de Obras<br>P\u00fablicas, se\u00f1al\u00f3 que la colonia Villa Florida no se ver\u00e1 afectada con la<br>implementaci\u00f3n de las rutas alternas, ya que el tr\u00e1fico pesado no ingresar\u00e1 al<br>sector habitacional.<\/p>\n\n\n\n<p>\u201cEl objetivo es minimizar las molestias a la ciudadan\u00eda general, y tambi\u00e9n hemos<br>tenido reuniones con los colonos de Villa Florida para hablar sobre el tema\u201d,<br>explic\u00f3.<\/p>\n\n\n\n<p>Dijo que el equipo de cero baches del Sistema Integral de Mantenimiento Vial<br>(SIMV), ha estado trabajando en las rutas alternas para que est\u00e9n en \u00f3ptimas<br>condiciones al momento de entrar en operaci\u00f3n.<\/p>\n\n\n\n<p>Cualquier informaci\u00f3n o modificaci\u00f3n ser\u00e1 dada a conocer con oportunidad en las<br>redes sociales de la Direcci\u00f3n de Tr\u00e1nsito y Vialidad, as\u00ed como en el sitio<br><a href=\"https:\/\/www.torreon.gob.mx\/pvf\" target=\"_blank\" rel=\"noreferrer noopener\">https:\/\/www.torreon.gob.mx\/pvf<\/a>.<\/p>\n","protected":false},"excerpt":{"rendered":"<p>Torre\u00f3n, Coahuila. A 13 de febrero de 2023. \u00a0Con el inicio de los trabajos del Sistema Vial Villa Florida, se proceder\u00e1 al cierre dedos accesos en el per\u00edmetro el mi\u00e9rcoles 15 de febrero, por lo cual se recomiendaa la ciudadan\u00eda y a los transportistas tomar las precauciones necesarias y atenderlas indicaciones de los agentes de tr\u00e1nsito. Luis Morales Cort\u00e9s, titular de la Direcci\u00f3n de Vialidad y Movilidad Urbana, explic\u00f3que el&#8230;<\/p>\n","protected":false},"author":1,"featured_media":13644,"comment_status":"closed","ping_status":"closed","sticky":false,"template":"","format":"standard","meta":{"footnotes":""},"categories":[5,28,7,68],"tags":[],"class_list":["post-13643","post","type-post","status-publish","format-standard","has-post-thumbnail","hentry","category-coahuila","category-la-laguna","category-torreon","category-transporte","wpcat-5-id","wpcat-28-id","wpcat-7-id","wpcat-68-id"],"_links":{"self":[{"href":"https:\/\/www.aquilaguna.com\/index.php\/wp-json\/wp\/v2\/posts\/13643","targetHints":{"allow":["GET"]}}],"collection":[{"href":"https:\/\/www.aquilaguna.com\/index.php\/wp-json\/wp\/v2\/posts"}],"about":[{"href":"https:\/\/www.aquilaguna.com\/index.php\/wp-json\/wp\/v2\/types\/post"}],"author":[{"embeddable":true,"href":"https:\/\/www.aquilaguna.com\/index.php\/wp-json\/wp\/v2\/users\/1"}],"replies":[{"embeddable":true,"href":"https:\/\/www.aquilaguna.com\/index.php\/wp-json\/wp\/v2\/comments?post=13643"}],"version-history":[{"count":1,"href":"https:\/\/www.aquilaguna.com\/index.php\/wp-json\/wp\/v2\/posts\/13643\/revisions"}],"predecessor-version":[{"id":13645,"href":"https:\/\/www.aquilaguna.com\/index.php\/wp-json\/wp\/v2\/posts\/13643\/revisions\/13645"}],"wp:featuredmedia":[{"embeddable":true,"href":"https:\/\/www.aquilaguna.com\/index.php\/wp-json\/wp\/v2\/media\/13644"}],"wp:attachment":[{"href":"https:\/\/www.aquilaguna.com\/index.php\/wp-json\/wp\/v2\/media?parent=13643"}],"wp:term":[{"taxonomy":"category","embeddable":true,"href":"https:\/\/www.aquilaguna.com\/index.php\/wp-json\/wp\/v2\/categories?post=13643"},{"taxonomy":"post_tag","embeddable":true,"href":"https:\/\/www.aquilaguna.com\/index.php\/wp-json\/wp\/v2\/tags?post=13643"}],"curies":[{"name":"wp","href":"https:\/\/api.w.org\/{rel}","templated":true}]}}