{"id":13693,"date":"2023-02-15T18:21:36","date_gmt":"2023-02-16T00:21:36","guid":{"rendered":"https:\/\/www.aquilaguna.com\/?p=13693"},"modified":"2023-02-15T18:21:37","modified_gmt":"2023-02-16T00:21:37","slug":"apoya-coahuila-a-menores-que-padecen-cancer","status":"publish","type":"post","link":"https:\/\/www.aquilaguna.com\/index.php\/2023\/02\/15\/apoya-coahuila-a-menores-que-padecen-cancer\/","title":{"rendered":"APOYA COAHUILA A MENORES QUE PADECEN C\u00c1NCER."},"content":{"rendered":"\n<p>\u00b7\u00a0\u00a0\u00a0\u00a0\u00a0\u00a0<strong><em>Reiteran autoridades compromiso con la detecci\u00f3n y tratamiento oportuno de los tumores malignos en ni\u00f1os y ni\u00f1as.\u00a0<\/em><\/strong><\/p>\n\n\n\n<p>Saltillo, Coahuila de Zaragoza; a 15 de Febrero del 2023.- En el marco de la celebraci\u00f3n del D\u00eda Internacional de la Lucha Contra el C\u00e1ncer Infantil, la presidenta del Voluntariado de Salud, Alma Lee Chibli de Bernal, acudi\u00f3 al Hospital Materno Infantil para conmemorar esta fecha en compa\u00f1\u00eda de los ni\u00f1os y padres de familia que actualmente se encuentran bajo tratamiento oncol\u00f3gico sin costo alguno.&nbsp;<\/p>\n\n\n\n<p>En su mensaje, dio la bienvenida a los ni\u00f1os y ni\u00f1as que estuvieron presentes, reconociendo el esfuerzo que realizan diariamente para librar la batalla contra el c\u00e1ncer.&nbsp;<\/p>\n\n\n\n<p>\u201cEllos y sus familiares son quienes se encuentran en la lucha diaria contra esta terrible enfermedad, por eso merecen nuestro reconocimiento y apoyo incondicional\u201d, dijo.&nbsp;<\/p>\n\n\n\n<p>Asimismo, destac\u00f3 que el c\u00e1ncer infantil es un tema en que el gobernador Miguel \u00c1ngel Riquelme Sol\u00eds &#8211; a trav\u00e9s de la Secretar\u00eda de Salud de Coahuila &#8211; se ha preocupado y ocupado, comprometi\u00e9ndose a mejorar la calidad de vida de los ni\u00f1os.&nbsp;<\/p>\n\n\n\n<p>De igual manera, la presidenta del Voluntariado de Salud enfatiz\u00f3 que el c\u00e1ncer infantil tiene un pron\u00f3stico mas favorable, puesto que el 80 por ciento de los casos en infantes, son curables.&nbsp;<\/p>\n\n\n\n<p>\u201cEl c\u00e1ncer no distingue, pero nosotros si podemos distinguirlo a \u00e9l\u2026 la detecci\u00f3n oportuna puede salvar vidas\u201d, enfatiz\u00f3.&nbsp;<\/p>\n\n\n\n<p>Por otro lado, destac\u00f3 que a lo largo de la Administraci\u00f3n el Voluntariado ha puesto en marcha el programa, Mi Aula Virtual desde el Hospital, con el que contribuyen a que ni\u00f1os que se encuentran hospitalizados bajo tratamientos m\u00e9dicos largos contin\u00faen con sus clases.&nbsp;<\/p>\n\n\n\n<p>Inform\u00f3 que este programa es implemtado en Torre\u00f3n, Monclova y Saltillo.&nbsp;<\/p>\n\n\n\n<p>Al t\u00e9rmino del evento, las autoridades presentes hicieron entrega de obsequios a once ni\u00f1os que padecen c\u00e1ncer y liberaron globos amarillos a las afueras del hospital, como un s\u00edmbolo de solidaridad y concientizacion.<\/p>\n\n\n\n<p>A esta conmemoraci\u00f3n acudieron Eliud Aguirre V\u00e1zquez, Subsecretario de Servicios de Salud; Roberto C\u00e1rdenas Zavala, Director General del DIF Coahuila; Alma Rosa Paredes, Directora General del ISREEEI; Beatriz D\u00e1vila de Fraustro, presidenta honoraria del DIF Saltillo; Carlos Iv\u00e1n Oyervides, Director del Hospital Materno Infantil, y damas voluntarias.<\/p>\n","protected":false},"excerpt":{"rendered":"<p>\u00b7\u00a0\u00a0\u00a0\u00a0\u00a0\u00a0Reiteran autoridades compromiso con la detecci\u00f3n y tratamiento oportuno de los tumores malignos en ni\u00f1os y ni\u00f1as.\u00a0 Saltillo, Coahuila de Zaragoza; a 15 de Febrero del 2023.- En el marco de la celebraci\u00f3n del D\u00eda Internacional de la Lucha Contra el C\u00e1ncer Infantil, la presidenta del Voluntariado de Salud, Alma Lee Chibli de Bernal, acudi\u00f3 al Hospital Materno Infantil para conmemorar esta fecha en compa\u00f1\u00eda de los ni\u00f1os y padres&#8230;<\/p>\n","protected":false},"author":1,"featured_media":13694,"comment_status":"closed","ping_status":"closed","sticky":false,"template":"","format":"standard","meta":{"footnotes":""},"categories":[5,15,14],"tags":[],"class_list":["post-13693","post","type-post","status-publish","format-standard","has-post-thumbnail","hentry","category-coahuila","category-gobierno-de-coahuila","category-salud","wpcat-5-id","wpcat-15-id","wpcat-14-id"],"_links":{"self":[{"href":"https:\/\/www.aquilaguna.com\/index.php\/wp-json\/wp\/v2\/posts\/13693","targetHints":{"allow":["GET"]}}],"collection":[{"href":"https:\/\/www.aquilaguna.com\/index.php\/wp-json\/wp\/v2\/posts"}],"about":[{"href":"https:\/\/www.aquilaguna.com\/index.php\/wp-json\/wp\/v2\/types\/post"}],"author":[{"embeddable":true,"href":"https:\/\/www.aquilaguna.com\/index.php\/wp-json\/wp\/v2\/users\/1"}],"replies":[{"embeddable":true,"href":"https:\/\/www.aquilaguna.com\/index.php\/wp-json\/wp\/v2\/comments?post=13693"}],"version-history":[{"count":1,"href":"https:\/\/www.aquilaguna.com\/index.php\/wp-json\/wp\/v2\/posts\/13693\/revisions"}],"predecessor-version":[{"id":13695,"href":"https:\/\/www.aquilaguna.com\/index.php\/wp-json\/wp\/v2\/posts\/13693\/revisions\/13695"}],"wp:featuredmedia":[{"embeddable":true,"href":"https:\/\/www.aquilaguna.com\/index.php\/wp-json\/wp\/v2\/media\/13694"}],"wp:attachment":[{"href":"https:\/\/www.aquilaguna.com\/index.php\/wp-json\/wp\/v2\/media?parent=13693"}],"wp:term":[{"taxonomy":"category","embeddable":true,"href":"https:\/\/www.aquilaguna.com\/index.php\/wp-json\/wp\/v2\/categories?post=13693"},{"taxonomy":"post_tag","embeddable":true,"href":"https:\/\/www.aquilaguna.com\/index.php\/wp-json\/wp\/v2\/tags?post=13693"}],"curies":[{"name":"wp","href":"https:\/\/api.w.org\/{rel}","templated":true}]}}