{"id":137,"date":"2021-02-04T19:27:57","date_gmt":"2021-02-05T01:27:57","guid":{"rendered":"http:\/\/34.69.167.107\/?p=137"},"modified":"2021-02-04T19:27:57","modified_gmt":"2021-02-05T01:27:57","slug":"enriquecen-universitarios-plan-de-accion-de-shv","status":"publish","type":"post","link":"https:\/\/www.aquilaguna.com\/index.php\/2021\/02\/04\/enriquecen-universitarios-plan-de-accion-de-shv\/","title":{"rendered":"Enriquecen Universitarios Plan de Acci\u00f3n de SHV."},"content":{"rendered":"\n<p>SALTILLO, Coahuila. 4 de febrero de 2021.- Para dar continuidad con el plan de trabajo del candidato a la Rector\u00eda de la Universidad Aut\u00f3noma de Coahuila, Salvador Hern\u00e1ndez V\u00e9lez, el Coordinador de Campa\u00f1a, V\u00edctor Manuel S\u00e1nchez Vald\u00e9s y el equipo de trabajo, contin\u00faan escuchando las peticiones y comentarios de la comunidad universitaria.<\/p>\n\n\n\n<p><br>Siguiendo con la agenda del candidato, se tuvieron reuniones virtuales con las y los alumnos y docentes de las Facultades de Arquitectura, Jurisprudencia, Ciencias Qu\u00edmicas, Ciencias de la Administraci\u00f3n, la Escuela de Ciencias Sociales, Superior de M\u00fasica y de Bachilleres #1 en la Unidad Saltillo, as\u00ed como de la Facultad de Administraci\u00f3n Fiscal y Financiera en la Unidad Torre\u00f3n.<\/p>\n\n\n\n<p><br>El Coordinador de Campa\u00f1a, V\u00edctor S\u00e1nchez, destac\u00f3 que para el candidato a la Rector\u00eda es de suma importancia mantener cercan\u00eda con la comunidad universitaria y escuchar de primera mano las necesidades y peticiones para que, en unidad, la UAdeC siga transform\u00e1ndose.<\/p>\n\n\n\n<p><br>Des esta manera, comparti\u00f3 con las y los universitarios que dentro del plan de acci\u00f3n se busca enfocar los recursos a las obras de mayor impacto, s\u00ed como desarrollar un plan de mantenimiento de la infraestructura, adem\u00e1s de gestionar la compra de equipamiento para laboratorios, talleres, consultorios y otros espacios de formaci\u00f3n.<\/p>\n\n\n\n<p><br>De igual manera, se buscar\u00e1 adaptar los centros de c\u00f3mputo en toda la Universidad, para ofrecer el mejor servicio, se ampliar\u00e1 el ancho de banda de internet en las escuelas, facultades e institutos, adem\u00e1s de instalar routers que permitan una mejor conectividad en los edificios.<\/p>\n\n\n\n<p><br>En coordinaci\u00f3n con Fundaci\u00f3n UAdeC, se pondr\u00e1 en marcha una campa\u00f1a para recibir donativos que ayuden a las y los estudiantes con problemas de conexi\u00f3n para otorgarles paquetes mensuales de datos de internet y as\u00ed puedan continuar con su formaci\u00f3n acad\u00e9mica.<\/p>\n\n\n\n<p><br>Por otro lado, se trabajar\u00e1 en enfocar las actividades de la Universidad a dar respuesta a los problemas de las regiones de Coahuila, sumando esfuerzos con las comunidades, los gobiernos y las empresas y generando nuevos aliados para beneficio de la UAdeC y la comunidad del estado.<\/p>\n\n\n\n<p><br>Se incrementar\u00e1 la presencia de las y los universitarios en foros internacionales, as\u00ed como la colaboraci\u00f3n con universidades extranjeras; se ampliar\u00e1 el programa de bachillerato biling\u00fce progresivo a otros planteles de la Universidad y se redise\u00f1ar\u00e1 el Programa de Ingl\u00e9s Curricular para que las y los estudiantes logren su acreditaci\u00f3n en el dominio del idioma, adem\u00e1s ampliaremos las opciones de aprendizaje de otras lenguas a trav\u00e9s de los Centros de Idiomas.<\/p>\n","protected":false},"excerpt":{"rendered":"<p>SALTILLO, Coahuila. 4 de febrero de 2021.- Para dar continuidad con el plan de trabajo del candidato a la Rector\u00eda de la Universidad Aut\u00f3noma de Coahuila, Salvador Hern\u00e1ndez V\u00e9lez, el Coordinador de Campa\u00f1a, V\u00edctor Manuel S\u00e1nchez Vald\u00e9s y el equipo de trabajo, contin\u00faan escuchando las peticiones y comentarios de la comunidad universitaria. Siguiendo con la agenda del candidato, se tuvieron reuniones virtuales con las y los alumnos y docentes de&#8230;<\/p>\n","protected":false},"author":1,"featured_media":138,"comment_status":"closed","ping_status":"","sticky":false,"template":"","format":"standard","meta":{"footnotes":""},"categories":[20,2],"tags":[],"class_list":["post-137","post","type-post","status-publish","format-standard","has-post-thumbnail","hentry","category-campanas","category-uadec","wpcat-20-id","wpcat-2-id"],"_links":{"self":[{"href":"https:\/\/www.aquilaguna.com\/index.php\/wp-json\/wp\/v2\/posts\/137","targetHints":{"allow":["GET"]}}],"collection":[{"href":"https:\/\/www.aquilaguna.com\/index.php\/wp-json\/wp\/v2\/posts"}],"about":[{"href":"https:\/\/www.aquilaguna.com\/index.php\/wp-json\/wp\/v2\/types\/post"}],"author":[{"embeddable":true,"href":"https:\/\/www.aquilaguna.com\/index.php\/wp-json\/wp\/v2\/users\/1"}],"replies":[{"embeddable":true,"href":"https:\/\/www.aquilaguna.com\/index.php\/wp-json\/wp\/v2\/comments?post=137"}],"version-history":[{"count":1,"href":"https:\/\/www.aquilaguna.com\/index.php\/wp-json\/wp\/v2\/posts\/137\/revisions"}],"predecessor-version":[{"id":139,"href":"https:\/\/www.aquilaguna.com\/index.php\/wp-json\/wp\/v2\/posts\/137\/revisions\/139"}],"wp:featuredmedia":[{"embeddable":true,"href":"https:\/\/www.aquilaguna.com\/index.php\/wp-json\/wp\/v2\/media\/138"}],"wp:attachment":[{"href":"https:\/\/www.aquilaguna.com\/index.php\/wp-json\/wp\/v2\/media?parent=137"}],"wp:term":[{"taxonomy":"category","embeddable":true,"href":"https:\/\/www.aquilaguna.com\/index.php\/wp-json\/wp\/v2\/categories?post=137"},{"taxonomy":"post_tag","embeddable":true,"href":"https:\/\/www.aquilaguna.com\/index.php\/wp-json\/wp\/v2\/tags?post=137"}],"curies":[{"name":"wp","href":"https:\/\/api.w.org\/{rel}","templated":true}]}}