{"id":13704,"date":"2023-02-15T18:28:51","date_gmt":"2023-02-16T00:28:51","guid":{"rendered":"https:\/\/www.aquilaguna.com\/?p=13704"},"modified":"2023-02-15T18:28:51","modified_gmt":"2023-02-16T00:28:51","slug":"mars-anuncia-inversion-de-57-mdd-para-municipio-de-acuna","status":"publish","type":"post","link":"https:\/\/www.aquilaguna.com\/index.php\/2023\/02\/15\/mars-anuncia-inversion-de-57-mdd-para-municipio-de-acuna\/","title":{"rendered":"MARS ANUNCIA INVERSI\u00d3N DE 57 MDD PARA MUNICIPIO DE ACU\u00d1A."},"content":{"rendered":"\n<p>\u00b7\u00a0\u00a0\u00a0\u00a0\u00a0\u00a0<strong><em>El gobernador Miguel Riquelme reafirma compromiso en materia de seguridad, desarrollo econ\u00f3mico, educaci\u00f3n y competitividad<\/em><\/strong><\/p>\n\n\n\n<p>Saltillo, Coahuila de Zaragoza; a 15 de Febrero de 2023.- El gobernador Miguel \u00c1ngel Riquelme Sol\u00eds realiz\u00f3 el anunci\u00f3 de inversi\u00f3n de 57 millones de d\u00f3lares para la Planta IV de la Empresa BENDIX, en el Municipio de Acu\u00f1a, dedicada a la fabricaci\u00f3n de sistemas de frenos para veh\u00edculos comerciales.<\/p>\n\n\n\n<p>\u201cHasta el \u00faltimo d\u00eda de mi Gobierno vamos a generar las condiciones que merece una empresa que ha confiado en nosotros como BENDIX, y en ese sentido estamos metidos en la seguridad, estamos metidos en la educaci\u00f3n de Coahuila, en la certidumbre jur\u00eddica\u201d, declar\u00f3.<\/p>\n\n\n\n<p>Riquelme Sol\u00eds puntualiz\u00f3 el compromiso que tiene el Gobierno del Estado en materia de desarrollo econ\u00f3mico, generando la competitividad que requiere Coahuila para seguir generando empleos y oportunidades de desarrollo.<\/p>\n\n\n\n<p>\u201cTengo que agradecer la decisi\u00f3n del d\u00eda de hoy al anunciar la cuarta planta en Ciudad Acu\u00f1a. Esta inversi\u00f3n de 57 millones de d\u00f3lares, que suman m\u00e1s de 180 empleos, es algo que mueve la econom\u00eda de Acu\u00f1a en momentos cruciales para nuestro estado\u201d, precis\u00f3.<\/p>\n\n\n\n<p>En su intervenci\u00f3n, el Secretario de Econom\u00eda estatal, Claudio Bres Garza, destac\u00f3 el trabajo efectuado por el Gobierno de Coahuila para la atracci\u00f3n de inversiones y generaci\u00f3n de empleos en las cinco regiones y para garantizar el desarrollo econ\u00f3mico de toda la entidad.<\/p>\n\n\n\n<p>La Gerente General de BENDIX Acu\u00f1a, Jacqueline P\u00e9rez Salinas, agradeci\u00f3 al gobernador Miguel Riquelme por el apoyo y las facilidades que hicieron posible que la nueva Planta IV fuera ubicada en Acu\u00f1a, donde tienen m\u00e1s de 30 a\u00f1os instalados.<\/p>\n\n\n\n<p>\u201cNuestra empresa lleva m\u00e1s de 30 a\u00f1os en Ciudad Acu\u00f1a y durante este tiempo nos hemos dedicado a la fabricaci\u00f3n de sistemas de frenos para veh\u00edculos comerciales, y me enorgullece decir que lo hemos hecho con excelentes resultados, entregando productos de alta calidad\u201d, declar\u00f3.<\/p>\n\n\n\n<p>\u201cEste proyecto es un nuevo reto para nuestro equipo, pero estoy convencida que trabajando como lo hemos estado haciendo, con el entrenamiento y la mejora continua, vamos a ser exitosos y tendremos una excelente oportunidad de desarrollo y crecimiento\u201d, a\u00f1adi\u00f3.<\/p>\n\n\n\n<p>El Alcalde de Acu\u00f1a, Emilio de Hoyos Montemayor, reiter\u00f3 el compromiso de seguir trabajando en equipo, de seguir haciendo sinergia entre el Gobierno Municipal de Acu\u00f1a y el Gobierno del Estado, no s\u00f3lo en el tema de desarrollo econ\u00f3mico, sino en todos los temas para lograr el Acu\u00f1a y el Coahuila de progreso y desarrollo.<\/p>\n\n\n\n<p>En el evento estuvieron presentes, adem\u00e1s, el Subdirector de BENDIX, David Rountree; la Directora de Recursos Humanos de BENDIX, Belem Fierro, y el presidente del Grupo AMISTAD, Claudio Ram\u00f3n.<\/p>\n","protected":false},"excerpt":{"rendered":"<p>\u00b7\u00a0\u00a0\u00a0\u00a0\u00a0\u00a0El gobernador Miguel Riquelme reafirma compromiso en materia de seguridad, desarrollo econ\u00f3mico, educaci\u00f3n y competitividad Saltillo, Coahuila de Zaragoza; a 15 de Febrero de 2023.- El gobernador Miguel \u00c1ngel Riquelme Sol\u00eds realiz\u00f3 el anunci\u00f3 de inversi\u00f3n de 57 millones de d\u00f3lares para la Planta IV de la Empresa BENDIX, en el Municipio de Acu\u00f1a, dedicada a la fabricaci\u00f3n de sistemas de frenos para veh\u00edculos comerciales. \u201cHasta el \u00faltimo d\u00eda de&#8230;<\/p>\n","protected":false},"author":1,"featured_media":13705,"comment_status":"closed","ping_status":"closed","sticky":false,"template":"","format":"standard","meta":{"footnotes":""},"categories":[5,15,65],"tags":[],"class_list":["post-13704","post","type-post","status-publish","format-standard","has-post-thumbnail","hentry","category-coahuila","category-gobierno-de-coahuila","category-inversion","wpcat-5-id","wpcat-15-id","wpcat-65-id"],"_links":{"self":[{"href":"https:\/\/www.aquilaguna.com\/index.php\/wp-json\/wp\/v2\/posts\/13704","targetHints":{"allow":["GET"]}}],"collection":[{"href":"https:\/\/www.aquilaguna.com\/index.php\/wp-json\/wp\/v2\/posts"}],"about":[{"href":"https:\/\/www.aquilaguna.com\/index.php\/wp-json\/wp\/v2\/types\/post"}],"author":[{"embeddable":true,"href":"https:\/\/www.aquilaguna.com\/index.php\/wp-json\/wp\/v2\/users\/1"}],"replies":[{"embeddable":true,"href":"https:\/\/www.aquilaguna.com\/index.php\/wp-json\/wp\/v2\/comments?post=13704"}],"version-history":[{"count":1,"href":"https:\/\/www.aquilaguna.com\/index.php\/wp-json\/wp\/v2\/posts\/13704\/revisions"}],"predecessor-version":[{"id":13706,"href":"https:\/\/www.aquilaguna.com\/index.php\/wp-json\/wp\/v2\/posts\/13704\/revisions\/13706"}],"wp:featuredmedia":[{"embeddable":true,"href":"https:\/\/www.aquilaguna.com\/index.php\/wp-json\/wp\/v2\/media\/13705"}],"wp:attachment":[{"href":"https:\/\/www.aquilaguna.com\/index.php\/wp-json\/wp\/v2\/media?parent=13704"}],"wp:term":[{"taxonomy":"category","embeddable":true,"href":"https:\/\/www.aquilaguna.com\/index.php\/wp-json\/wp\/v2\/categories?post=13704"},{"taxonomy":"post_tag","embeddable":true,"href":"https:\/\/www.aquilaguna.com\/index.php\/wp-json\/wp\/v2\/tags?post=13704"}],"curies":[{"name":"wp","href":"https:\/\/api.w.org\/{rel}","templated":true}]}}