{"id":13727,"date":"2023-02-16T19:09:20","date_gmt":"2023-02-17T01:09:20","guid":{"rendered":"https:\/\/www.aquilaguna.com\/?p=13727"},"modified":"2023-02-16T19:09:21","modified_gmt":"2023-02-17T01:09:21","slug":"nace-invest-in-la-laguna-la-marca-que-pone-a-la-region-lagunera-en-el-foco-de-los-inversionistas","status":"publish","type":"post","link":"https:\/\/www.aquilaguna.com\/index.php\/2023\/02\/16\/nace-invest-in-la-laguna-la-marca-que-pone-a-la-region-lagunera-en-el-foco-de-los-inversionistas\/","title":{"rendered":"NACE INVEST IN LA LAGUNA, LA MARCA QUE PONE A LA REGI\u00d3N LAGUNERA EN EL FOCO DE LOS INVERSIONISTAS."},"content":{"rendered":"\n<p>Cd. de M\u00e9xico, jueves 16 de febrero de 2023.- En alianza con un grupo de<br>asociaciones, c\u00e1maras, empresas y gobiernos, FOMEC (Fomento Econ\u00f3mico de la<br>Laguna AC) lanza la marca regional estrat\u00e9gica Invest In La Laguna.<br>Ante la presencia de decenas de empresarios nacionales y laguneros, brokers,<br>desarrolladores inmobiliarios industriales, funcionarios y diplom\u00e1ticos de varios pa\u00edses, el<br>lanzamiento de la marca se llev\u00f3 a cabo la tarde de hoy en el Club de Industriales de<br>Polanco en la Ciudad de M\u00e9xico.<\/p>\n\n\n\n<p>A la presentaci\u00f3n acudieron empresarios referentes en la esfera econ\u00f3mica<br>nacional y regional como Eduardo Tricio Haro, Francisco Cervantes y Jos\u00e9 Abugaber,<br>adem\u00e1s de l\u00edderes de organismos empresariales y c\u00e1maras en Coahuila y Durango.<\/p>\n\n\n\n<p>Durante el evento se explic\u00f3 que la coyuntura econ\u00f3mica internacional abre una<br>gran oportunidad para La Laguna. La guerra comercial entre Estados Unidos y China, los<br>trastornos en las cadenas globales de suministro y las turbulencias geopol\u00edticas por la<br>guerra en Ucrania, han llevado a Estados Unidos a buscar sustituir parte del offshoring<br>(cadenas de comercio global) por el nearshoring (cadenas de comercio regional).<\/p>\n\n\n\n<p>El Tratado M\u00e9xico-EEUU-Canad\u00e1 (TMEC) es el marco perfecto para que se<br>consolide el nearshoring en Norteam\u00e9rica y, adem\u00e1s, se atraigan inversiones de otras<br>partes del planeta que buscan competir en el mercado de mayor valor en el mundo. Y<br>dentro de este marco, La Laguna se encuentra ante una oportunidad inmejorable.<\/p>\n\n\n\n<p>Invest In La Laguna es una marca estrat\u00e9gica regional que nace con el objetivo de<br>posicionar a la regi\u00f3n como el Coraz\u00f3n del Norte de M\u00e9xico y est\u00e1 enfocada en comunicar<br>las ventajas competitivas de La Laguna como destino de inversi\u00f3n para atraer capitales<br>que busquen invertir en \u00e1reas econ\u00f3micas de alto valor.<\/p>\n\n\n\n<p>La marca engloba contenidos de informaci\u00f3n y promoci\u00f3n sobre la regi\u00f3n<br>desplegados a trav\u00e9s de la p\u00e1gina web <a href=\"http:\/\/investinlalaguna.com\" target=\"_blank\" rel=\"noreferrer noopener\">investinlalaguna.com<\/a>, redes sociales (LinkedIn,<br>Twitter y Facebook), medios de comunicaci\u00f3n y materiales impresos y digitales que ser\u00e1n<br>distribuidos a trav\u00e9s de brokers, entidades financieras, fondos de inversi\u00f3n, c\u00e1maras<br>empresariales, autoridades nacionales e internacionales y oficinas de promoci\u00f3n<br>econ\u00f3mica en el exterior.<\/p>\n\n\n\n<p>En calidad de anfitri\u00f3n, Luis T\u00e9llez, presidente del Club de Industriales dio la<br>bienvenida y dijo: \u201cnos sentimos orgullosos de recibir a nuestros amigos laguneros\u201d y<br>coment\u00f3 sobre las oportunidades que tiene La Laguna para aprovechar el contexto global<br>actual para lo cual es importante considerar electricidad, inversi\u00f3n p\u00fablica e<br>infraestructura en conectividad terrestre.<\/p>\n\n\n\n<p>Jorge P\u00e9rez, presidente de FOMEC, declar\u00f3 que el lanzamiento de la marca Invest<br>in La Laguna es una muestra de que \u201clos laguneros estamos listos para hacer nuestra<br>parte para atraer las inversiones\u201d. Coment\u00f3 adem\u00e1s que de entre todas las ventajas que<br>tiene La Laguna, su talento joven, capacitado y productivo es la mejor. Por eso, dijo, \u201cla<br>Laguna es su mejor opci\u00f3n para invertir\u201d.<\/p>\n\n\n\n<p>Para alcanzar los objetivos de la marca, \u201cla coordinaci\u00f3n con las autoridades de<br>los tres niveles de gobierno es fundamental, por lo que estamos trabajando en<br>colaboraci\u00f3n con los gobiernos locales, estatales de Coahuila y Durango y el gobierno<br>federal\u201d, coment\u00f3 Tal\u00eda Romero, directora de FOMEC.<\/p>\n\n\n\n<p>Samuel Campos, director de Newmark para Am\u00e9rica Latina, ofreci\u00f3 una<br>conferencia en la que destac\u00f3 que \u201cLa Laguna presenta hoy las mismas cualidades que<br>tuvo la regi\u00f3n del Baj\u00edo hace 30 a\u00f1os para desarrollar su industria\u201d. Asegur\u00f3 que dadas<br>sus caracter\u00edsticas y ventajas, \u201cLa Laguna es la nueva joya industrial de M\u00e9xico\u201d.<\/p>\n\n\n\n<p>Por su parte, Francisco Cervantes, presidente del Consejo Coordinador<br>Empresarial, destac\u00f3 que la iniciativa de FOMEC es un referente nacional y un ejemplo de<br>lo que se debe hacer para impulsar la promoci\u00f3n de las regiones de M\u00e9xico. \u201cTenemos<br>que hacer de La Laguna un centro de atenci\u00f3n empresarial, esta estrategia s\u00f3lida de<br>Invest in La Laguna es un gran referente\u201d, dijo.<\/p>\n\n\n\n<p>Para Jos\u00e9 Abugaber, presidente de la Confederaci\u00f3n de C\u00e1maras Industriales, La<br>Laguna cuenta con grandes atractivos para la inversi\u00f3n, sobre todo por su cercan\u00eda con el<br>gran mercado de Estados Unidos. \u201cLa industria se siente muy c\u00f3moda en La Laguna por<br>sus grandes cualidades econ\u00f3micas\u201d, coment\u00f3.<\/p>\n\n\n\n<p>El gobernador de Coahuila, Miguel \u00c1ngel Riquelme, destac\u00f3 el esfuerzo de<br>FOMEC para poner a La Laguna en el foco del mundo y dijo que una de las principales<br>ventajas de La Laguna es su seguridad. \u201cEstamos trabajando en la consolidaci\u00f3n del<br>Corredor Econ\u00f3mico del Norte, en donde La Laguna, por su competitividad y<br>productividad, es un destino de inversi\u00f3n de primer orden\u201d.<\/p>\n\n\n\n<p>Esteban Villegas, gobernador de Durango, resalt\u00f3 que \u201cla Comarca Lagunera tiene<br>todo para atraer inversiones de empresas tecnificadas con mano de obra calificada; \u201cLa<br>Laguna tiene agua, electricidad, gas y, sobre todo, seguridad\u201d. Y exhort\u00f3 a seguir<br>trabajando juntos para mejorar la infraestructura de la regi\u00f3n.<\/p>\n\n\n\n<p>Para cerrar el evento los gobernadores de Coahuila y Durango firmaron un<br>convenio de colaboraci\u00f3n para impulsar la marca Invest In La Laguna y, con ello, la<br>atracci\u00f3n de inversiones a esta importante regi\u00f3n del centro norte de M\u00e9xico.<\/p>\n\n\n\n<p>En el evento tambi\u00e9n estuvieron presentes Luis Antonio Ram\u00edrez, director de Nafin<br>y Bancomext; Roger C. Rigaud, c\u00f3nsul de EEUU en Monterrey, y los alcaldes de Torre\u00f3n,<br>Rom\u00e1n Alberto Cepeda, Lerdo, Homero Mart\u00ednez y Matamoros, Miguel \u00c1ngel Mart\u00ednez.<\/p>\n\n\n\n<p><strong>Sobre Invest in La Laguna<\/strong><\/p>\n\n\n\n<p>Invest In La Laguna nace con la visi\u00f3n de posicionar a la regi\u00f3n como una potencia<br>en la aplicaci\u00f3n de la industria 4.0 en M\u00e9xico con lo que, en 2030, alcanzar\u00e1 el noveno<br>lugar en PIB per c\u00e1pita en el pa\u00eds y mantendr\u00e1 un crecimiento del PIB nominal de al<br>menos 5 % anual.<\/p>\n\n\n\n<p>La industria 4.0 es la Cuarta Revoluci\u00f3n Industrial, en la que se combinan t\u00e9cnicas<br>avanzadas de producci\u00f3n y operaciones con tecnolog\u00edas inteligentes.<br>Invest In La Laguna destaca seis ventajas competitivas de la regi\u00f3n:<\/p>\n\n\n\n<ol class=\"wp-block-list\">\n<li>Su ubicaci\u00f3n. La Laguna se ubica en medio de la zona de mayor empuje<br>econ\u00f3mico de M\u00e9xico, en el centro de la ruta m\u00e1s din\u00e1mica del pa\u00eds y forma parte<br>del Corredor TMEC.<\/li>\n\n\n\n<li>Su conectividad carretera, ferroviaria y a\u00e9rea con gran potencial log\u00edstico.<\/li>\n\n\n\n<li>Su zona metropolitana, que es la d\u00e9cima m\u00e1s poblada del pa\u00eds.<\/li>\n\n\n\n<li>Su poder y potencial econ\u00f3mico con grandes expectativas de crecimiento y<br>exportaci\u00f3n de productos de valor agregado.<\/li>\n\n\n\n<li>Su productividad y capacidad de hospedaje industrial, siendo primer lugar en<br>productividad entre ciudades de m\u00e1s de un mill\u00f3n de habitantes y con 2,400<br>hect\u00e1reas para uso industrial y 20 parques industriales.<\/li>\n\n\n\n<li>Su gente trabajadora, conformada por mano de obra t\u00e9cnica y calificada de gran<br>rentabilidad.<br>Con Invest In La Laguna, Fomec pretende atraer inversiones a la regi\u00f3n<br>principalmente en los siguientes sectores:<\/li>\n\n\n\n<li>Agroindustria 4.0. Producci\u00f3n de alimentos con tecnolog\u00eda del m\u00e1s alto nivel<br>enfocada en los mercados de M\u00e9xico, Estados Unidos y China.<\/li>\n\n\n\n<li>Manufactura 4.0. Producci\u00f3n de manufacturas avanzadas que incorpore los<br>avances tecnol\u00f3gicos de la industria 4.0 para los tres mercados de Norteam\u00e9rica.<\/li>\n\n\n\n<li>Energ\u00eda renovable. Generaci\u00f3n de energ\u00eda solar y manufactura de paneles<br>solares para el mercado regional y norteamericano.<br>Fomento Econ\u00f3mico de La Laguna (FOMEC) es una asociaci\u00f3n civil sin fines de<br>lucro que tiene como objetivo construir una Laguna pr\u00f3spera para todos a partir del<br>desarrollo econ\u00f3mico de la regi\u00f3n y la atracci\u00f3n de inversiones de alto valor.<\/li>\n<\/ol>\n","protected":false},"excerpt":{"rendered":"<p>Cd. de M\u00e9xico, jueves 16 de febrero de 2023.- En alianza con un grupo deasociaciones, c\u00e1maras, empresas y gobiernos, FOMEC (Fomento Econ\u00f3mico de laLaguna AC) lanza la marca regional estrat\u00e9gica Invest In La Laguna.Ante la presencia de decenas de empresarios nacionales y laguneros, brokers,desarrolladores inmobiliarios industriales, funcionarios y diplom\u00e1ticos de varios pa\u00edses, ellanzamiento de la marca se llev\u00f3 a cabo la tarde de hoy en el Club de Industriales dePolanco&#8230;<\/p>\n","protected":false},"author":1,"featured_media":13728,"comment_status":"closed","ping_status":"closed","sticky":false,"template":"","format":"standard","meta":{"footnotes":""},"categories":[5,65,28],"tags":[],"class_list":["post-13727","post","type-post","status-publish","format-standard","has-post-thumbnail","hentry","category-coahuila","category-inversion","category-la-laguna","wpcat-5-id","wpcat-65-id","wpcat-28-id"],"_links":{"self":[{"href":"https:\/\/www.aquilaguna.com\/index.php\/wp-json\/wp\/v2\/posts\/13727","targetHints":{"allow":["GET"]}}],"collection":[{"href":"https:\/\/www.aquilaguna.com\/index.php\/wp-json\/wp\/v2\/posts"}],"about":[{"href":"https:\/\/www.aquilaguna.com\/index.php\/wp-json\/wp\/v2\/types\/post"}],"author":[{"embeddable":true,"href":"https:\/\/www.aquilaguna.com\/index.php\/wp-json\/wp\/v2\/users\/1"}],"replies":[{"embeddable":true,"href":"https:\/\/www.aquilaguna.com\/index.php\/wp-json\/wp\/v2\/comments?post=13727"}],"version-history":[{"count":1,"href":"https:\/\/www.aquilaguna.com\/index.php\/wp-json\/wp\/v2\/posts\/13727\/revisions"}],"predecessor-version":[{"id":13729,"href":"https:\/\/www.aquilaguna.com\/index.php\/wp-json\/wp\/v2\/posts\/13727\/revisions\/13729"}],"wp:featuredmedia":[{"embeddable":true,"href":"https:\/\/www.aquilaguna.com\/index.php\/wp-json\/wp\/v2\/media\/13728"}],"wp:attachment":[{"href":"https:\/\/www.aquilaguna.com\/index.php\/wp-json\/wp\/v2\/media?parent=13727"}],"wp:term":[{"taxonomy":"category","embeddable":true,"href":"https:\/\/www.aquilaguna.com\/index.php\/wp-json\/wp\/v2\/categories?post=13727"},{"taxonomy":"post_tag","embeddable":true,"href":"https:\/\/www.aquilaguna.com\/index.php\/wp-json\/wp\/v2\/tags?post=13727"}],"curies":[{"name":"wp","href":"https:\/\/api.w.org\/{rel}","templated":true}]}}