{"id":13738,"date":"2023-02-17T19:03:42","date_gmt":"2023-02-18T01:03:42","guid":{"rendered":"https:\/\/www.aquilaguna.com\/?p=13738"},"modified":"2023-02-17T19:03:42","modified_gmt":"2023-02-18T01:03:42","slug":"con-conferencias-sobre-la-salud-mental-y-prevencion-del-suicidio-cierran-curso-taller-sobre-formacion-y-actualizacion-de-tutores-en-la-unidad-torreon","status":"publish","type":"post","link":"https:\/\/www.aquilaguna.com\/index.php\/2023\/02\/17\/con-conferencias-sobre-la-salud-mental-y-prevencion-del-suicidio-cierran-curso-taller-sobre-formacion-y-actualizacion-de-tutores-en-la-unidad-torreon\/","title":{"rendered":"Con Conferencias sobre la Salud Mental y Prevenci\u00f3n del Suicidio Cierran Curso-Taller sobre Formaci\u00f3n y Actualizaci\u00f3n de Tutores en la Unidad Torre\u00f3n."},"content":{"rendered":"\n<p>TORRE\u00d3N, Coahuila. 17 de febrero de 2023. En la Gran Sala del Centro Cultural<br>Universitario \u201cBraulio Fern\u00e1ndez Aguirre\u201d del Ciudad Universitaria Campus<br>Torre\u00f3n, al poner en marcha conferencias y talleres para el alumnado de la<br>Universidad Aut\u00f3noma de Coahuila sobre la salud mental y prevenci\u00f3n del<br>suicidio, la coordinadora de la Unidad Torre\u00f3n (UT) Sandra L\u00f3pez Chavarr\u00eda,<br>afirm\u00f3 que la realidad del tema \u201ces una responsabilidad y un compromiso y que<br>nuestra instituci\u00f3n toma sin miedo y conscientes de que es la necesidad m\u00e1s<br>apremiante de nuestros j\u00f3venes\u201d.<\/p>\n\n\n\n<p>Lo anterior, en el cierre del Curso Taller \u201cFormaci\u00f3n y Actualizaci\u00f3n de Tutores\u201d,<br>actividad dirigida a estudiantes, directivos, docentes y tutores de los 20 planteles<br>de la UAdeC en la regi\u00f3n Laguna Coahuila y dentro del Programa Institucional de<br>Tutor\u00edas, la funcionaria enfatiz\u00f3 que la Universidad busca promover el desarrollo<br>potencial de cada integrante de la UT, el trabajo que desempe\u00f1a y lo que puede<br>dar a su comunidad.<\/p>\n\n\n\n<p>\u201cEstos tres puntos, son esenciales como objetivos, la educaci\u00f3n y atenci\u00f3n que<br>esta universidad ofrece y va dirigida a ellos, por lo que incidimos directamente en<br>la salud mental de nuestros alumnos\u201d, expuso ante m\u00e1s de 400 asistentes en la<br>Gran Sala del Centro Cultural.<\/p>\n\n\n\n<p>L\u00f3pez Chavarr\u00eda, apunt\u00f3 que la UAdeC tiene el objetivo de responder de la mejor<br>manera a la compleja situaci\u00f3n en la que nos encontramos en el \u00e1rea emocional y<br>de salud, juntos como la manada de lobos que somos, superaremos todos los<br>obst\u00e1culos que vengan, sabiendo que contamos unos con otros para avanzar,<br>para lograr estar mejor\u201d, afirm\u00f3.<\/p>\n\n\n\n<p>Las y los estudiantes asistentes, como sus tutores, docentes y directivos,<br>escucharon la conferencia \u201cDesarrollo de herramientas emocionales\u201d, a cargo de<br>Marimar Centeno Aranda, directora de la Escuela de Psicolog\u00eda de la Unidad<br>Torre\u00f3n.<\/p>\n\n\n\n<p>Previo a las conferencias, ante maestros, maestras y directivos, por Karla Vald\u00e9s<br>Garc\u00eda, subdirectora de Superaci\u00f3n Acad\u00e9mica, expuso el panorama actual que<br>vive la juventud, destacando que la salud mental se encuentra relegada pese a<br>que su atenci\u00f3n debe ser de alta prioridad, precisamente para potenciar el<br>aprovechamiento de las y los j\u00f3venes, quienes padecen de trastornos de diversa<br>\u00edndole.<\/p>\n\n\n\n<p>Inform\u00f3 que de entre las y los mil 500 estudiantes que iniciaron en enero el<br>semestre escolar en curso, casi un 48 por ciento dijo estar en situaci\u00f3n de<br>vulnerabilidad, por lo que es importante la labor y compromiso que la instituci\u00f3n<br>tiene con ellos y desde luego la de los tutores de las escuelas y facultades de la<br>m\u00e1xima casa de estudios.<\/p>\n\n\n\n<p>En esta actividad se cont\u00f3 adem\u00e1s con la presencia Lilibeth Mendoza Wong,<br>Coordinadora de Tutor\u00edas en la Unidad Torre\u00f3n.<\/p>\n","protected":false},"excerpt":{"rendered":"<p>TORRE\u00d3N, Coahuila. 17 de febrero de 2023. En la Gran Sala del Centro CulturalUniversitario \u201cBraulio Fern\u00e1ndez Aguirre\u201d del Ciudad Universitaria CampusTorre\u00f3n, al poner en marcha conferencias y talleres para el alumnado de laUniversidad Aut\u00f3noma de Coahuila sobre la salud mental y prevenci\u00f3n delsuicidio, la coordinadora de la Unidad Torre\u00f3n (UT) Sandra L\u00f3pez Chavarr\u00eda,afirm\u00f3 que la realidad del tema \u201ces una responsabilidad y un compromiso y quenuestra instituci\u00f3n toma sin miedo&#8230;<\/p>\n","protected":false},"author":1,"featured_media":13739,"comment_status":"closed","ping_status":"closed","sticky":false,"template":"","format":"standard","meta":{"footnotes":""},"categories":[28,7,2],"tags":[],"class_list":["post-13738","post","type-post","status-publish","format-standard","has-post-thumbnail","hentry","category-la-laguna","category-torreon","category-uadec","wpcat-28-id","wpcat-7-id","wpcat-2-id"],"_links":{"self":[{"href":"https:\/\/www.aquilaguna.com\/index.php\/wp-json\/wp\/v2\/posts\/13738","targetHints":{"allow":["GET"]}}],"collection":[{"href":"https:\/\/www.aquilaguna.com\/index.php\/wp-json\/wp\/v2\/posts"}],"about":[{"href":"https:\/\/www.aquilaguna.com\/index.php\/wp-json\/wp\/v2\/types\/post"}],"author":[{"embeddable":true,"href":"https:\/\/www.aquilaguna.com\/index.php\/wp-json\/wp\/v2\/users\/1"}],"replies":[{"embeddable":true,"href":"https:\/\/www.aquilaguna.com\/index.php\/wp-json\/wp\/v2\/comments?post=13738"}],"version-history":[{"count":1,"href":"https:\/\/www.aquilaguna.com\/index.php\/wp-json\/wp\/v2\/posts\/13738\/revisions"}],"predecessor-version":[{"id":13740,"href":"https:\/\/www.aquilaguna.com\/index.php\/wp-json\/wp\/v2\/posts\/13738\/revisions\/13740"}],"wp:featuredmedia":[{"embeddable":true,"href":"https:\/\/www.aquilaguna.com\/index.php\/wp-json\/wp\/v2\/media\/13739"}],"wp:attachment":[{"href":"https:\/\/www.aquilaguna.com\/index.php\/wp-json\/wp\/v2\/media?parent=13738"}],"wp:term":[{"taxonomy":"category","embeddable":true,"href":"https:\/\/www.aquilaguna.com\/index.php\/wp-json\/wp\/v2\/categories?post=13738"},{"taxonomy":"post_tag","embeddable":true,"href":"https:\/\/www.aquilaguna.com\/index.php\/wp-json\/wp\/v2\/tags?post=13738"}],"curies":[{"name":"wp","href":"https:\/\/api.w.org\/{rel}","templated":true}]}}