{"id":13750,"date":"2023-02-17T19:14:41","date_gmt":"2023-02-18T01:14:41","guid":{"rendered":"https:\/\/www.aquilaguna.com\/?p=13750"},"modified":"2023-02-17T19:14:42","modified_gmt":"2023-02-18T01:14:42","slug":"sesion-solemne-del-congreso-de-coahuila-en-honor-al-ejercito-mexicano","status":"publish","type":"post","link":"https:\/\/www.aquilaguna.com\/index.php\/2023\/02\/17\/sesion-solemne-del-congreso-de-coahuila-en-honor-al-ejercito-mexicano\/","title":{"rendered":"Sesi\u00f3n Solemne del Congreso de Coahuila en honor al Ej\u00e9rcito Mexicano."},"content":{"rendered":"\n<p>Saltillo, Coahuila, 17 febrero 2023.- Con la participaci\u00f3n de los titulares de los tres<br>poderes del Estado y autoridades militares, el Congreso del Estado de Coahuila<br>llev\u00f3 a cabo una sesi\u00f3n solemne para conmemorar el \u201cD\u00eda del Ej\u00e9rcito\u201d, en la cual<br>se reconoci\u00f3 el trabajo de las mujeres y hombres que lo integran, as\u00ed como la<br>coordinaci\u00f3n entre las fuerzas armadas y el estado por mantener la seguridad en<br>Coahuila.<\/p>\n\n\n\n<p>Esta sesi\u00f3n, donde tambi\u00e9n se rinde homenaje a Don Venustiano Carranza y a los<br>diputados del Vig\u00e9simo Segundo Congreso Constitucional del Estado, fue presidida<br>por el gobernador del Estado, Miguel \u00c1ngel Riquelme Sol\u00eds, el presidente de la<br>Junta de Gobierno del Congreso local, diputado Eduardo Olmos Castro, el<br>presidente del Tribunal Superior de Justicia, magistrado Miguel Felipe Mery Ayup,<br>el General de Divisi\u00f3n Diplomado de Estado Mayor, Eufemio Alberto Ibarra Flores,<br>comandante de la XI Regi\u00f3n Militar, as\u00ed como la presidenta de la Mesa Directiva del<br>Congreso, diputada Luz Natalia Virgil Orona.<\/p>\n\n\n\n<p>Se cont\u00f3 con la intervenci\u00f3n en tribuna de las diputadas, Claudia Elvira Rodr\u00edguez<br>M\u00e1rquez, Mayra Lucila Vald\u00e9s Gonz\u00e1lez, Teresa de Jes\u00fas Meraz Garc\u00eda y Mar\u00eda<br>Eugenia Calder\u00f3n Amezcua quienes realizaron la lectura de los documentos<br>hist\u00f3ricos que dieron origen al actual Ej\u00e9rcito Nacional y al decreto mediante el<br>cual se instituy\u00f3 el 19 de febrero como \u201cD\u00eda del Ej\u00e9rcito\u201d. Asimismo se realiz\u00f3 un<br>pase de Lista de Honor de los Diputados de la Vig\u00e9sima Segunda Legislatura del<br>Congreso del Estado.<\/p>\n\n\n\n<p>La diputada Luz Natalia Virgil, dio un mensaje en representaci\u00f3n de la Sexag\u00e9sima<br>Segunda Legislatura, mediante el cual se\u00f1al\u00f3: \u201cNuestro Ej\u00e9rcito Mexicano, adem\u00e1s<br>de atender las tareas de seguridad nacional y defensa de nuestra soberan\u00eda, se<br>reconoce como una instituci\u00f3n que atiende, protege y salvaguarda a la poblaci\u00f3n<br>de desastres naturales; quehaceres que no solo realizan solidariamente en nuestro<br>pa\u00eds, sino incluso fuera de nuestras fronteras, como ahora lo hacen por el<br>terremoto en Turqu\u00eda y los incendios forestales en Chile\u2026Nos orgullecemos y<br>agradecemos la dedicaci\u00f3n de los soldados\u201d.<\/p>\n\n\n\n<p>En su discurso el general Eufemio Alberto Ibarra, manifest\u00f3: \u201cUno de los mayores<br>activos que hoy posee M\u00e9xico es su Ej\u00e9rcito\u2026 La evoluci\u00f3n que vivimos nos<br>permite cumplir minuciosamente y a cabalidad con las m\u00faltiples tareas que<br>tenemos asignadas en una din\u00e1mica social, en la que hoy como ayer, los<br>mexicanos y mexicanas, en todos sus rangos de edad, condici\u00f3n socioecon\u00f3mica,<br>credo o preferencia son y seguir\u00e1n siendo el centro de nuestro actuar\u201d.<\/p>\n\n\n\n<p>El gobernador del Estado, Miguel \u00c1ngel Riquelme Sol\u00eds, se\u00f1al\u00f3 como parte de su<br>discurso que: \u201cA nombre del pueblo y el gobierno de Coahuila expreso hoy el<br>mayor de nuestros reconocimientos, gratitud y felicitaci\u00f3n a todas y todos los<br>militares de M\u00e9xico, en especial a quienes han luchado hombro con hombro con<br>nuestras polic\u00edas en los m\u00faltiples operativos por la seguridad y en las acciones de<br>reacci\u00f3n para contener los intentos de civiles armados por ingresar a nuestro<br>territorio. Con el compromiso, esfuerzo y permanencia del ej\u00e9rcito y la Guardia<br>Nacional hemos logrado afianzar un modelo de seguridad que se sostiene como<br>referencia nacional de coordinaci\u00f3n, eficiencia y efectividad\u201d.<\/p>\n\n\n\n<p>En esta sesi\u00f3n solemne se cont\u00f3 tambi\u00e9n con la presencia del total de las<br>diputadas y diputados que integran la Sexag\u00e9sima Segunda Legislatura, oficiales e<br>integrantes de las fuerzas armadas, diputadas y diputados federales, magistradas y<br>magistrados, alcaldesas y alcaldes, secretarios y funcionarios del gabinete legal y<br>ampliado, y personal del Congreso del Estado, entre otros distinguidos invitados.<\/p>\n","protected":false},"excerpt":{"rendered":"<p>Saltillo, Coahuila, 17 febrero 2023.- Con la participaci\u00f3n de los titulares de los trespoderes del Estado y autoridades militares, el Congreso del Estado de Coahuilallev\u00f3 a cabo una sesi\u00f3n solemne para conmemorar el \u201cD\u00eda del Ej\u00e9rcito\u201d, en la cualse reconoci\u00f3 el trabajo de las mujeres y hombres que lo integran, as\u00ed como lacoordinaci\u00f3n entre las fuerzas armadas y el estado por mantener la seguridad enCoahuila. Esta sesi\u00f3n, donde tambi\u00e9n se&#8230;<\/p>\n","protected":false},"author":1,"featured_media":13751,"comment_status":"closed","ping_status":"closed","sticky":false,"template":"","format":"standard","meta":{"footnotes":""},"categories":[5,21],"tags":[],"class_list":["post-13750","post","type-post","status-publish","format-standard","has-post-thumbnail","hentry","category-coahuila","category-congreso-del-estado","wpcat-5-id","wpcat-21-id"],"_links":{"self":[{"href":"https:\/\/www.aquilaguna.com\/index.php\/wp-json\/wp\/v2\/posts\/13750","targetHints":{"allow":["GET"]}}],"collection":[{"href":"https:\/\/www.aquilaguna.com\/index.php\/wp-json\/wp\/v2\/posts"}],"about":[{"href":"https:\/\/www.aquilaguna.com\/index.php\/wp-json\/wp\/v2\/types\/post"}],"author":[{"embeddable":true,"href":"https:\/\/www.aquilaguna.com\/index.php\/wp-json\/wp\/v2\/users\/1"}],"replies":[{"embeddable":true,"href":"https:\/\/www.aquilaguna.com\/index.php\/wp-json\/wp\/v2\/comments?post=13750"}],"version-history":[{"count":1,"href":"https:\/\/www.aquilaguna.com\/index.php\/wp-json\/wp\/v2\/posts\/13750\/revisions"}],"predecessor-version":[{"id":13752,"href":"https:\/\/www.aquilaguna.com\/index.php\/wp-json\/wp\/v2\/posts\/13750\/revisions\/13752"}],"wp:featuredmedia":[{"embeddable":true,"href":"https:\/\/www.aquilaguna.com\/index.php\/wp-json\/wp\/v2\/media\/13751"}],"wp:attachment":[{"href":"https:\/\/www.aquilaguna.com\/index.php\/wp-json\/wp\/v2\/media?parent=13750"}],"wp:term":[{"taxonomy":"category","embeddable":true,"href":"https:\/\/www.aquilaguna.com\/index.php\/wp-json\/wp\/v2\/categories?post=13750"},{"taxonomy":"post_tag","embeddable":true,"href":"https:\/\/www.aquilaguna.com\/index.php\/wp-json\/wp\/v2\/tags?post=13750"}],"curies":[{"name":"wp","href":"https:\/\/api.w.org\/{rel}","templated":true}]}}