{"id":1377,"date":"2021-04-05T20:33:43","date_gmt":"2021-04-06T01:33:43","guid":{"rendered":"https:\/\/www.aquilaguna.com\/?p=1377"},"modified":"2021-04-05T20:33:43","modified_gmt":"2021-04-06T01:33:43","slug":"coahuila-seguira-con-protocolos-de-salud-mars","status":"publish","type":"post","link":"https:\/\/www.aquilaguna.com\/index.php\/2021\/04\/05\/coahuila-seguira-con-protocolos-de-salud-mars\/","title":{"rendered":"COAHUILA SEGUIR\u00c1 CON PROTOCOLOS DE SALUD: MARS."},"content":{"rendered":"\n<p>\u00b7\u00a0\u00a0\u00a0\u00a0\u00a0\u00a0<strong><em>Coahuila girar\u00e1 un \u2018oficio t\u00e9cnico\u2019 a la Federaci\u00f3n para solicitar segundas dosis, para adultos mayores<\/em><\/strong>.<\/p>\n\n\n\n<p>Torre\u00f3n, Coahuila de Zaragoza; a 5 de Abril del 2021.- La cuadrag\u00e9sima sexta reuni\u00f3n del Subcomit\u00e9 T\u00e9cnico Regional Covid-19 fue encabezada por el gobernador Miguel \u00c1ngel Riquelme Sol\u00eds en esta ciudad.<\/p>\n\n\n\n<p>\u201cDe parte de la autoridad seguiremos observando que se cumplan los protocolos que nos marca la Secretar\u00eda de Salud. Hoy son ocho positivos de Covid y una defunci\u00f3n\u201d, dijo el Gobernador.<\/p>\n\n\n\n<p>\u201cEsperemos que no haya una reacci\u00f3n por el periodo vacacional, sin embargo, en indicadores el Estado sigue mejorando y eso es bueno\u201d.<\/p>\n\n\n\n<p>Con respecto a la vacunaci\u00f3n, Riquelme Sol\u00eds se\u00f1al\u00f3 que lo \u00fanico que se puede hacer desde el Estado es ayudar a ordenar y facilitar las cosas para apoyar a las y los coahuilenses.<\/p>\n\n\n\n<p>\u201cSiendo un puente entre la Federaci\u00f3n y la poblaci\u00f3n, eso es lo que se continuar\u00e1 haciendo desde la Administraci\u00f3n\u201d, expres\u00f3.<\/p>\n\n\n\n<p>\u201cEl sem\u00e1foro en verde, lejos de invitarnos a tener un relajamiento en las actividades, el llamado es a cuidar el Sem\u00e1foro Verde y es teniendo algunas restricciones todav\u00eda\u201d.<\/p>\n\n\n\n<p>En Coahuila se tendr\u00e1n 15 d\u00edas m\u00e1s los hospitales Covid, que todav\u00eda siguen aguantando para estar atentos al comportamiento que la ciudadan\u00eda tuvo durante Semana Santa.<\/p>\n\n\n\n<p>ACUERDOS<\/p>\n\n\n\n<p>Se lleg\u00f3 a los siguientes acuerdos para campa\u00f1as electorales:<\/p>\n\n\n\n<p>\u00b7\u00a0\u00a0\u00a0\u00a0\u00a0\u00a0En todos los eventos de campa\u00f1as electorales debe haber personas cumpliendo las medidas sanitarias, como instalar un filtro sanitario, utilizar cubrebocas, gel y sana distancia, etc\u00e9tera.<\/p>\n\n\n\n<p>\u00b7\u00a0\u00a0\u00a0\u00a0\u00a0\u00a0Se proh\u00edbe en los eventos consumir bebidas y alimentos. Se debe impedir la entrada a personas con s\u00edntomas de coronavirus.<\/p>\n\n\n\n<p>\u00b7\u00a0\u00a0\u00a0\u00a0\u00a0\u00a0En salones con capacidad de 400 personas, ser\u00e1n permitidos s\u00f3lo 200 y guardando la distancia de 1.5 metros entre cada asistente.<\/p>\n\n\n\n<p>\u00b7\u00a0\u00a0\u00a0\u00a0\u00a0\u00a0En los eventos p\u00fablicos se deben evitar las aglomeraciones.<\/p>\n\n\n\n<p>\u00b7\u00a0\u00a0\u00a0\u00a0\u00a0\u00a0Al t\u00e9rmino de los encuentros masivos y abiertos, los organizadores deber\u00e1n recomendar no quedarse en los lugares para seguir evitando las aglomeraciones.<\/p>\n\n\n\n<p>\u00b7\u00a0\u00a0\u00a0\u00a0\u00a0\u00a0Para entrega de volantes en cruceros y el que acudan casa por casa, deben utilizar el gel, lavarse las manos constantemente y no saludar de mano.<\/p>\n\n\n\n<p>\u00b7\u00a0\u00a0\u00a0\u00a0\u00a0\u00a0En las caravanas no deben ser m\u00e1s de cuatro personas por veh\u00edculo.<\/p>\n\n\n\n<p>En otros acuerdos:<\/p>\n\n\n\n<p>\u00b7\u00a0\u00a0\u00a0\u00a0\u00a0\u00a0Se girar\u00e1 un \u201cOficio T\u00e9cnico\u201d a la Federaci\u00f3n solicitando las segundas dosis de vacunaci\u00f3n, informaci\u00f3n de cu\u00e1ndo llegan, por ejemplo, para los que la recibieron en Viesca.<\/p>\n\n\n\n<p>\u00b7\u00a0\u00a0\u00a0\u00a0\u00a0\u00a0Conformar dentro del Subcomit\u00e9 un apartado para la reactivaci\u00f3n econ\u00f3mica muy focalizado para las micro, peque\u00f1a y mediana empresa. Incentivar lo que m\u00e1s sufri\u00f3 con la pandemia, con diversos programas.<\/p>\n\n\n\n<p>\u00b7\u00a0\u00a0\u00a0\u00a0\u00a0\u00a0La pr\u00f3xima reuni\u00f3n, la Secretar\u00eda de Econom\u00eda Estatal deber\u00e1 presentar un programa con estrategias para continuar con la reactivaci\u00f3n en la entidad.<\/p>\n\n\n\n<p>\u00b7\u00a0\u00a0\u00a0\u00a0\u00a0\u00a0Una acci\u00f3n m\u00e1s, es ir visualizando otra divisi\u00f3n para el regreso a clases.<\/p>\n\n\n\n<p>Fernando Sim\u00f3n Guti\u00e9rrez P\u00e9rez, titular de Comunicaci\u00f3n e Imagen Institucional del Gobierno de Coahuila, comparti\u00f3 los avances de los acuerdos correspondientes desde el 22 marzo hasta la fecha.<\/p>\n\n\n\n<p>El funcionario report\u00f3 que contin\u00faa la vacunaci\u00f3n en la regi\u00f3n y recibieron el 29 de marzo 18 mil 800 dosis de la vacuna Sinovac y 2 mil 360\u00a0\u00a0de Cancino.\u00a0De las cuales 5 mil 980 fueron enviadas a la Jurisdicci\u00f3n Sanitaria VII de Francisco I. Madero y el resto a otras partes de Coahuila.<\/p>\n\n\n\n<p>Mientras que el 1 de abril se recibieron otras 81 mil 900 del biol\u00f3gico por la farmac\u00e9utica Pfizer, para continuar con la aplicaci\u00f3n a adultos mayores y quedaron en resguardo del congelador del Hospital Militar.<\/p>\n\n\n\n<p>Se verificaron 82 establecimientos de distintos giros, se realizaron recorridos de vigilancia en diversas v\u00edas, como la Ju\u00e1rez, Hidalgo, Allende, Matamoros, Paseo Col\u00f3n y Paseo Morelos, con la finalidad de que las medidas dictadas por este Subcomit\u00e9 se cumplan.<\/p>\n\n\n\n<p>El Secretario de Salud del Estado, Roberto Bernal G\u00f3mez, record\u00f3 que Coahuila est\u00e1 en Sem\u00e1foro Verde y hay una tendencia a menos casos nuevos.<\/p>\n\n\n\n<p>Se est\u00e1 a un 7 por ciento en la entidad y por tanto recibi\u00f3 la informaci\u00f3n de parte del Instituto Mexicano del Seguro Social (IMSS) local de que s\u00f3lo la Cl\u00ednica 18 se dejar\u00e1 para atenci\u00f3n a Covid, ya que existen diversas cirug\u00edas rezagadas y empezar\u00e1n a tener atenci\u00f3n pr\u00f3ximamente en sus dem\u00e1s nosocomios, detall\u00f3.<\/p>\n\n\n\n<p>Indic\u00f3 que a partir de hoy se empieza a vacunar en la Escuela de Ciencias Pol\u00edticas y Facultad de Derecho de la Universidad Aut\u00f3noma de Coahuila y se contin\u00faa en el Coliseo del Centenerio.<\/p>\n\n\n\n<p>En el acumulado del Coliseo del Centenario van 22 mil 730 inoculados, y en el Tecnol\u00f3gico de La Laguna fueron en total 6 mil 006 personas.<\/p>\n\n\n\n<p>Sergio Lara Galv\u00e1n, Presidente Municipal de Torre\u00f3n, puntualiz\u00f3 que todo lo que les han requerido para el proceso de vacunaci\u00f3n ha recibido una respuesta positiva desde su Administraci\u00f3n.<\/p>\n\n\n\n<p>Coment\u00f3 que desde el 27 de marzo pasado se ha estado apoyando con mobiliario y personal desde diversas \u00e1reas, como las de Enfermer\u00eda, Protecci\u00f3n Civil y Seguridad P\u00fablica, principalmente.<\/p>\n\n\n\n<p>Esto para ordenar a la poblaci\u00f3n y facilitar agua a los ciudadanos que acuden a recibir el biol\u00f3gico, con respecto a la programaci\u00f3n diaria que obtienen del personal del Gobierno Federal.<\/p>\n\n\n\n<p>En su momento, Luis Morales Cort\u00e9s, Coordinador de Padrones de la Secretar\u00eda de Finanzas en La Laguna, advirti\u00f3 que se est\u00e1n visitando algunas escuelas que buscan tener un sistema h\u00edbrido para que los infantes retomen clases.<\/p>\n\n\n\n<p>Se est\u00e1 acudiendo a las \u00e1reas de juegos infantiles de restaurantes a la Feria de Torre\u00f3n, que busca realizar un bazar y est\u00e1 presentando un protocolo para efectuar un evento.<\/p>\n\n\n\n<p>Disminuyeron \u201cconsiderablemente\u201d los reportes del Operativo Cero Tolerancia, y en el Paseo Morelos visitaron cinco establecimientos durante este fin de semana, y se observ\u00f3 que no se han relajado las medidas tanto en restaurantes y bares.<\/p>\n\n\n\n<p>A la reuni\u00f3n de Subcomit\u00e9,\u00a0que se efectu\u00f3 en el Centro de Convenciones de Torre\u00f3n (CCT), acudieron tambi\u00e9n Juan P\u00e9rez Ortega, Jefe de la Jurisdicci\u00f3n Sanitaria VI; Roc\u00edo Quiroz Flores, Jefa de la Jurisdicci\u00f3n Sanitaria VII, y C\u00e9sar del Bosque Garza, titular de Atenci\u00f3n Covid Laguna.<\/p>\n\n\n\n<p>Luis Gurza Jaidar, Administrador General de Recaudaci\u00f3n y Coordinador de la Mesa Operativa Covid; Nadia Jaramillo Rodr\u00edguez, Alcaldesa de Viesca, y Horacio Pi\u00f1a \u00c1vila, Presidente Municipal de Matamoros.<\/p>\n\n\n\n<p>El titular de la Secretar\u00eda de Seguridad P\u00fablica en La Laguna, Adelaido Flores D\u00edaz, y del Mando Especial de La Laguna acudi\u00f3 el Coronel Heinz Patrick Luque Nuncio.As\u00ed como representantes de la XI Regi\u00f3n Militar; de hospitales privados, p\u00fablicos, del \u00e1mbito comercial, empresarial y funcionarios p\u00fablicos municipales, regionales y estatales.<\/p>\n","protected":false},"excerpt":{"rendered":"<p>\u00b7\u00a0\u00a0\u00a0\u00a0\u00a0\u00a0Coahuila girar\u00e1 un \u2018oficio t\u00e9cnico\u2019 a la Federaci\u00f3n para solicitar segundas dosis, para adultos mayores. Torre\u00f3n, Coahuila de Zaragoza; a 5 de Abril del 2021.- La cuadrag\u00e9sima sexta reuni\u00f3n del Subcomit\u00e9 T\u00e9cnico Regional Covid-19 fue encabezada por el gobernador Miguel \u00c1ngel Riquelme Sol\u00eds en esta ciudad. \u201cDe parte de la autoridad seguiremos observando que se cumplan los protocolos que nos marca la Secretar\u00eda de Salud. Hoy son ocho positivos de&#8230;<\/p>\n","protected":false},"author":1,"featured_media":1378,"comment_status":"closed","ping_status":"closed","sticky":false,"template":"","format":"standard","meta":{"footnotes":""},"categories":[5,4,15,22],"tags":[],"class_list":["post-1377","post","type-post","status-publish","format-standard","has-post-thumbnail","hentry","category-coahuila","category-covid","category-gobierno-de-coahuila","category-vacunas","wpcat-5-id","wpcat-4-id","wpcat-15-id","wpcat-22-id"],"_links":{"self":[{"href":"https:\/\/www.aquilaguna.com\/index.php\/wp-json\/wp\/v2\/posts\/1377","targetHints":{"allow":["GET"]}}],"collection":[{"href":"https:\/\/www.aquilaguna.com\/index.php\/wp-json\/wp\/v2\/posts"}],"about":[{"href":"https:\/\/www.aquilaguna.com\/index.php\/wp-json\/wp\/v2\/types\/post"}],"author":[{"embeddable":true,"href":"https:\/\/www.aquilaguna.com\/index.php\/wp-json\/wp\/v2\/users\/1"}],"replies":[{"embeddable":true,"href":"https:\/\/www.aquilaguna.com\/index.php\/wp-json\/wp\/v2\/comments?post=1377"}],"version-history":[{"count":1,"href":"https:\/\/www.aquilaguna.com\/index.php\/wp-json\/wp\/v2\/posts\/1377\/revisions"}],"predecessor-version":[{"id":1379,"href":"https:\/\/www.aquilaguna.com\/index.php\/wp-json\/wp\/v2\/posts\/1377\/revisions\/1379"}],"wp:featuredmedia":[{"embeddable":true,"href":"https:\/\/www.aquilaguna.com\/index.php\/wp-json\/wp\/v2\/media\/1378"}],"wp:attachment":[{"href":"https:\/\/www.aquilaguna.com\/index.php\/wp-json\/wp\/v2\/media?parent=1377"}],"wp:term":[{"taxonomy":"category","embeddable":true,"href":"https:\/\/www.aquilaguna.com\/index.php\/wp-json\/wp\/v2\/categories?post=1377"},{"taxonomy":"post_tag","embeddable":true,"href":"https:\/\/www.aquilaguna.com\/index.php\/wp-json\/wp\/v2\/tags?post=1377"}],"curies":[{"name":"wp","href":"https:\/\/api.w.org\/{rel}","templated":true}]}}