{"id":1384,"date":"2021-04-05T21:21:31","date_gmt":"2021-04-06T02:21:31","guid":{"rendered":"https:\/\/www.aquilaguna.com\/?p=1384"},"modified":"2021-04-05T21:21:31","modified_gmt":"2021-04-06T02:21:31","slug":"gobernador-de-coahuila-descalifica-estrategia-de-vacunacion","status":"publish","type":"post","link":"https:\/\/www.aquilaguna.com\/index.php\/2021\/04\/05\/gobernador-de-coahuila-descalifica-estrategia-de-vacunacion\/","title":{"rendered":"Gobernador de Coahuila descalifica estrategia de vacunaci\u00f3n."},"content":{"rendered":"\n<p>Torre\u00f3n, Coahuila.- Ante\u00a0 el desorden, desorganizaci\u00f3n, que ha registrado la vacunaci\u00f3n\u00a0 contra el Covid-19 a adultos mayores\u00a0 y que aplica\u00a0 en\u00a0 los centros\u00a0 instalados\u00a0 no solo\u00a0 en esta\u00a0 comarca, sino el resto del Estado, el Gobernador Miguel\u00a0 Angel Riquelme \u00a0 descalifica la\u00a0 estrategia bajo la que se realiza, atenta\u00a0 incluso contra derechos humanos de los adultos mayores\u00a0 expuestos como quedan a las inclemencias del tiempo, de las limitaciones\u00a0 \u00a0 y falta de servicios de los sitios a donde acudan para su aplicaci\u00f3n y de las que les provoca su propia edad.\u00a0\u00a0<\/p>\n\n\n\n<p>&#8221;Tal caos no\u00a0 se justifica de modo alguno, pues el pa\u00eds, su sistema de salud\u00a0 acumula\u00a0 experiencias positivas en estas tareas, citando\u00a0 las acciones que en este tema han realizado instituciones de salud, como son el IMSS, el ISSTE y la Secretar\u00eda de Salud Estatal, \u00e9sta ultima en el caso particular de Coahuila\u00a0 \u00a0 han resultado exitosa&#8221;.<\/p>\n\n\n\n<p>&#8221;\u00bfPor qu\u00e9 se forma a un ciudadano tantas horas?, \u00bfpor qu\u00e9 hacerlo esperar tantas horas?, si tenemos los m\u00f3dulos de vacunaci\u00f3n adecuados en toda la entidad, en sus cinco regiones&#8221;, se pregunta.<\/p>\n\n\n\n<p>Afirm\u00f3 tajante que, &#8221;la estrategia es equivocada, es err\u00f3nea, pero estamos participando para que sea lo menos\u00a0 fastidioso para los ciudadanos&#8221;.<\/p>\n\n\n\n<p>Recalc\u00f3 luego, &#8221;que quede claro, la estrategia\u00a0 la est\u00e1 aplicando el Gobierno federal, nosotros, solo estamos apoyando junto con los municipios&#8221;.<\/p>\n\n\n\n<p>Agreg\u00f3 que, &#8221;y no veo correcto que hagan formarse a ning\u00fan\u00a0 ciudadano por tantas horas. Es una falta de respeto y adem\u00e1s, tambi\u00e9n, debemos de atender\u00a0 los Derechos Humanos de todos y de todas&#8221;.<\/p>\n\n\n\n<p>Hay gentes, dijo luego, &#8221;que han hecho filas de entre tres y cuatro horas. Eso nunca se hab\u00eda visto en un proceso de vacunaci\u00f3n&#8221;.<\/p>\n\n\n\n<p>El a\u00f1o pasado record\u00f3, &#8221;vacunamos  a 900\u00a0 mil habitantes coahuilenses\u00a0 contra la\u00a0 influenza&#8221;, pregunt\u00e1ndose\u00a0 luego,\u00a0 &#8221;\u00bfQui\u00e9n se dio cuenta? Nunca se vieron filas, nunca, eso debi\u00f3 de haberse hecho hoy lo mismo&#8221;.\u00a0\u00a0\u00a0\u00a0<\/p>\n\n\n\n<p>&#8221;Pero estamos para apoyar, estamos para sumar\u00a0 y nos estamos sumando a donde nos dejan apoyar\u00a0 al Estado y a los municipios&#8221;.<\/p>\n\n\n\n<p>Reitero que, &#8221;dejo en claro, que la estrategia, es err\u00f3nea. Est\u00e1n equivocados. Est\u00e1n haciendo a la gente formarse por largas horas y adem\u00e1s, el orden no es el que se debe llevar&#8221;.<\/p>\n\n\n\n<p><strong>SEGUNDA DOSIS.<\/strong><\/p>\n\n\n\n<p>&#8221;Me preocupaci\u00f3n\u00a0 ahora,\u00a0 es la aplicaci\u00f3n de la segunda dosis. Si llev\u00e1ramos un orden en conjunto, sabr\u00edamos perfectamente \u00a0que hacer\u00a0 para\u00a0 la aplicaci\u00f3n de la segunda dosis&#8221;.<\/p>\n\n\n\n<p>Cit\u00f3 por la v\u00eda de ejemplo que, &#8221;la vacunaci\u00f3n que se inicio, aqu\u00ed, en la Laguna, en Viesca, el pasado 15 de febrero que se puso la primer dosis, ya se venci\u00f3 y no han dicho anda&#8221;.<\/p>\n\n\n\n<p>Como Gobernador, dijo luego, &#8221;a m\u00ed, me interesa\u00a0 pues la gente est\u00e1 en duda \u00a0 sobre si la dosis que ya recibi\u00f3\u00a0 sirve o no, o bien qu\u00e9 pasa\u00a0 si no se le pone el refuerzo -segunda dosis-, estamos tratando de explicarles pero la realidad es que hay confusi\u00f3n y bueno,\u00a0 hago un llamado al Gobierno Federal a conjuntar esfuerzos por el bien de la poblaci\u00f3&#8221;.<\/p>\n\n\n\n<p>Nadie, dijo mas adelante, &#8221;debe de estar formado, la aplicaci\u00f3n masiva\u00a0 como se hace en Estados Unidos, se llega a bordo de un veh\u00edculo\u00a0 y en 15 minutos se aplica la vacuna y\u00a0 las personas que la recibieron se van enseguida&#8221;.<\/p>\n\n\n\n<p>&#8221;La vacunaci\u00f3n masiva est\u00e1 err\u00f3neamente aplicada&#8221;,\u00a0 recalc\u00f3 el gobernante,\u00a0 &#8221;si las filas\u00a0 son de tres a cuatro horas\u00a0 o permanentemente\u00a0 las filas ante los M\u00f3dulos&#8221;.<\/p>\n\n\n\n<p>&#8221;Yo creo que habr\u00eda que reorientar las cosas\u00a0 y ponernos, en conjunto a trabajar por el bien de la gente. Un adulto mayor\u00a0 no puede estar tanto tiempo, aun en carro&#8221;.<\/p>\n\n\n\n<p>Cit\u00f3 las limitaciones que\u00a0 imponen \u00a0 la edad, en\u00a0 el tema de salud a los adultos mayores, &#8221;nada que no sepamos&#8221;,\u00a0 simplemente por consignar lo que\u00a0 a algunos Medios apareciera, &#8221;pues\u00a0 pues tengo experiencias cercanas con algunas gentes, conocidas que estuvieron en las filas y que pas\u00f3 algo ah\u00ed&#8221;.<\/p>\n\n\n\n<p>&#8221;Finalmente la gente es agradecida y aun y cuando hayan esperado de tres a cuatro horas, agradecen la vacuna, pero era innecesario un proceso de esa naturaleza y eso, est\u00e1 afectando a la poblaci\u00f3n&#8221;.<\/p>\n","protected":false},"excerpt":{"rendered":"<p>Torre\u00f3n, Coahuila.- Ante\u00a0 el desorden, desorganizaci\u00f3n, que ha registrado la vacunaci\u00f3n\u00a0 contra el Covid-19 a adultos mayores\u00a0 y que aplica\u00a0 en\u00a0 los centros\u00a0 instalados\u00a0 no solo\u00a0 en esta\u00a0 comarca, sino el resto del Estado, el Gobernador Miguel\u00a0 Angel Riquelme \u00a0 descalifica la\u00a0 estrategia bajo la que se realiza, atenta\u00a0 incluso contra derechos humanos de los adultos mayores\u00a0 expuestos como quedan a las inclemencias del tiempo, de las limitaciones\u00a0 \u00a0 y&#8230;<\/p>\n","protected":false},"author":2,"featured_media":0,"comment_status":"closed","ping_status":"","sticky":false,"template":"","format":"standard","meta":{"footnotes":""},"categories":[5,15,7,22],"tags":[],"class_list":["post-1384","post","type-post","status-publish","format-standard","hentry","category-coahuila","category-gobierno-de-coahuila","category-torreon","category-vacunas","wpcat-5-id","wpcat-15-id","wpcat-7-id","wpcat-22-id"],"_links":{"self":[{"href":"https:\/\/www.aquilaguna.com\/index.php\/wp-json\/wp\/v2\/posts\/1384","targetHints":{"allow":["GET"]}}],"collection":[{"href":"https:\/\/www.aquilaguna.com\/index.php\/wp-json\/wp\/v2\/posts"}],"about":[{"href":"https:\/\/www.aquilaguna.com\/index.php\/wp-json\/wp\/v2\/types\/post"}],"author":[{"embeddable":true,"href":"https:\/\/www.aquilaguna.com\/index.php\/wp-json\/wp\/v2\/users\/2"}],"replies":[{"embeddable":true,"href":"https:\/\/www.aquilaguna.com\/index.php\/wp-json\/wp\/v2\/comments?post=1384"}],"version-history":[{"count":1,"href":"https:\/\/www.aquilaguna.com\/index.php\/wp-json\/wp\/v2\/posts\/1384\/revisions"}],"predecessor-version":[{"id":1385,"href":"https:\/\/www.aquilaguna.com\/index.php\/wp-json\/wp\/v2\/posts\/1384\/revisions\/1385"}],"wp:attachment":[{"href":"https:\/\/www.aquilaguna.com\/index.php\/wp-json\/wp\/v2\/media?parent=1384"}],"wp:term":[{"taxonomy":"category","embeddable":true,"href":"https:\/\/www.aquilaguna.com\/index.php\/wp-json\/wp\/v2\/categories?post=1384"},{"taxonomy":"post_tag","embeddable":true,"href":"https:\/\/www.aquilaguna.com\/index.php\/wp-json\/wp\/v2\/tags?post=1384"}],"curies":[{"name":"wp","href":"https:\/\/api.w.org\/{rel}","templated":true}]}}