{"id":13845,"date":"2023-02-23T18:31:51","date_gmt":"2023-02-24T00:31:51","guid":{"rendered":"https:\/\/www.aquilaguna.com\/?p=13845"},"modified":"2023-02-23T18:31:52","modified_gmt":"2023-02-24T00:31:52","slug":"listo-torreon-para-recibir-el-estatal-de-triatlon","status":"publish","type":"post","link":"https:\/\/www.aquilaguna.com\/index.php\/2023\/02\/23\/listo-torreon-para-recibir-el-estatal-de-triatlon\/","title":{"rendered":"LISTO TORRE\u00d3N PARA RECIBIR EL ESTATAL DE TRIATL\u00d3N."},"content":{"rendered":"\n<p>Torre\u00f3n, Coahuila de Zaragoza; a 23 de Febrero de 2023.- Torre\u00f3n se alista para recibir el pr\u00f3ximo fin de semana la etapa estatal del Triatl\u00f3n, en la que se busca conformar un representativo competitivo de cara a los Nacionales CONADE 2023.<\/p>\n\n\n\n<p>La junta previa ser\u00e1 el s\u00e1bado 26 del presente en punto de las 18:00 horas en las instalaciones de la Galer\u00eda del Deporte (GADEL), para que el domingo 27 a partir de las 07:00 horas arranquen todas las modalidades de esta eliminatoria en las instalaciones de la Unidad Deportiva Torre\u00f3n (UDT).<\/p>\n\n\n\n<p>Las categor\u00edas que le dar\u00e1n vida a esta competencia son:&nbsp;<\/p>\n\n\n\n<p>+ Infantil Mayor 13-15 a\u00f1os (2010-2008) Femenil y Varonil.<\/p>\n\n\n\n<p>+ Juvenil Menor 16-17 a\u00f1os (2007-2006).<\/p>\n\n\n\n<p>+ Juvenil Mayor 18-19 a\u00f1os (2005-2004).<\/p>\n\n\n\n<p>+ Juvenil Superior 20-23 a\u00f1os (2003-2000).<\/p>\n\n\n\n<p>+ Relevo Mixto 13-17 a\u00f1os (2010-2006).<\/p>\n\n\n\n<p>+ Juvenil Relevo Mixto 18-23 a\u00f1os (2005- Mixto 2000).<\/p>\n\n\n\n<p>Ser\u00e1n en las modalidades Acuatl\u00f3n, Triatl\u00f3n Super Sprint, Triatl\u00f3n por Eliminaci\u00f3n, y Relevo Mixto, donde los cerca de 40 atletas pertenecientes a los municipios de Piedras Negras, Saltillo y Torre\u00f3n, den lo mejor de s\u00ed en busca de las marcas que los lleven al Macro regional, que se realizar\u00e1 el 19 de marzo en Durango.<\/p>\n\n\n\n<p>Cabe se\u00f1alar que la triatleta Jimena de la Pe\u00f1a no ver\u00e1 acci\u00f3n en esta etapa, ya que debido a sus excelentes resultados en la pasada edici\u00f3n y en otros diversos eventos nacionales e internacionales, est\u00e1 clasificada de manera directa a los Nacionales CONADE 2023, acuerdo avalado por la Federaci\u00f3n Mexicana de Triatl\u00f3n (FMT).<\/p>\n","protected":false},"excerpt":{"rendered":"<p>Torre\u00f3n, Coahuila de Zaragoza; a 23 de Febrero de 2023.- Torre\u00f3n se alista para recibir el pr\u00f3ximo fin de semana la etapa estatal del Triatl\u00f3n, en la que se busca conformar un representativo competitivo de cara a los Nacionales CONADE 2023. La junta previa ser\u00e1 el s\u00e1bado 26 del presente en punto de las 18:00 horas en las instalaciones de la Galer\u00eda del Deporte (GADEL), para que el domingo 27&#8230;<\/p>\n","protected":false},"author":1,"featured_media":13846,"comment_status":"closed","ping_status":"closed","sticky":false,"template":"","format":"standard","meta":{"footnotes":""},"categories":[5,33,15,28,7],"tags":[],"class_list":["post-13845","post","type-post","status-publish","format-standard","has-post-thumbnail","hentry","category-coahuila","category-deporte","category-gobierno-de-coahuila","category-la-laguna","category-torreon","wpcat-5-id","wpcat-33-id","wpcat-15-id","wpcat-28-id","wpcat-7-id"],"_links":{"self":[{"href":"https:\/\/www.aquilaguna.com\/index.php\/wp-json\/wp\/v2\/posts\/13845","targetHints":{"allow":["GET"]}}],"collection":[{"href":"https:\/\/www.aquilaguna.com\/index.php\/wp-json\/wp\/v2\/posts"}],"about":[{"href":"https:\/\/www.aquilaguna.com\/index.php\/wp-json\/wp\/v2\/types\/post"}],"author":[{"embeddable":true,"href":"https:\/\/www.aquilaguna.com\/index.php\/wp-json\/wp\/v2\/users\/1"}],"replies":[{"embeddable":true,"href":"https:\/\/www.aquilaguna.com\/index.php\/wp-json\/wp\/v2\/comments?post=13845"}],"version-history":[{"count":1,"href":"https:\/\/www.aquilaguna.com\/index.php\/wp-json\/wp\/v2\/posts\/13845\/revisions"}],"predecessor-version":[{"id":13847,"href":"https:\/\/www.aquilaguna.com\/index.php\/wp-json\/wp\/v2\/posts\/13845\/revisions\/13847"}],"wp:featuredmedia":[{"embeddable":true,"href":"https:\/\/www.aquilaguna.com\/index.php\/wp-json\/wp\/v2\/media\/13846"}],"wp:attachment":[{"href":"https:\/\/www.aquilaguna.com\/index.php\/wp-json\/wp\/v2\/media?parent=13845"}],"wp:term":[{"taxonomy":"category","embeddable":true,"href":"https:\/\/www.aquilaguna.com\/index.php\/wp-json\/wp\/v2\/categories?post=13845"},{"taxonomy":"post_tag","embeddable":true,"href":"https:\/\/www.aquilaguna.com\/index.php\/wp-json\/wp\/v2\/tags?post=13845"}],"curies":[{"name":"wp","href":"https:\/\/api.w.org\/{rel}","templated":true}]}}