{"id":13848,"date":"2023-02-23T18:37:27","date_gmt":"2023-02-24T00:37:27","guid":{"rendered":"https:\/\/www.aquilaguna.com\/?p=13848"},"modified":"2023-02-23T18:37:28","modified_gmt":"2023-02-24T00:37:28","slug":"reporte-coahuila-del-plan-estatal-de-prevencion-y-control-covid-19-551","status":"publish","type":"post","link":"https:\/\/www.aquilaguna.com\/index.php\/2023\/02\/23\/reporte-coahuila-del-plan-estatal-de-prevencion-y-control-covid-19-551\/","title":{"rendered":"REPORTE COAHUILA DEL PLAN ESTATAL DE PREVENCI\u00d3N Y CONTROL COVID- 19."},"content":{"rendered":"\n<p>Saltillo, Coahuila de Zaragoza; a 23 de febrero del 2023.- Con motivo de mantener a la poblaci\u00f3n informada de los principales avances del Plan Estatal de Prevenci\u00f3n y Control COVID-19, la Secretar\u00eda de Salud de Coahuila (SS) informa:<\/p>\n\n\n\n<p>1.- Al d\u00eda de hoy se registran 93 nuevos casos en Coahuila, incluidas 4 defunciones.&nbsp;<\/p>\n\n\n\n<p>DISTRIBUCI\u00d3N<\/p>\n\n\n\n<p>16 MONCLOVA<\/p>\n\n\n\n<p>12 SALTILLO<\/p>\n\n\n\n<p>10 TORRE\u00d3N&nbsp;<\/p>\n\n\n\n<p>9 ACU\u00d1A<\/p>\n\n\n\n<p>8 PIEDRAS NEGRAS&nbsp;<\/p>\n\n\n\n<p>6 FRONTERA&nbsp;<\/p>\n\n\n\n<p>4 CUATRO CI\u00c9NEGAS&nbsp;<\/p>\n\n\n\n<p>4 RAMOS ARIZPE&nbsp;<\/p>\n\n\n\n<p>3 CASTA\u00d1OS&nbsp;<\/p>\n\n\n\n<p>3 NAVA&nbsp;<\/p>\n\n\n\n<p>3 SAN BUENAVENTURA&nbsp;<\/p>\n\n\n\n<p>2 SAN JUAN DE SABINAS&nbsp;<\/p>\n\n\n\n<p>2 ALLENDE<\/p>\n\n\n\n<p>2 ZARAGOZA&nbsp;<\/p>\n\n\n\n<p>2 M\u00daZQUIZ&nbsp;<\/p>\n\n\n\n<p>2 NADADORES&nbsp;<\/p>\n\n\n\n<p>2 SABINAS&nbsp;<\/p>\n\n\n\n<p>1 ARTEAGA&nbsp;<\/p>\n\n\n\n<p>1 MATAMOROS&nbsp;<\/p>\n\n\n\n<p>1 PARRAS DE LA FUENTE&nbsp;<\/p>\n\n\n\n<p>DEFUNCIONES&nbsp;<\/p>\n\n\n\n<p>ABASOLO<\/p>\n\n\n\n<p>Hombre de 93 a\u00f1os (caso ya reportado)<\/p>\n\n\n\n<p>MONCLOVA<\/p>\n\n\n\n<p>Hombre de 77 a\u00f1os (caso ya reportado)&nbsp;<\/p>\n\n\n\n<p>PIEDRAS NEGRAS<\/p>\n\n\n\n<p>Hombre de 70 a\u00f1os (caso ya reportado)<\/p>\n\n\n\n<p>Hombre de 70 a\u00f1os (caso ya reportado)<\/p>\n\n\n\n<p>2.- Existen AHORA en Coahuila 712 casos activos de COVID \u2013 19<\/p>\n\n\n\n<p>DISTRIBUCI\u00d3N DE CASOS ACTIVOS<\/p>\n\n\n\n<p>-Saltillo 175&nbsp;<\/p>\n\n\n\n<p>-Monclova 101&nbsp;<\/p>\n\n\n\n<p>-Torre\u00f3n 73&nbsp;<\/p>\n\n\n\n<p>-Frontera 70&nbsp;<\/p>\n\n\n\n<p>-Piedras Negras 58&nbsp;<\/p>\n\n\n\n<p>-Acu\u00f1a 61&nbsp;<\/p>\n\n\n\n<p>-Ramos Arizpe 26&nbsp;<\/p>\n\n\n\n<p>-Sabinas 24&nbsp;<\/p>\n\n\n\n<p>-San Juan de Sabinas 21&nbsp;<\/p>\n\n\n\n<p>-Casta\u00f1os 15&nbsp;<\/p>\n\n\n\n<p>-San Buenaventura 14&nbsp;<\/p>\n\n\n\n<p>-M\u00fazquiz 14&nbsp;<\/p>\n\n\n\n<p>-Nava 12&nbsp;<\/p>\n\n\n\n<p>-Allende 9&nbsp;<\/p>\n\n\n\n<p>-Parras de la Fuente 8&nbsp;<\/p>\n\n\n\n<p>-San Pedro 7&nbsp;<\/p>\n\n\n\n<p>-Cuatro Ci\u00e9negas 5&nbsp;<\/p>\n\n\n\n<p>-Nadadores 5&nbsp;<\/p>\n\n\n\n<p>-Zaragoza 4&nbsp;<\/p>\n\n\n\n<p>-Guerrero 2&nbsp;<\/p>\n\n\n\n<p>-Matamoros 2&nbsp;<\/p>\n\n\n\n<p>-Villa Uni\u00f3n 2&nbsp;<\/p>\n\n\n\n<p>-Arteaga 1&nbsp;<\/p>\n\n\n\n<p>-Progreso 1&nbsp;<\/p>\n\n\n\n<p>-General Cepeda 1&nbsp;<\/p>\n\n\n\n<p>-Ju\u00e1rez 0<\/p>\n\n\n\n<p>-Abasolo 0&nbsp;<\/p>\n\n\n\n<p>-Viesca 0&nbsp;<\/p>\n\n\n\n<p>-Sacramento 0&nbsp;<\/p>\n\n\n\n<p>-Francisco I. Madero 0&nbsp;<\/p>\n\n\n\n<p>-Escobedo 0&nbsp;<\/p>\n\n\n\n<p>-Ocampo 0&nbsp;<\/p>\n\n\n\n<p>-Morelos 1&nbsp;<\/p>\n\n\n\n<p>-Sierra Mojada 0<\/p>\n\n\n\n<p>-Candela 0<\/p>\n\n\n\n<p>-Lamadrid 0<\/p>\n\n\n\n<p>-Jim\u00e9nez 0<\/p>\n\n\n\n<p>-Hidalgo 0<\/p>\n\n\n\n<p>3.- Al d\u00eda de hoy, se contabilizan en Coahuila EN TOTAL 188,674 casos, incluidos 9,022 decesos.<\/p>\n\n\n\n<p>4.- HOSPITALIZADOS: 14&nbsp;<\/p>\n\n\n\n<p>Torre\u00f3n 5 (4 confirmados, un sospechoso)&nbsp;<\/p>\n\n\n\n<p>Monclova 2<\/p>\n\n\n\n<p>Saltillo 2&nbsp;<\/p>\n\n\n\n<p>Piedras Negras 3&nbsp;<\/p>\n\n\n\n<p>Acu\u00f1a 2&nbsp;<\/p>\n\n\n\n<p>5.- TOTAL DE RECUPERADOS: 178,940&nbsp;<\/p>\n\n\n\n<p>49,913 SALTILLO&nbsp;<\/p>\n\n\n\n<p>36,073 TORRE\u00d3N<\/p>\n\n\n\n<p>17,792 MONCLOVA<\/p>\n\n\n\n<p>14,687 PIEDRAS NEGRAS<\/p>\n\n\n\n<p>7,825 ACU\u00d1A<\/p>\n\n\n\n<p>5,368 FRONTERA<\/p>\n\n\n\n<p>5,127 SABINAS<\/p>\n\n\n\n<p>4,834 RAMOS ARIZPE<\/p>\n\n\n\n<p>4,361 SAN PEDRO<\/p>\n\n\n\n<p>4,152 M\u00daZQUIZ<\/p>\n\n\n\n<p>3,851 PARRAS DE LA FUENTE<\/p>\n\n\n\n<p>3,832 SAN JUAN DE SABINAS<\/p>\n\n\n\n<p>3,136 FRANCISCO I. MADERO<\/p>\n\n\n\n<p>3,175 MATAMOROS<\/p>\n\n\n\n<p>2,348 NAVA<\/p>\n\n\n\n<p>2,161 CUATRO CI\u00c9NEGAS<\/p>\n\n\n\n<p>1,994 SAN BUENAVENTURA<\/p>\n\n\n\n<p>1,574 CASTA\u00d1OS<\/p>\n\n\n\n<p>1,433 ALLENDE<\/p>\n\n\n\n<p>887 ZARAGOZA&nbsp;<\/p>\n\n\n\n<p>784 ARTEAGA<\/p>\n\n\n\n<p>612 VILLA UNI\u00d3N<\/p>\n\n\n\n<p>461 NADADORES<\/p>\n\n\n\n<p>480 GENERAL CEPEDA<\/p>\n\n\n\n<p>464 MORELOS<\/p>\n\n\n\n<p>325 OCAMPO<\/p>\n\n\n\n<p>313 SACRAMENTO<\/p>\n\n\n\n<p>220 LAMADRID<\/p>\n\n\n\n<p>179 VIESCA<\/p>\n\n\n\n<p>125 PROGRESO<\/p>\n\n\n\n<p>89 JIM\u00c9NEZ<\/p>\n\n\n\n<p>80 SIERRA MOJADA<\/p>\n\n\n\n<p>75 GUERRERO<\/p>\n\n\n\n<p>56 CANDELA<\/p>\n\n\n\n<p>48 ESCOBEDO<\/p>\n\n\n\n<p>44 ABASOLO<\/p>\n\n\n\n<p>36 JU\u00c1REZ<\/p>\n\n\n\n<p>26 HIDALGO<\/p>\n","protected":false},"excerpt":{"rendered":"<p>Saltillo, Coahuila de Zaragoza; a 23 de febrero del 2023.- Con motivo de mantener a la poblaci\u00f3n informada de los principales avances del Plan Estatal de Prevenci\u00f3n y Control COVID-19, la Secretar\u00eda de Salud de Coahuila (SS) informa: 1.- Al d\u00eda de hoy se registran 93 nuevos casos en Coahuila, incluidas 4 defunciones.&nbsp; DISTRIBUCI\u00d3N 16 MONCLOVA 12 SALTILLO 10 TORRE\u00d3N&nbsp; 9 ACU\u00d1A 8 PIEDRAS NEGRAS&nbsp; 6 FRONTERA&nbsp; 4 CUATRO CI\u00c9NEGAS&nbsp;&#8230;<\/p>\n","protected":false},"author":1,"featured_media":0,"comment_status":"closed","ping_status":"closed","sticky":false,"template":"","format":"standard","meta":{"footnotes":""},"categories":[5,4],"tags":[],"class_list":["post-13848","post","type-post","status-publish","format-standard","hentry","category-coahuila","category-covid","wpcat-5-id","wpcat-4-id"],"_links":{"self":[{"href":"https:\/\/www.aquilaguna.com\/index.php\/wp-json\/wp\/v2\/posts\/13848","targetHints":{"allow":["GET"]}}],"collection":[{"href":"https:\/\/www.aquilaguna.com\/index.php\/wp-json\/wp\/v2\/posts"}],"about":[{"href":"https:\/\/www.aquilaguna.com\/index.php\/wp-json\/wp\/v2\/types\/post"}],"author":[{"embeddable":true,"href":"https:\/\/www.aquilaguna.com\/index.php\/wp-json\/wp\/v2\/users\/1"}],"replies":[{"embeddable":true,"href":"https:\/\/www.aquilaguna.com\/index.php\/wp-json\/wp\/v2\/comments?post=13848"}],"version-history":[{"count":1,"href":"https:\/\/www.aquilaguna.com\/index.php\/wp-json\/wp\/v2\/posts\/13848\/revisions"}],"predecessor-version":[{"id":13849,"href":"https:\/\/www.aquilaguna.com\/index.php\/wp-json\/wp\/v2\/posts\/13848\/revisions\/13849"}],"wp:attachment":[{"href":"https:\/\/www.aquilaguna.com\/index.php\/wp-json\/wp\/v2\/media?parent=13848"}],"wp:term":[{"taxonomy":"category","embeddable":true,"href":"https:\/\/www.aquilaguna.com\/index.php\/wp-json\/wp\/v2\/categories?post=13848"},{"taxonomy":"post_tag","embeddable":true,"href":"https:\/\/www.aquilaguna.com\/index.php\/wp-json\/wp\/v2\/tags?post=13848"}],"curies":[{"name":"wp","href":"https:\/\/api.w.org\/{rel}","templated":true}]}}