{"id":13853,"date":"2023-02-23T18:43:49","date_gmt":"2023-02-24T00:43:49","guid":{"rendered":"https:\/\/www.aquilaguna.com\/?p=13853"},"modified":"2023-02-23T18:43:49","modified_gmt":"2023-02-24T00:43:49","slug":"roman-alberto-cepeda-gonzalez-inicia-audiencias-publicas-en-torreon","status":"publish","type":"post","link":"https:\/\/www.aquilaguna.com\/index.php\/2023\/02\/23\/roman-alberto-cepeda-gonzalez-inicia-audiencias-publicas-en-torreon\/","title":{"rendered":"Rom\u00e1n Alberto Cepeda Gonz\u00e1lez inicia Audiencias P\u00fablicas en Torre\u00f3n."},"content":{"rendered":"\n<p>Torre\u00f3n, Coahuila. A 23 de febrero de 2023.<\/p>\n\n\n\n<p>El Alcalde Rom\u00e1n Alberto Cepeda Gonz\u00e1lez puso en marcha las \u201cAudiencias<br>P\u00fablicas\u201d en Torre\u00f3n, con el objetivo de atender personalmente, adem\u00e1s de los<br>directores de la Administraci\u00f3n Municipal e integrantes del Ayuntamiento, a la<br>ciudadan\u00eda y resolver sus peticiones en cuesti\u00f3n de servicios b\u00e1sicos, salud, entre<br>otros.<\/p>\n\n\n\n<p>El Presidente Municipal dijo que se trata de otro mecanismo de comunicaci\u00f3n<br>directa con la ciudadan\u00eda, para conocer las necesidades de los diferentes sectores<br>de la ciudad y poder atenderlas.<\/p>\n\n\n\n<p>La ventaja de las Audiencias P\u00fablicas es que el ciudadano puede entablar una<br>conversaci\u00f3n directamente con el Presidente Municipal o sus funcionarios, en el<br>momento en el que lo necesite, y as\u00ed plantear personalmente sus inquietudes.<br>En las Audiencias P\u00fablicas participan todas las dependencias y organismos<br>descentralizados, en temas como agua, cultura, deporte, vialidad, recarpeteo, obra<br>p\u00fablica, remozamiento de plazas, entre otros.<\/p>\n\n\n\n<p>Las Audiencias P\u00fablicas comenzaron este d\u00eda en el centro de la ciudad, en la<br>explanada de la Presidencia Municipal, a donde acudieron ciudadanos de<br>diferentes colonias, sin embargo, el Alcalde se\u00f1al\u00f3 que este programa ser\u00e1<br>sistem\u00e1tico e itinerante, por lo que en las siguientes semanas se ir\u00e1 realizando en<br>otros puntos de Torre\u00f3n.<\/p>\n\n\n\n<p>Las Audiencias P\u00fablicas se suman a los diferentes canales de comunicaci\u00f3n que<br>la Administraci\u00f3n Municipal mantiene con la ciudadan\u00eda como lo es el sistema<br>SIEMPRE y el 073 de Atenci\u00f3n Ciudadana, redes sociales oficiales, grupos de<br>WhatsApp, programas de radio, o la propia atenci\u00f3n en las instalaciones de las<br>dependencias y organismos.<\/p>\n","protected":false},"excerpt":{"rendered":"<p>Torre\u00f3n, Coahuila. A 23 de febrero de 2023. El Alcalde Rom\u00e1n Alberto Cepeda Gonz\u00e1lez puso en marcha las \u201cAudienciasP\u00fablicas\u201d en Torre\u00f3n, con el objetivo de atender personalmente, adem\u00e1s de losdirectores de la Administraci\u00f3n Municipal e integrantes del Ayuntamiento, a laciudadan\u00eda y resolver sus peticiones en cuesti\u00f3n de servicios b\u00e1sicos, salud, entreotros. El Presidente Municipal dijo que se trata de otro mecanismo de comunicaci\u00f3ndirecta con la ciudadan\u00eda, para conocer las necesidades&#8230;<\/p>\n","protected":false},"author":1,"featured_media":13854,"comment_status":"closed","ping_status":"closed","sticky":false,"template":"","format":"standard","meta":{"footnotes":""},"categories":[5,28,7],"tags":[],"class_list":["post-13853","post","type-post","status-publish","format-standard","has-post-thumbnail","hentry","category-coahuila","category-la-laguna","category-torreon","wpcat-5-id","wpcat-28-id","wpcat-7-id"],"_links":{"self":[{"href":"https:\/\/www.aquilaguna.com\/index.php\/wp-json\/wp\/v2\/posts\/13853","targetHints":{"allow":["GET"]}}],"collection":[{"href":"https:\/\/www.aquilaguna.com\/index.php\/wp-json\/wp\/v2\/posts"}],"about":[{"href":"https:\/\/www.aquilaguna.com\/index.php\/wp-json\/wp\/v2\/types\/post"}],"author":[{"embeddable":true,"href":"https:\/\/www.aquilaguna.com\/index.php\/wp-json\/wp\/v2\/users\/1"}],"replies":[{"embeddable":true,"href":"https:\/\/www.aquilaguna.com\/index.php\/wp-json\/wp\/v2\/comments?post=13853"}],"version-history":[{"count":1,"href":"https:\/\/www.aquilaguna.com\/index.php\/wp-json\/wp\/v2\/posts\/13853\/revisions"}],"predecessor-version":[{"id":13855,"href":"https:\/\/www.aquilaguna.com\/index.php\/wp-json\/wp\/v2\/posts\/13853\/revisions\/13855"}],"wp:featuredmedia":[{"embeddable":true,"href":"https:\/\/www.aquilaguna.com\/index.php\/wp-json\/wp\/v2\/media\/13854"}],"wp:attachment":[{"href":"https:\/\/www.aquilaguna.com\/index.php\/wp-json\/wp\/v2\/media?parent=13853"}],"wp:term":[{"taxonomy":"category","embeddable":true,"href":"https:\/\/www.aquilaguna.com\/index.php\/wp-json\/wp\/v2\/categories?post=13853"},{"taxonomy":"post_tag","embeddable":true,"href":"https:\/\/www.aquilaguna.com\/index.php\/wp-json\/wp\/v2\/tags?post=13853"}],"curies":[{"name":"wp","href":"https:\/\/api.w.org\/{rel}","templated":true}]}}