{"id":13870,"date":"2023-02-24T18:23:01","date_gmt":"2023-02-25T00:23:01","guid":{"rendered":"https:\/\/www.aquilaguna.com\/?p=13870"},"modified":"2023-02-24T18:23:01","modified_gmt":"2023-02-25T00:23:01","slug":"presentan-libro-sobre-viajes-y-reflexiones-del-escritor-e-historiador-victor-orozco","status":"publish","type":"post","link":"https:\/\/www.aquilaguna.com\/index.php\/2023\/02\/24\/presentan-libro-sobre-viajes-y-reflexiones-del-escritor-e-historiador-victor-orozco\/","title":{"rendered":"Presentan libro sobre viajes y reflexiones del escritor e historiador V\u00edctor Orozco."},"content":{"rendered":"\n<ul class=\"wp-block-list\">\n<li>El autor es miembro de la Academia Mexicana de la Historia para el Estado de Chihuahua.<\/li>\n<\/ul>\n\n\n\n<ul class=\"wp-block-list\">\n<li>Participan Dinorah Rodr\u00edguez y Mar\u00eda Isabel Salda\u00f1a.<\/li>\n<\/ul>\n\n\n\n<p>El Archivo Municipal de Torre\u00f3n invita al p\u00fablico lagunero a la presentaci\u00f3n del libro<br>\u201cPor la libre. Viajes y reflexiones\u201d de V\u00edctor Orozco, el pr\u00f3ximo jueves 2 de marzo a las 19:00<br>horas, en el recinto ubicado en Acu\u00f1a 140 Sur. Se contar\u00e1 con los comentarios de Dinorah<br>Rodr\u00edguez y como moderadora participar\u00e1 Mar\u00eda Isabel Salda\u00f1a.<\/p>\n\n\n\n<p>En este trabajo el historiador y escritor recupera memorias y an\u00e1lisis de los viajes que realiz\u00f3 de<br>1996 y 2022. Es un libro sobre viajes que incluye registro de recorridos a pa\u00edses como China, Rusia,<br>Venezuela, Cuba, as\u00ed como al interior del pa\u00eds y al estado de Chihuahua.<\/p>\n\n\n\n<p>V\u00edctor Orozco (1946) es autor de numerosos libros. Entre ellos \u201cHistoria General de Chihuahua\u201d,<br>\u201cIgnacio Orozco Sandoval. La gesta de un republicano olvidado\u201d, entre otros. Es corresponsal por<br>el estado de Chihuahua de la Academia Mexicana de la Historia.<\/p>\n\n\n\n<p>Estudi\u00f3 la licenciatura en Derecho en la Universidad Aut\u00f3noma de Chihuahua y la maestr\u00eda y el<br>doctorado en Ciencia Pol\u00edtica en la Universidad Nacional Aut\u00f3noma de M\u00e9xico. Fue profesor titular<br>de tiempo completo por oposici\u00f3n en la UNAM hasta 1985 y se jubil\u00f3 en 2020 en la Universidad<br>Aut\u00f3noma de Ciudad Ju\u00e1rez.<\/p>\n\n\n\n<p>Es autor de una gran cantidad de art\u00edculos en revistas especializadas. Fue miembro del Sistema<br>Nacional de Investigadores desde 1991 hasta su jubilaci\u00f3n. Ha sido colaborador editorial en<br>distintos peri\u00f3dicos y suplementos culturales.<\/p>\n\n\n\n<p>Fund\u00f3 y dirigi\u00f3 la obra colectiva anual Chihuahua Hoy. Visiones de su Historia, Econom\u00eda, Pol\u00edtica y<br>Cultura desde 2003. Fue fundador y director de la revista Cuadernos del Norte de 1988 a 1995.<br>En 2006 fund\u00f3 y dirigi\u00f3 hasta 2020 la revista Cuadernos Fronterizos de la Universidad Aut\u00f3noma<br>de Ciudad Ju\u00e1rez.<\/p>\n\n\n\n<p>Ha sido titular de numerosas c\u00e1tedras de Historia y Derecho. Ha participado como ponente o<br>conferencista en numerosos congresos acad\u00e9micos nacionales y extranjeros.<\/p>\n\n\n\n<p>Ha recibido distintos reconocimientos, entre otros los de Creador Em\u00e9rito del Estado de<br>Chihuahua en 2006 y Medalla al M\u00e9rito Cultural V\u00edctor Hugo Rasc\u00f3n Banda 2012, ambos otorgados<br>por el Congreso del Estado de Chihuahua.<\/p>\n\n\n\n<p>En 2015 recibi\u00f3 el Premio Daniel Cos\u00edo Villegas a la Investigaci\u00f3n Hist\u00f3rica establecido por el<br>Instituto Nacional de Estudios Hist\u00f3ricos de las Revoluciones de M\u00e9xico. En 2019 se le otorg\u00f3 la<br>Medalla Gaw\u00ed T\u00f3nara, Pilares del Mundo, instituida por el gobierno del Estado de Chihuahua. En<br>ese mismo a\u00f1o recibi\u00f3 el nombramiento de corresponsal para el estado de Chihuahua de la<br>Academia Mexicana de la Historia.<\/p>\n\n\n\n<p><strong>PRESENTADORAS<br><\/strong>Por su parte Dinorah Rodr\u00edguez de Orozco es licenciada en derecho egresada de la Universidad<br>Aut\u00f3noma de Cd. Ju\u00e1rez. Estudiante de licenciatura en artes visuales de la Universidad Aut\u00f3noma<br>de Cd. Ju\u00e1rez. Es oficial y coordinadora t\u00e9cnica de del Cuarto Tribunal Unitario del D\u00e9cimo s\u00e9ptimo<br>circuito de poder judicial federal en Ciudad Ju\u00e1rez.<\/p>\n\n\n\n<p>Mar\u00eda Isabel Salda\u00f1a inici\u00f3 y dirigi\u00f3 el proyecto\u00a0Papeles de Familia, en la Universidad<br>Iberoamericana Laguna, antecedente del Archivo Hist\u00f3rico de esta instituci\u00f3n. Coordinadora de<br>Biblioteca Milenio de Historia en donde se han publicado m\u00e1s de 30 libros, entre ellos\u00a0La<br>Enciclopedia de Monterrey\u00a0y\u00a0Nuevo Le\u00f3n a trav\u00e9s de sus municipios, Coahuila a trav\u00e9s de sus<br>municipios, La Cocina. Una ventana a la gastronom\u00eda mexicana.<\/p>\n\n\n\n<p>Autora de:\u00a0\u00a0Torre\u00f3n Un relato de su historia en postales (1897-2000), Recuerdos y sabores de la<br>Comarca Lagunera entre otros. Coordinadora de los libros:\u00a0Torre\u00f3n Ciudad Centenaria y\u00a0Familias<br>Centenarias. Pilares de La Laguna y de su historia en\u00a0Milenio Diario Laguna.\u00a0 Editora y conductora<br>de programas televisivos de los mismos libros en Multimedios Laguna.\u00a0 Actualmente escribe la<br>columna \u201cCartel de espejos\u201d en\u00a0Milenio Diario Laguna.<\/p>\n\n\n\n<p>En 2018 obtuvo la Medalla Celso Garza Guajardo en la Universidad Aut\u00f3noma de Nuevo Le\u00f3n, y en<br>el 2019 la Medalla Magdalena Mondrag\u00f3n, otorgada por el Ayuntamiento de\u00a0Torre\u00f3n, Coahuila,<br>En septiembre del 2021 se le nombr\u00f3 Miembro de n\u00famero de El Colegio Coahuilense de<br>Investigaciones Hist\u00f3ricas. Em mayo del 2022\u00a0obtuvo la Medalla de acero al M\u00e9rito Hist\u00f3rico<br>&#8220;Capit\u00e1n Alonso de Le\u00f3n&#8221;, otorgada\u00a0por la Sociedad Nuevoleonesa de Historia, Geograf\u00eda y<br>Estad\u00edstica, A.C.<\/p>\n","protected":false},"excerpt":{"rendered":"<p>El Archivo Municipal de Torre\u00f3n invita al p\u00fablico lagunero a la presentaci\u00f3n del libro\u201cPor la libre. Viajes y reflexiones\u201d de V\u00edctor Orozco, el pr\u00f3ximo jueves 2 de marzo a las 19:00horas, en el recinto ubicado en Acu\u00f1a 140 Sur. Se contar\u00e1 con los comentarios de DinorahRodr\u00edguez y como moderadora participar\u00e1 Mar\u00eda Isabel Salda\u00f1a. En este trabajo el historiador y escritor recupera memorias y an\u00e1lisis de los viajes que realiz\u00f3 de1996&#8230;<\/p>\n","protected":false},"author":1,"featured_media":13871,"comment_status":"closed","ping_status":"closed","sticky":false,"template":"","format":"standard","meta":{"footnotes":""},"categories":[5,12,28,7],"tags":[],"class_list":["post-13870","post","type-post","status-publish","format-standard","has-post-thumbnail","hentry","category-coahuila","category-cultura","category-la-laguna","category-torreon","wpcat-5-id","wpcat-12-id","wpcat-28-id","wpcat-7-id"],"_links":{"self":[{"href":"https:\/\/www.aquilaguna.com\/index.php\/wp-json\/wp\/v2\/posts\/13870","targetHints":{"allow":["GET"]}}],"collection":[{"href":"https:\/\/www.aquilaguna.com\/index.php\/wp-json\/wp\/v2\/posts"}],"about":[{"href":"https:\/\/www.aquilaguna.com\/index.php\/wp-json\/wp\/v2\/types\/post"}],"author":[{"embeddable":true,"href":"https:\/\/www.aquilaguna.com\/index.php\/wp-json\/wp\/v2\/users\/1"}],"replies":[{"embeddable":true,"href":"https:\/\/www.aquilaguna.com\/index.php\/wp-json\/wp\/v2\/comments?post=13870"}],"version-history":[{"count":1,"href":"https:\/\/www.aquilaguna.com\/index.php\/wp-json\/wp\/v2\/posts\/13870\/revisions"}],"predecessor-version":[{"id":13872,"href":"https:\/\/www.aquilaguna.com\/index.php\/wp-json\/wp\/v2\/posts\/13870\/revisions\/13872"}],"wp:featuredmedia":[{"embeddable":true,"href":"https:\/\/www.aquilaguna.com\/index.php\/wp-json\/wp\/v2\/media\/13871"}],"wp:attachment":[{"href":"https:\/\/www.aquilaguna.com\/index.php\/wp-json\/wp\/v2\/media?parent=13870"}],"wp:term":[{"taxonomy":"category","embeddable":true,"href":"https:\/\/www.aquilaguna.com\/index.php\/wp-json\/wp\/v2\/categories?post=13870"},{"taxonomy":"post_tag","embeddable":true,"href":"https:\/\/www.aquilaguna.com\/index.php\/wp-json\/wp\/v2\/tags?post=13870"}],"curies":[{"name":"wp","href":"https:\/\/api.w.org\/{rel}","templated":true}]}}