{"id":13881,"date":"2023-02-24T18:34:02","date_gmt":"2023-02-25T00:34:02","guid":{"rendered":"https:\/\/www.aquilaguna.com\/?p=13881"},"modified":"2023-02-24T18:34:02","modified_gmt":"2023-02-25T00:34:02","slug":"recibe-nombramiento-como-director-del-centro-de-transferencia-del-conocimiento-el-dr-manuel-medina-elizondo","status":"publish","type":"post","link":"https:\/\/www.aquilaguna.com\/index.php\/2023\/02\/24\/recibe-nombramiento-como-director-del-centro-de-transferencia-del-conocimiento-el-dr-manuel-medina-elizondo\/","title":{"rendered":"Recibe Nombramiento como Director del Centro de Transferencia del Conocimiento, el Dr. Manuel Medina Elizondo."},"content":{"rendered":"\n<p>TORRE\u00d3N, Coahuila. 24 de febrero de 2023. El rector de la Universidad<br>Aut\u00f3noma de Coahuila, Salvador Hern\u00e1ndez V\u00e9lez entreg\u00f3 el nombramiento como<br>director del Centro de Transferencia del Conocimiento (CTC), al Dr. Manuel<br>Medina Elizondo, quien fue el impulsor de este proyecto, al tiempo que se<br>entregaron certificaciones en el Est\u00e1ndar de Competencia 0076 a miembros de<br>Protecci\u00f3n Civil y Bomberos, as\u00ed como de empresas privadas en materia de<br>Protecci\u00f3n y Seguridad Industrial.<\/p>\n\n\n\n<p>En marzo de 2020, la Universidad Aut\u00f3noma de Coahuila fue reconocida por el<br>Consejo Nacional de Normalizaci\u00f3n y Certificaci\u00f3n de Competencias Laborales<br>(CONOCER), como una instituci\u00f3n certificadora y evaluadora de competencias,<br>siendo la \u00fanica del pa\u00eds, que puede a la vez, certificar, capacitar y evaluar<br>competencias, desde sus centros de evaluaci\u00f3n y\/o evaluadores independientes<br>en uno o varios Est\u00e1ndares de Competencia, inscritos en el Registro Nacional de<br>Est\u00e1ndares de Competencia.<\/p>\n\n\n\n<p>Medina Elizondo, se desempe\u00f1a adem\u00e1s como coordinador general de<br>Investigaci\u00f3n y Posgrado de la Facultad de Contadur\u00eda y Administraci\u00f3n (FCA) UT<br>y el Centro de Transferencia del Conocimiento es de gran importancia por su<br>misi\u00f3n de certificar a todas aquellas personas que desempe\u00f1an un oficio, un<br>trabajo o una actividad que exige capacitaci\u00f3n y profesionalismo.<\/p>\n\n\n\n<p>El rector Salvador Hern\u00e1ndez V\u00e9lez, dijo que Manuel Medina Elizondo es una<br>persona entusiasta y un acad\u00e9mico promotor de la capacitaci\u00f3n profesional y que<br>es gracias a su impulso que se ha logrado el reconocimiento a nivel internacional,<br>por hacer posible la transferencia de conocimiento a personas de diversas partes<br>de los Estados Unidos, Coahuila y otras entidades del pa\u00eds.<\/p>\n\n\n\n<p>Por otro lado, felicit\u00f3 a las 18 personas que recibieron su certificaci\u00f3n y destac\u00f3<br>que no s\u00f3lo Torre\u00f3n y Coahuila necesitan personal altamente calificado y<br>profesional, sino que todo M\u00e9xico requiere que cuenten con estas habilidades y<br>competencias para que desempe\u00f1en mejor sus labores.<\/p>\n\n\n\n<p>En la ceremonia se cont\u00f3 con la presencia de la coordinadora de Unidad Torre\u00f3n,<br>Sandra L\u00f3pez Chavarr\u00eda, en representaci\u00f3n del alcalde de Torre\u00f3n, Rom\u00e1n<br>Alberto Cepeda, asisti\u00f3 el comandante de Protecci\u00f3n Civil, Jorge Luis Ju\u00e1rez<br>Llamas, as\u00ed mismo, las directoras de la Facultad de Contadur\u00eda y Administraci\u00f3n y de la Escuela de Artes, Reyna Jazm\u00edn Rodr\u00edguez Trejo y Margarita Barrera, respectivamente y personal del Centro de Transferencia UT.<\/p>\n","protected":false},"excerpt":{"rendered":"<p>TORRE\u00d3N, Coahuila. 24 de febrero de 2023. El rector de la UniversidadAut\u00f3noma de Coahuila, Salvador Hern\u00e1ndez V\u00e9lez entreg\u00f3 el nombramiento comodirector del Centro de Transferencia del Conocimiento (CTC), al Dr. ManuelMedina Elizondo, quien fue el impulsor de este proyecto, al tiempo que seentregaron certificaciones en el Est\u00e1ndar de Competencia 0076 a miembros deProtecci\u00f3n Civil y Bomberos, as\u00ed como de empresas privadas en materia deProtecci\u00f3n y Seguridad Industrial. En marzo de&#8230;<\/p>\n","protected":false},"author":1,"featured_media":13882,"comment_status":"closed","ping_status":"closed","sticky":false,"template":"","format":"standard","meta":{"footnotes":""},"categories":[28,7,2],"tags":[],"class_list":["post-13881","post","type-post","status-publish","format-standard","has-post-thumbnail","hentry","category-la-laguna","category-torreon","category-uadec","wpcat-28-id","wpcat-7-id","wpcat-2-id"],"_links":{"self":[{"href":"https:\/\/www.aquilaguna.com\/index.php\/wp-json\/wp\/v2\/posts\/13881","targetHints":{"allow":["GET"]}}],"collection":[{"href":"https:\/\/www.aquilaguna.com\/index.php\/wp-json\/wp\/v2\/posts"}],"about":[{"href":"https:\/\/www.aquilaguna.com\/index.php\/wp-json\/wp\/v2\/types\/post"}],"author":[{"embeddable":true,"href":"https:\/\/www.aquilaguna.com\/index.php\/wp-json\/wp\/v2\/users\/1"}],"replies":[{"embeddable":true,"href":"https:\/\/www.aquilaguna.com\/index.php\/wp-json\/wp\/v2\/comments?post=13881"}],"version-history":[{"count":1,"href":"https:\/\/www.aquilaguna.com\/index.php\/wp-json\/wp\/v2\/posts\/13881\/revisions"}],"predecessor-version":[{"id":13883,"href":"https:\/\/www.aquilaguna.com\/index.php\/wp-json\/wp\/v2\/posts\/13881\/revisions\/13883"}],"wp:featuredmedia":[{"embeddable":true,"href":"https:\/\/www.aquilaguna.com\/index.php\/wp-json\/wp\/v2\/media\/13882"}],"wp:attachment":[{"href":"https:\/\/www.aquilaguna.com\/index.php\/wp-json\/wp\/v2\/media?parent=13881"}],"wp:term":[{"taxonomy":"category","embeddable":true,"href":"https:\/\/www.aquilaguna.com\/index.php\/wp-json\/wp\/v2\/categories?post=13881"},{"taxonomy":"post_tag","embeddable":true,"href":"https:\/\/www.aquilaguna.com\/index.php\/wp-json\/wp\/v2\/tags?post=13881"}],"curies":[{"name":"wp","href":"https:\/\/api.w.org\/{rel}","templated":true}]}}