{"id":13935,"date":"2023-02-27T19:36:28","date_gmt":"2023-02-28T01:36:28","guid":{"rendered":"https:\/\/www.aquilaguna.com\/?p=13935"},"modified":"2023-02-27T19:36:28","modified_gmt":"2023-02-28T01:36:28","slug":"reconoce-uadec-a-los-profesores-con-perfil-prodep-y-a-sus-cuerpos-academicos","status":"publish","type":"post","link":"https:\/\/www.aquilaguna.com\/index.php\/2023\/02\/27\/reconoce-uadec-a-los-profesores-con-perfil-prodep-y-a-sus-cuerpos-academicos\/","title":{"rendered":"Reconoce UAdeC a los Profesores con Perfil PRODEP y a sus Cuerpos Acad\u00e9micos."},"content":{"rendered":"\n<p>ARTEAGA, Coahuila. 27 de febrero de 2023. Este lunes la Universidad Aut\u00f3noma<br>de Coahuila, entreg\u00f3 reconocimientos a sus Profesores de Tiempo Completo<br>(PTC), que lograron ser reconocidos por la Secretaria de Educaci\u00f3n P\u00fablica (SEP)<br>en el marco de las Convocatorias del Programa para el Desarrollo Profesional<br>Docente (PRODEP) 2022.<\/p>\n\n\n\n<p>Recibieron reconocimiento al Perfil Deseable PRODEP 215 Profesores de Tiempo<br>Completo y 35 Cuerpos Acad\u00e9micos (CA), que conservaron o mejoraron su grado<br>de consolidaci\u00f3n, formaci\u00f3n, as\u00ed como los seis CA que obtuvieron su registro por<br>primera vez.<\/p>\n\n\n\n<p>El reconocimiento al Perfil Deseable es una distinci\u00f3n que realiza la Direcci\u00f3n<br>General de Educaci\u00f3n Superior Universitaria e Intercultural y el Programa para el<br>Desarrollo Profesional Docente (PRODEP), a las y los Profesores de Tiempo<br>Completo que cumplen satisfactoria y equilibradamente las funciones<br>universitarias b\u00e1sicas como lo son docencia, producci\u00f3n acad\u00e9mica de calidad,<br>tutor\u00eda, direcci\u00f3n individualizada y la gesti\u00f3n.<\/p>\n\n\n\n<p>En la ceremonia realizada en el lobby del Aula Magna de Ciudad Universitaria de<br>Arteaga, y de manera remota a trav\u00e9s de Facebook Live, estuvieron presentes el<br>Rector, Salvador Hern\u00e1ndez V\u00e9lez; el director de Fortalecimiento Institucional de<br>la DGESUI, el Dr. Eduardo Gerardo Rosas; as\u00ed como la subcoordinadora de<br>Fortalecimiento Institucional de la dependencia, Liliana Cant\u00fa Sifuentes; el director<br>de Planeaci\u00f3n y representante ante PRODEP, Jes\u00fas Alberto Montalvo Morales;<br>funcionariado de la administraci\u00f3n central, directivos de las Escuelas y Facultades<br>de las tres Unidades Acad\u00e9micas (Saltillo, Torre\u00f3n y Norte) y los docentes<br>reconocidos.<\/p>\n\n\n\n<p>Por su parte, a nombre de la Dra. Carmen Rodr\u00edguez Armenta, directora general<br>de la Direcci\u00f3n General de Educaci\u00f3n Superior Universitaria e intercultural,<br>DGESUI, el Dr. Eduardo Gerardo Rosas Gonz\u00e1lez, director de Fortalecimiento<br>Institucional, reconoci\u00f3 a los profesores de tiempo completo, que cumplen el<br>proceso de evaluaci\u00f3n de pares en el perfil de maestros y en la generaci\u00f3n y<br>aplicaci\u00f3n del conocimiento en los Cuerpos Acad\u00e9micos.<\/p>\n\n\n\n<p>Afirm\u00f3 que la tarea de formar el talento requerido para el desarrollo de la naci\u00f3n,<br>los principales actores son los maestros y por ello celebremos los logros de<br>continuar con el fortalecimiento de su planta acad\u00e9mica, manteniendo siempre al<br>centro a las y los estudiantes.<\/p>\n\n\n\n<p>Destac\u00f3 la misi\u00f3n de la Universidad Aut\u00f3noma de Coahuila, de fomentar con<br>enfoque humanista, los valores universales asociados a la ciencia, las artes, el<br>deporte, brindando una formaci\u00f3n integral y con este fundamento las instituciones<br>que como agentes de cambio desde su labor abonan al respeto de los derechos<br>humanos, en un marco de inclusi\u00f3n, igualdad, interculturalidad y generando una<br>cultura de paz, convirti\u00e9ndose en espacios de seguros y libres de violencia.<\/p>\n\n\n\n<p>\u201cA la comunidad de la Universidad Aut\u00f3noma de Coahuila, les felicito porque<br>estamos convencidos de que continuar\u00e1n con este impulso de acciones para el<br>desarrollo de su planta docente, sabemos que el crecimiento y la transformaci\u00f3n<br>se logra con la participaci\u00f3n de los actores que la rodean, por ello a todos desde el<br>gobierno federal les seguiremos acompa\u00f1ando, con respeto a su autonom\u00eda y<br>cercanos para continuar con el bienestar de la sociedad con una educaci\u00f3n de<br>calidad y excelencia\u201d, afirm\u00f3 Rosas Gonz\u00e1lez.<\/p>\n\n\n\n<p>En su mensaje, el rector Salvador Hern\u00e1ndez V\u00e9lez, dijo que la docencia es el<br>coraz\u00f3n de la Universidad Aut\u00f3noma de Coahuila y que son los profesores los que<br>mantienen el nivel y la calidad que la instituci\u00f3n oferta, por lo que les agradeci\u00f3 el<br>esfuerzo adicional que han venido realizando en el marco del proceso de<br>transformaci\u00f3n por el que atraviesa la m\u00e1xima casa de estudios y por recibir este<br>reconocimiento del Perfil Deseable PRODEP.<\/p>\n\n\n\n<p>Por otro lado, coment\u00f3 que en el a\u00f1o de 2019 se trasform\u00f3 el Estatuto<br>Universitario que ten\u00eda 44 a\u00f1os sin haber tenido alg\u00fan cambio y la normatividad ya<br>no correspond\u00eda con la realidad de la Universidad y que ante la pandemia se<br>superaron los retos que se presentaron, por lo que actualmente se trabaja en la<br>Reforma Acad\u00e9mica Universitaria y se cuenta con un nuevo Modelo Educativo y<br>un nuevo Reglamento Acad\u00e9mico General.<\/p>\n\n\n\n<p>En cuanto al tema de acciones que se llevan a cabo en la UAdeC para mantener<br>la paz y la armon\u00eda en la sociedad, destac\u00f3 que la Universidad cuenta con un<br>Protocolo de actuaci\u00f3n para atender, prevenir, sancionar y erradicar la violencia de<br>g\u00e9nero al interior de la Universidad, el cual sufri\u00f3 una serie de modificaciones en<br>las cuales particip\u00f3 la comunidad universitaria, as\u00ed mismo, se\u00f1al\u00f3 que se tiene la<br>Defensor\u00eda de los Derechos Humanos Universitarios y un Tribunal Universitario.<\/p>\n\n\n\n<p>Hern\u00e1ndez V\u00e9lez, dijo que el 58 por ciento de los estudiantes de la Universidad<br>son mujeres, por lo que se tienen tareas pendientes, pues el Consejo Universitario<br>es paritario de estudiantes y maestros, pero falta que sea integrado 50 por ciento<br>por mujeres y 50 por ciento por hombres, por lo que es una tarea que se busca<br>implementar en el corto plazo.<\/p>\n\n\n\n<p>\u201cTrabajar por la Cultura de la Paz es una gran tarea y que los profesores trabajan<br>en ello desde su diario actuar en las Escuelas, Facultades e Institutos de la<br>Universidad, por lo que son el alma de la instituci\u00f3n en el terreno acad\u00e9mico y de<br>la investigaci\u00f3n\u201d, afirm\u00f3 el Rector.<\/p>\n\n\n\n<p>En su intervenci\u00f3n, el director de Planeaci\u00f3n, Jes\u00fas Alberto Montalvo Morales,<br>coment\u00f3 que el PRODEP tiene siete objetivos:<\/p>\n\n\n\n<p>1. Mejora continua de la educaci\u00f3n excelencia y pertinencia de la educaci\u00f3n<\/p>\n\n\n\n<p>2. Reconocer la formaci\u00f3n profesional y fortalezas disciplinares<\/p>\n\n\n\n<p>3. Profesionalizar a los profesores de tiempo completo<\/p>\n\n\n\n<p>4. Capacidad de investigaci\u00f3n y docencia<\/p>\n\n\n\n<p>5. Desarrollar tecnol\u00f3gicamente y de manera innovativa<\/p>\n\n\n\n<p>6. Responsabilidad social y<\/p>\n\n\n\n<p>7. Profesores de tiempo completo que se actualicen y consoliden cuerpos colegiados de investigaci\u00f3n.<\/p>\n","protected":false},"excerpt":{"rendered":"<p>ARTEAGA, Coahuila. 27 de febrero de 2023. Este lunes la Universidad Aut\u00f3nomade Coahuila, entreg\u00f3 reconocimientos a sus Profesores de Tiempo Completo(PTC), que lograron ser reconocidos por la Secretaria de Educaci\u00f3n P\u00fablica (SEP)en el marco de las Convocatorias del Programa para el Desarrollo ProfesionalDocente (PRODEP) 2022. Recibieron reconocimiento al Perfil Deseable PRODEP 215 Profesores de TiempoCompleto y 35 Cuerpos Acad\u00e9micos (CA), que conservaron o mejoraron su gradode consolidaci\u00f3n, formaci\u00f3n, as\u00ed como&#8230;<\/p>\n","protected":false},"author":1,"featured_media":13936,"comment_status":"closed","ping_status":"closed","sticky":false,"template":"","format":"standard","meta":{"footnotes":""},"categories":[2],"tags":[],"class_list":["post-13935","post","type-post","status-publish","format-standard","has-post-thumbnail","hentry","category-uadec","wpcat-2-id"],"_links":{"self":[{"href":"https:\/\/www.aquilaguna.com\/index.php\/wp-json\/wp\/v2\/posts\/13935","targetHints":{"allow":["GET"]}}],"collection":[{"href":"https:\/\/www.aquilaguna.com\/index.php\/wp-json\/wp\/v2\/posts"}],"about":[{"href":"https:\/\/www.aquilaguna.com\/index.php\/wp-json\/wp\/v2\/types\/post"}],"author":[{"embeddable":true,"href":"https:\/\/www.aquilaguna.com\/index.php\/wp-json\/wp\/v2\/users\/1"}],"replies":[{"embeddable":true,"href":"https:\/\/www.aquilaguna.com\/index.php\/wp-json\/wp\/v2\/comments?post=13935"}],"version-history":[{"count":1,"href":"https:\/\/www.aquilaguna.com\/index.php\/wp-json\/wp\/v2\/posts\/13935\/revisions"}],"predecessor-version":[{"id":13937,"href":"https:\/\/www.aquilaguna.com\/index.php\/wp-json\/wp\/v2\/posts\/13935\/revisions\/13937"}],"wp:featuredmedia":[{"embeddable":true,"href":"https:\/\/www.aquilaguna.com\/index.php\/wp-json\/wp\/v2\/media\/13936"}],"wp:attachment":[{"href":"https:\/\/www.aquilaguna.com\/index.php\/wp-json\/wp\/v2\/media?parent=13935"}],"wp:term":[{"taxonomy":"category","embeddable":true,"href":"https:\/\/www.aquilaguna.com\/index.php\/wp-json\/wp\/v2\/categories?post=13935"},{"taxonomy":"post_tag","embeddable":true,"href":"https:\/\/www.aquilaguna.com\/index.php\/wp-json\/wp\/v2\/tags?post=13935"}],"curies":[{"name":"wp","href":"https:\/\/api.w.org\/{rel}","templated":true}]}}