{"id":13943,"date":"2023-02-27T20:23:52","date_gmt":"2023-02-28T02:23:52","guid":{"rendered":"https:\/\/www.aquilaguna.com\/?p=13943"},"modified":"2023-02-27T20:23:52","modified_gmt":"2023-02-28T02:23:52","slug":"afirma-gobernador-de-coahuila-que-un-gobierno-normal-pone-atencion-a-sus-ciudadanos","status":"publish","type":"post","link":"https:\/\/www.aquilaguna.com\/index.php\/2023\/02\/27\/afirma-gobernador-de-coahuila-que-un-gobierno-normal-pone-atencion-a-sus-ciudadanos\/","title":{"rendered":"Afirma Gobernador de Coahuila que un gobierno normal pone atenci\u00f3n a sus ciudadanos."},"content":{"rendered":"\n<p>Torre\u00f3n, Coahuila.- Afirma el Gobernador Miguel Angel Riquelme Solis, que ante la<br>movilizaci\u00f3n registrada el pasado domingo en defensa del INE y en  apoyo a la Suprema<br>Corte de Justicia de la Naci\u00f3n que, &#8220;en un gobierno normal, ser\u00eda el de poner atenci\u00f3n al<br>clamor ciudadano&#8221;, para calificar luego lo pretendido a trav\u00e9s del famoso Plan B, &#8220;como<br>una reforma retr\u00f3grada&#8221;.<\/p>\n\n\n\n<p>En el tema, que domina el inter\u00e9s p\u00fablico en los d\u00edas que corren, luego de la movilizaci\u00f3n<br>ciudadana realizada el pasado domingo en defensa del INE apoyo a las decisiones que se<br>tomen en Suprema Corte de Justicia de la Naci\u00f3n en el sinn\u00famero de controversias<br>presentadas en contra del Apartado-B, el Gobernador Riquelme Solis, emiti\u00f3 tales<br>consideraciones.<\/p>\n\n\n\n<p>&#8220;He emitido en diversas ocasiones, hemos incluso presentado la Controversia en contra<br>del Plan-B varios municipios lo hicieron tambi\u00e9n&#8221;.<\/p>\n\n\n\n<p>Es una Iniciativa retrograda, afirm\u00f3, &#8220;para nuestra democracia y la manifestaci\u00f3n que se dio, en un gobierno normal, ser\u00eda de poner atenci\u00f3n al clamor ciudadano&#8221;.<\/p>\n\n\n\n<p>&#8220;Aqu\u00ed yo creo que fue distinto, hay incluso insultos y calificativos para quienes asistieron a la<br>marcha. No entiendo, sigo sin entender ese tipo de posturas&#8221;.<\/p>\n\n\n\n<p>&#8220;Simplemente es respetar a quien se manifiesta, escucharlo, poner atenci\u00f3n en las razones<br>que de alguna forma se destacan y que yo, escuch\u00e9 con mucha atenci\u00f3n los discursos. Y bueno, claro que esperamos que la Suprema Corte de Justicia de un rev\u00e9s al Plan- B, sino se les van a seguir ocurriendo muchas reformas con Plan-B&#8221;, dijo.<\/p>\n\n\n\n<p>Y agreg\u00f3, &#8220;cuando de alguna forma tratan de pasar con la mayor\u00eda del Congreso, o con la<br>mayor\u00eda del Senado, no as\u00ed cuando solo se requieren dos segundas partes&#8221;.<\/p>\n\n\n\n<p>&#8220;Este tipo de Plan-B y lo hicieron en la Reforma Energ\u00e9tica y lo han venido haciendo en<br>temas que por obvias razones, sobre todo Constitucionales, no los han podido pasar por la<br>C\u00e1mara o por el Senado&#8221;.<\/p>\n\n\n\n<p>&#8220;Nuestra democracia, debe seguir mejorando, sobre todo en cada entidad federativa conforme<br>a sus circunstancias y llama la atenci\u00f3n como una instituci\u00f3n que nos ha dado el triunfo a<br>distintos partidos pol\u00edticos en distintos cargos, que nos ha entregado nuestra Constancia de<br>Mayor\u00eda y en tribunales se han despejado todas las dudas de cualquier orden en<br>cualquier proceso electoral&#8221;.<\/p>\n\n\n\n<p>&#8220;Hoy se trata de mutilarla, de quitarle facultades, de mutilarla y sobre todo violar la su<br>democracia interna&#8221;.<\/p>\n\n\n\n<p>Esa es mi postura, que afirm\u00f3, &#8220;ya la hab\u00eda manifestado. No es algo nuevo pero ayer&#8221;, agregaba, &#8220;la respuesta ciudadana que se di\u00f3 y que creo que debe de ser tomada en cuenta para posteriores decisiones. Los mexicanos no estamos dispuestos a retroceder en un terreno que no solo se ha ganado la confianza de los mexicanos, sino que el resultado est\u00e1 a la vista&#8221;.<\/p>\n\n\n\n<p>&#8220;En todos los procesos electorales que se han conducido, no solo por ellos, sino tambi\u00e9n por<br>los propios ciudadanos y que repito, siempre, siempre pues se entrega la Constancia de<br>Mayor\u00eda a quien ha ganado, sea del partido que sea&#8221;.<\/p>\n\n\n\n<p>Esto, afirm\u00f3, &#8220;tiene que ver con la democracia que hoy vivimos. Simplemente, hoy cu\u00e1ntos<br>gobiernos de MORENA existen y que anteriormente lucharon precisamente por tener y una<br>participaci\u00f3n equitativa en nuestro marco jur\u00eddico general y en la participaci\u00f3n del propio<br>INE&#8221;.<\/p>\n\n\n\n<p>&#8220;Creo, que no es v\u00e1lido que hoy se critique al \u00f3rgano electoral&#8221;.<\/p>\n\n\n\n<p><strong>TESLA.<\/strong><\/p>\n\n\n\n<p>El Gobernador, en el tema de la empresa Tesla y su potencial ubicaci\u00f3n, fue preguntado<br>sobre cuales ser\u00edan los incentivos que si gobierno pudiera ofrecer a la citada, diciendo sobre<br>el tema que, &#8220;ser\u00eda un error comunic\u00e1rlos a trav\u00e9s de los Medios de Comunicaci\u00f3n. A<br>alguna empresa que se perfectamente como se maneja&#8221;.<\/p>\n\n\n\n<p>Ellos, dijo, &#8220;a estas alturas ya estuvieron en nuestro Estado, el vecino y el que sigue; todos. Y<br>no se maneja as\u00ed&#8221;.<\/p>\n\n\n\n<p>&#8220;Mi preocupaci\u00f3n es que ya TESLA hab\u00eda anunciado que se quedar\u00eda en el norte y como<br>repito, el Gobierno de la Rep\u00fablica, en vez de trabajar con estos Estados para que se quede<br>en el norte, pues nos veta&#8221;.<\/p>\n\n\n\n<p>&#8220;Parece ser, que hoy el Presidente se re\u00fane con los directivos de TESLA, y ojal\u00e1 que sea<br>para el bien de M\u00e9xico y que se quede en el norte y si esto sucede pues Coahuila<br>resultar\u00e1 muy beneficiada&#8221;.<\/p>\n\n\n\n<p>Revel\u00f3 que, &#8220;ya hab\u00edamos platicado nosotros con TESLA y se habla de una cadena amplia<br>de proveedores que viene al norte&#8221;.<\/p>\n\n\n\n<p>&#8220;Somos muy competitivos y los m\u00e1s seguros del pa\u00eds. Para nosotros es una gran ventaja. No<br>quiero estar haciendo declaraciones al vapor&#8221;.<\/p>\n\n\n\n<p>&#8220;Claro que que quiero que as\u00ed suceda, pero Tesla no est\u00e1 improvisando, cualquier Estado<br>les dar\u00edan a todo lo que pidieran, pero no es la forma de ofrecer incentivos&#8221;.<\/p>\n\n\n\n<p>&#8220;Creo que perder\u00edamos seriedad y sobre todo siempre hemos sido muy responsables en<br>nuestro trato con las empresas, con discreci\u00f3n y sobre todo, con atenci\u00f3n porque asi es<br>como se van las empresas a un Estado como el nuestro&#8221;.<\/p>\n\n\n\n<p>Resumi\u00f3 luego en este tema, que al parecer, &#8220;el norte, no es tema para \u00e9ste gobierno. Vamos a ver qu\u00e9 sucede de aqu\u00ed, a ma\u00f1ana. Yo he perdido ya, mi capacidad de asombro&#8221;.<\/p>\n","protected":false},"excerpt":{"rendered":"<p>Torre\u00f3n, Coahuila.- Afirma el Gobernador Miguel Angel Riquelme Solis, que ante lamovilizaci\u00f3n registrada el pasado domingo en defensa del INE y en apoyo a la SupremaCorte de Justicia de la Naci\u00f3n que, &#8220;en un gobierno normal, ser\u00eda el de poner atenci\u00f3n alclamor ciudadano&#8221;, para calificar luego lo pretendido a trav\u00e9s del famoso Plan B, &#8220;comouna reforma retr\u00f3grada&#8221;. En el tema, que domina el inter\u00e9s p\u00fablico en los d\u00edas que corren,&#8230;<\/p>\n","protected":false},"author":2,"featured_media":0,"comment_status":"closed","ping_status":"","sticky":false,"template":"","format":"standard","meta":{"footnotes":""},"categories":[5,15,31,94,65],"tags":[],"class_list":["post-13943","post","type-post","status-publish","format-standard","hentry","category-coahuila","category-gobierno-de-coahuila","category-gobierno-federal","category-ine","category-inversion","wpcat-5-id","wpcat-15-id","wpcat-31-id","wpcat-94-id","wpcat-65-id"],"_links":{"self":[{"href":"https:\/\/www.aquilaguna.com\/index.php\/wp-json\/wp\/v2\/posts\/13943","targetHints":{"allow":["GET"]}}],"collection":[{"href":"https:\/\/www.aquilaguna.com\/index.php\/wp-json\/wp\/v2\/posts"}],"about":[{"href":"https:\/\/www.aquilaguna.com\/index.php\/wp-json\/wp\/v2\/types\/post"}],"author":[{"embeddable":true,"href":"https:\/\/www.aquilaguna.com\/index.php\/wp-json\/wp\/v2\/users\/2"}],"replies":[{"embeddable":true,"href":"https:\/\/www.aquilaguna.com\/index.php\/wp-json\/wp\/v2\/comments?post=13943"}],"version-history":[{"count":1,"href":"https:\/\/www.aquilaguna.com\/index.php\/wp-json\/wp\/v2\/posts\/13943\/revisions"}],"predecessor-version":[{"id":13944,"href":"https:\/\/www.aquilaguna.com\/index.php\/wp-json\/wp\/v2\/posts\/13943\/revisions\/13944"}],"wp:attachment":[{"href":"https:\/\/www.aquilaguna.com\/index.php\/wp-json\/wp\/v2\/media?parent=13943"}],"wp:term":[{"taxonomy":"category","embeddable":true,"href":"https:\/\/www.aquilaguna.com\/index.php\/wp-json\/wp\/v2\/categories?post=13943"},{"taxonomy":"post_tag","embeddable":true,"href":"https:\/\/www.aquilaguna.com\/index.php\/wp-json\/wp\/v2\/tags?post=13943"}],"curies":[{"name":"wp","href":"https:\/\/api.w.org\/{rel}","templated":true}]}}