{"id":13961,"date":"2023-02-28T18:02:43","date_gmt":"2023-03-01T00:02:43","guid":{"rendered":"https:\/\/www.aquilaguna.com\/?p=13961"},"modified":"2023-02-28T18:02:44","modified_gmt":"2023-03-01T00:02:44","slug":"ante-comunidad-universitaria-y-poblacion-en-general-el-rector-de-la-uadec-informa-los-logros-registrados-en-2022","status":"publish","type":"post","link":"https:\/\/www.aquilaguna.com\/index.php\/2023\/02\/28\/ante-comunidad-universitaria-y-poblacion-en-general-el-rector-de-la-uadec-informa-los-logros-registrados-en-2022\/","title":{"rendered":"Ante Comunidad Universitaria y Poblaci\u00f3n en General el Rector de la UAdeC Informa los Logros Registrados en 2022."},"content":{"rendered":"\n<p>ARTEAGA, Coahuila. 28 de febrero de 2023. En el a\u00f1o 2022 la Universidad<br>Aut\u00f3noma de Coahuila registr\u00f3 importantes logros en el desarrollo de la vida<br>acad\u00e9mica, de investigaci\u00f3n, vinculaci\u00f3n, de equidad, derechos humanos, cultura,<br>deporte, compromiso social y financiera, plasmado en el segundo informe del<br>rector Salvador Hern\u00e1ndez V\u00e9lez, aprobado por el Consejo Universitario el pasado<br>22 de febrero y este martes presentado ante la comunidad universitaria y<br>poblaci\u00f3n en general.<\/p>\n\n\n\n<p>En la Gran Sala del Centro Cultural Universitario de Arteaga, atestigu\u00f3 la<br>ceremonia como invitado de honor, el gobernador del estado, Miguel \u00c1ngel<br>Riquelme Sol\u00eds, a donde asistieron tambi\u00e9n representantes de los distintos<br>poderes de gobierno, alcaldes, de organismos empresariales, funcionariado<br>universitario, ex rectores, maestros y alumnos de la UAdeC.<\/p>\n\n\n\n<p>En su mensaje el gobernador del estado, Miguel \u00c1ngel Riquelme Sol\u00eds, reconoci\u00f3<br>el trabajo de todas y todos los universitarios, quienes afirm\u00f3 han sido un gran<br>complemento para su gobierno, por lo que destac\u00f3 el reconocimiento de la<br>sociedad hacia la Universidad Aut\u00f3noma de Coahuila, porque ha sido testigo de<br>los avances y logros que los universitarios han alcanzado bajo la direcci\u00f3n del<br>rector Salvador Hern\u00e1ndez V\u00e9lez.<\/p>\n\n\n\n<p>As\u00ed mismo, se\u00f1al\u00f3 que la m\u00e1xima casa de estudios ha estado a la altura de los<br>desaf\u00edos actuales ante la pandemia m\u00e1s grave de nuestro tiempo, pues dio<br>continuidad a los programas acad\u00e9micos a distancia y aplic\u00f3 ex\u00e1menes en l\u00ednea,<br>los cuales llegaron para quedarse por su transparencia y efectividad, y es gracias<br>a la UAdeC que los j\u00f3venes tienen acceso a la educaci\u00f3n en las cinco regiones de<br>la entidad.<\/p>\n\n\n\n<p>El mandatario estatal, coment\u00f3 que, pese a los problemas presupuestales, la<br>Universidad ha dado seguimiento a sus programas acad\u00e9micos y no ha detenido<br>su marcha, pues a\u00f1o con a\u00f1o ha sumado acreditaciones internacionales y la<br>creaci\u00f3n de tres nuevos centros de investigaci\u00f3n.<\/p>\n\n\n\n<p>Tambi\u00e9n, destac\u00f3 las acciones que lleva a cabo la instituci\u00f3n en temas de medio<br>ambiente, en la prevenci\u00f3n de acoso sexual y la defensa de los derechos<br>humanos y celebr\u00f3 que el 58 por ciento de la matr\u00edcula est\u00e1 conformada por<br>mujeres, al tiempo que hizo \u00e9nfasis que su gobierno siempre ha mantenido<br>respeto a la autonom\u00eda universitaria.<\/p>\n\n\n\n<p>Riquelme Sol\u00eds, reafirm\u00f3 el respaldo de \u00e9l y de su equipo de trabajo hacia la<br>Universidad y destac\u00f3 que as\u00ed ser\u00e1 hasta su \u00faltimo d\u00eda de gesti\u00f3n, pues<br>comprende los graves problemas que enfrentan los universitarios ante los recortes<br>presupuestales, por lo que se busca contar con alumnos y maestros de excelencia<br>para generar la mano de obra que requiere Coahuila.<\/p>\n\n\n\n<p>\u201cAnte este escenario adverso aqu\u00ed en Coahuila y en la Universidad, ha prevalecido<br>la unidad, la UAdeC sigue siendo la primera opci\u00f3n de estudio entre los j\u00f3venes<br>coahuilenses, factor que es determinante en la gobernabilidad y los equilibrios<br>sociales que prevalecen en el estado\u201d, dijo.<\/p>\n\n\n\n<p>Agreg\u00f3 que la m\u00e1xima casa de estudios es ejemplo institucional de estabilidad y<br>superaci\u00f3n y ofrece opciones profesionales que responden al crecimiento<br>industrial y a la planta productiva actual, por lo que agradeci\u00f3 nuevamente a los<br>universitarios por su trabajo, entrega y dedicaci\u00f3n.<\/p>\n\n\n\n<p>Por su parte, el Rector en su mensaje, agradeci\u00f3 al Gobernador porque en este<br>proceso de complicaciones financieras, ha apoyado siempre a la UAdeC en lo que<br>ha necesitado, ha sido un soporte fundamental para los avances realizados, para<br>que la Universidad siga fuerte y creciendo con proyectos que beneficien a la<br>comunidad y a la sociedad coahuilense.<\/p>\n\n\n\n<p>\u201cQuiero agradecer a cada una de las personas e instituciones que han sido<br>primordiales de los logros expuestos, a las y los estudiantes, a docentes y<br>administrativos, que con su esfuerzo diario construyen una mejor universidad, a<br>las y los directores y coordinadores de unidad, que impulsan a la instituci\u00f3n en<br>todas las regiones del estado\u201d, expres\u00f3 Hern\u00e1ndez V\u00e9lez.<\/p>\n\n\n\n<p>Entre los rubros informados, establecidos en el Plan de Desarrollo Institucional,<br>habl\u00f3 sobre el fortalecimiento acad\u00e9mico, la Reforma y el Modelo Educativo, as\u00ed<br>como el Reglamento Acad\u00e9mico General, la inmersi\u00f3n y capacitaci\u00f3n de docentes,<br>la reforma a 33 planes de estudio de las carreras que ofrece la m\u00e1xima casa de<br>estudios.<\/p>\n\n\n\n<p>La matr\u00edcula es de 38 mil 498 alumnas y alumnos, la oferta acad\u00e9mica que oferta<br>la UAdeC es de 178 programas de bachillerato, licenciatura y posgrado, de los<br>cuales 12 son de reciente creaci\u00f3n y 11 programas acad\u00e9micos que se pueden<br>cursar 100 por ciento en l\u00ednea y m\u00e1s de 200 materias cargadas en plataformas de<br>decenas de programas acad\u00e9micos que pueden ser cursadas a distancia.<\/p>\n\n\n\n<p><strong>Prestigio Institucional.<\/strong><\/p>\n\n\n\n<p>El Rector inform\u00f3 sobre los principales logros que permiten un prestigio<br>institucional, los programas acad\u00e9micos tienen calidad y destacan a nivel nacional,<br>ya que, en muchos campos como en medicina, derecho, odontolog\u00eda, psicolog\u00eda,<br>enfermer\u00eda, administraci\u00f3n, arquitectura, ciencias de la comunicaci\u00f3n,<br>mercadotecnia y trabajo social, las y los estudiantes sacaron en conjunto<br>resultados que nos colocan entre los mejores del pa\u00eds.<\/p>\n\n\n\n<p>Del Examen General de Egreso de la Licenciatura, EGEL con m\u00e1s del 60 por<br>ciento de los testimonios sobresalientes y satisfactorios, estamos a 10 puntos<br>porcentuales por encima del promedio nacional; 37 programas han sido<br>certificados por su calidad por CIIES y COPAES, adem\u00e1s, son cinco programas<br>con acreditaci\u00f3n internacional de calidad, dos en 2022 a trav\u00e9s de la acreditadora<br>internacional GRANA.<\/p>\n\n\n\n<p>En el posicionamiento de los dos rankings de calidad m\u00e1s reconocidos en el<br>mundo que son T.H.E. y QS Ranking, ubican a la UAdeC en el lugar 7 y 34 entre<br>las mejores instituciones mexicanas respectivamente, y el sitio 6 y 24<br>considerando a las universidades p\u00fablicas del pa\u00eds.<\/p>\n\n\n\n<p>Sobre fortalecimiento y crecimiento de la planta docente, la certificaci\u00f3n de<br>carreras de licenciatura e ingenier\u00edas a nivel nacional e internacional, la<br>reactivaci\u00f3n de la movilidad internacional e implementaci\u00f3n de materias en ingl\u00e9s<br>y el establecimiento de 48 nuevos convenios de colaboraci\u00f3n con distintas<br>organizaciones.<\/p>\n\n\n\n<p>La Universidad cuenta con una planta docente preparada, conformada por m\u00e1s de<br>3,200 docentes, 1,112 de tiempo completo y 2,119 de tiempo parcial, de las y los<br>profesores de tiempo completo 927 imparten c\u00e1tedra en el nivel superior, de los<br>cuales 96 por ciento cuenta con estudios de posgrado, el 57 por ciento<br>reconocimientos PRODEP, el 36 por ciento forma parte de SNI y el 55 por ciento<br>participa en un cuerpo acad\u00e9mico.<\/p>\n\n\n\n<p>En la formaci\u00f3n integral como detonante del desarrollo cultural y humano de las y<br>los universitarios, se logr\u00f3 ofrecer espacios y actividades culturales, y obtener<br>premios nacionales e internacionales de grupos representativos como el ballet<br>folcl\u00f3rico de la UAdeC con el primer lugar del Concurso Internacional de Folklore<br>en Brasil y la TUNA Universitaria con premios nacionales.<\/p>\n\n\n\n<p>En la Universiada Nacional nuestra Universidad logr\u00f3 ubicarse en el lugar 11 en el<br>medallero general, con un total de 13 preseas, 5 de oro, 3 de plata y 5 de bronce;<br>por otro lado, el estudiante Mat\u00edas Grande Kalionchiz consigui\u00f3 tres medallas en el<br>Panamericano de Tiro con Arco, que se celebr\u00f3 en Chile.<\/p>\n\n\n\n<p>Durante el a\u00f1o 2022 se registraron 321 proyectos de investigaci\u00f3n, de los cuales<br>57 tuvieron financiamiento externo, esto permiti\u00f3 tener una producci\u00f3n agregada<br>de 25 libros acad\u00e9micos, 325 art\u00edculos cient\u00edficos en revistas indexadas de calidad<br>internacional y 7 nuevas patentes; adem\u00e1s, la Universidad cuenta ya con 10<br>Centros de Investigaci\u00f3n y tres de ellos fueron creados en este 2022.<\/p>\n\n\n\n<p>Como parte de nuestro compromiso con el medio ambiente, 108 dependencias y<br>unidades acad\u00e9micas han obtenido la constancia o reconocimientos del programa<br>Oficina Verde, por sus esfuerzos para reducir el impacto ecol\u00f3gico en sus<br>actividades.<\/p>\n\n\n\n<p>Con Lobos al Rescate los j\u00f3venes universitarios se involucraron en 62 actividades<br>en favor del medio ambiente, nueve brigadas de salud y 12 colectas para<br>damnificados por desastres naturales o brigadistas que combaten incendios, con<br>estas acciones se beneficiaron a 46 mil personas en 19 municipios del estado de<br>Coahuila.<\/p>\n","protected":false},"excerpt":{"rendered":"<p>ARTEAGA, Coahuila. 28 de febrero de 2023. En el a\u00f1o 2022 la UniversidadAut\u00f3noma de Coahuila registr\u00f3 importantes logros en el desarrollo de la vidaacad\u00e9mica, de investigaci\u00f3n, vinculaci\u00f3n, de equidad, derechos humanos, cultura,deporte, compromiso social y financiera, plasmado en el segundo informe delrector Salvador Hern\u00e1ndez V\u00e9lez, aprobado por el Consejo Universitario el pasado22 de febrero y este martes presentado ante la comunidad universitaria ypoblaci\u00f3n en general. En la Gran Sala del&#8230;<\/p>\n","protected":false},"author":1,"featured_media":13962,"comment_status":"closed","ping_status":"closed","sticky":false,"template":"","format":"standard","meta":{"footnotes":""},"categories":[2],"tags":[],"class_list":["post-13961","post","type-post","status-publish","format-standard","has-post-thumbnail","hentry","category-uadec","wpcat-2-id"],"_links":{"self":[{"href":"https:\/\/www.aquilaguna.com\/index.php\/wp-json\/wp\/v2\/posts\/13961","targetHints":{"allow":["GET"]}}],"collection":[{"href":"https:\/\/www.aquilaguna.com\/index.php\/wp-json\/wp\/v2\/posts"}],"about":[{"href":"https:\/\/www.aquilaguna.com\/index.php\/wp-json\/wp\/v2\/types\/post"}],"author":[{"embeddable":true,"href":"https:\/\/www.aquilaguna.com\/index.php\/wp-json\/wp\/v2\/users\/1"}],"replies":[{"embeddable":true,"href":"https:\/\/www.aquilaguna.com\/index.php\/wp-json\/wp\/v2\/comments?post=13961"}],"version-history":[{"count":1,"href":"https:\/\/www.aquilaguna.com\/index.php\/wp-json\/wp\/v2\/posts\/13961\/revisions"}],"predecessor-version":[{"id":13963,"href":"https:\/\/www.aquilaguna.com\/index.php\/wp-json\/wp\/v2\/posts\/13961\/revisions\/13963"}],"wp:featuredmedia":[{"embeddable":true,"href":"https:\/\/www.aquilaguna.com\/index.php\/wp-json\/wp\/v2\/media\/13962"}],"wp:attachment":[{"href":"https:\/\/www.aquilaguna.com\/index.php\/wp-json\/wp\/v2\/media?parent=13961"}],"wp:term":[{"taxonomy":"category","embeddable":true,"href":"https:\/\/www.aquilaguna.com\/index.php\/wp-json\/wp\/v2\/categories?post=13961"},{"taxonomy":"post_tag","embeddable":true,"href":"https:\/\/www.aquilaguna.com\/index.php\/wp-json\/wp\/v2\/tags?post=13961"}],"curies":[{"name":"wp","href":"https:\/\/api.w.org\/{rel}","templated":true}]}}