{"id":14011,"date":"2023-03-02T19:24:26","date_gmt":"2023-03-03T01:24:26","guid":{"rendered":"https:\/\/www.aquilaguna.com\/?p=14011"},"modified":"2023-03-02T19:24:26","modified_gmt":"2023-03-03T01:24:26","slug":"invita-salud-coahuila-a-jornada-de-deteccion-oportuna-de-cancer-infantil-en-torreon","status":"publish","type":"post","link":"https:\/\/www.aquilaguna.com\/index.php\/2023\/03\/02\/invita-salud-coahuila-a-jornada-de-deteccion-oportuna-de-cancer-infantil-en-torreon\/","title":{"rendered":"INVITA SALUD COAHUILA A JORNADA DE DETECCI\u00d3N OPORTUNA DE C\u00c1NCER INFANTIL, EN TORRE\u00d3N."},"content":{"rendered":"\n<p>Torre\u00f3n, Coahuila de Zaragoza; a 2 de Marzo del 2023.- El Gobierno de Coahuila, a trav\u00e9s de su Secretar\u00eda de Salud, invita a la Jornada de Detecci\u00f3n Oportuna de C\u00e1ncer Infantil que se llevar\u00e1 a cabo este s\u00e1bado 4 de marzo en las instalaciones de Casa Feliz Torre\u00f3n.<\/p>\n\n\n\n<p>Wendy F\u00e9lix Hern\u00e1ndez, titular de Programa de Cirug\u00edas de M\u00ednima Invasi\u00f3n, de la Secretar\u00eda de Salud, coment\u00f3 que ser\u00e1 el punto de las 10:30 horas cuando arranque esta jornada, en la que expectativa es atender hasta 60 menores.<\/p>\n\n\n\n<p>\u201cEsta es la primera campa\u00f1a que vamos a hacer en conjunto con Casa Feliz, es una campa\u00f1a de diagn\u00f3stico masiva donde esperamos a alrededor de 40 a 60 ni\u00f1os, de entre un a\u00f1o hasta 17\u201d.<\/p>\n\n\n\n<p>\u201cEstar\u00e1n presentes m\u00e9dicos de Saltillo, se trata de onc\u00f3logos y hemat\u00f3logos pediatras, al igual que de aqu\u00ed de Torre\u00f3n, quienes nos van a estar apoyando\u201d, expres\u00f3 la funcionaria.<\/p>\n\n\n\n<p>Sobre los signos y s\u00edntomas que pueden tomarse en cuenta para solicitar el diagn\u00f3stico, son: dolor persistente de huesos y abdomen, fiebre sin causa o por m\u00e1s de una semana, moretones, sangrado de nariz o enc\u00edas, crecimiento tumoral o de ganglios, picaz\u00f3n en el cuerpo sin lesiones en la piel y cansancio facial.<\/p>\n\n\n\n<p>Tambi\u00e9n puede ser anemia, p\u00e9rdida de peso de la nada, dolor de cabeza y v\u00f3mitos, abdomen que crece r\u00e1pidamente e infecci\u00f3n que no mejora en las y los menores y j\u00f3venes.<\/p>\n\n\n\n<p>Advirti\u00f3 que es muy importante, como padres de familia, estar alertas y poner atenci\u00f3n a los anteriores: \u201cTendremos m\u00e9dicos consultando de las 09:00 a 16:00 horas, por el n\u00famero de ni\u00f1os que van a asistir\u201d.<\/p>\n\n\n\n<p>\u201cEn caso de que alguno de estos infantes aparezca con alg\u00fan dato positivo, se le va a mandar hacer laboratorios y estudios para estar seguros y, en caso de que salga positivo, se le va a empezar a apoyar con su tratamiento\u201d.<\/p>\n\n\n\n<p>Los interesados pueden comunicarse con F\u00e9lix Hern\u00e1ndez, al 844 504 6009, o con Alejandra M\u00e1rquez Mart\u00ednez, al 871 505 9623, de las 10:00 a 13:00 horas, hasta el viernes 3 de marzo, para apartar su lugar. Toda la atenci\u00f3n es gratuita.<\/p>\n\n\n\n<p>Casa Feliz se ubica en calle Duraznos 245, de la Colonia Torre\u00f3n Jard\u00edn.<\/p>\n","protected":false},"excerpt":{"rendered":"<p>Torre\u00f3n, Coahuila de Zaragoza; a 2 de Marzo del 2023.- El Gobierno de Coahuila, a trav\u00e9s de su Secretar\u00eda de Salud, invita a la Jornada de Detecci\u00f3n Oportuna de C\u00e1ncer Infantil que se llevar\u00e1 a cabo este s\u00e1bado 4 de marzo en las instalaciones de Casa Feliz Torre\u00f3n. Wendy F\u00e9lix Hern\u00e1ndez, titular de Programa de Cirug\u00edas de M\u00ednima Invasi\u00f3n, de la Secretar\u00eda de Salud, coment\u00f3 que ser\u00e1 el punto de&#8230;<\/p>\n","protected":false},"author":1,"featured_media":14012,"comment_status":"closed","ping_status":"closed","sticky":false,"template":"","format":"standard","meta":{"footnotes":""},"categories":[5,15,28,14,7],"tags":[],"class_list":["post-14011","post","type-post","status-publish","format-standard","has-post-thumbnail","hentry","category-coahuila","category-gobierno-de-coahuila","category-la-laguna","category-salud","category-torreon","wpcat-5-id","wpcat-15-id","wpcat-28-id","wpcat-14-id","wpcat-7-id"],"_links":{"self":[{"href":"https:\/\/www.aquilaguna.com\/index.php\/wp-json\/wp\/v2\/posts\/14011","targetHints":{"allow":["GET"]}}],"collection":[{"href":"https:\/\/www.aquilaguna.com\/index.php\/wp-json\/wp\/v2\/posts"}],"about":[{"href":"https:\/\/www.aquilaguna.com\/index.php\/wp-json\/wp\/v2\/types\/post"}],"author":[{"embeddable":true,"href":"https:\/\/www.aquilaguna.com\/index.php\/wp-json\/wp\/v2\/users\/1"}],"replies":[{"embeddable":true,"href":"https:\/\/www.aquilaguna.com\/index.php\/wp-json\/wp\/v2\/comments?post=14011"}],"version-history":[{"count":1,"href":"https:\/\/www.aquilaguna.com\/index.php\/wp-json\/wp\/v2\/posts\/14011\/revisions"}],"predecessor-version":[{"id":14013,"href":"https:\/\/www.aquilaguna.com\/index.php\/wp-json\/wp\/v2\/posts\/14011\/revisions\/14013"}],"wp:featuredmedia":[{"embeddable":true,"href":"https:\/\/www.aquilaguna.com\/index.php\/wp-json\/wp\/v2\/media\/14012"}],"wp:attachment":[{"href":"https:\/\/www.aquilaguna.com\/index.php\/wp-json\/wp\/v2\/media?parent=14011"}],"wp:term":[{"taxonomy":"category","embeddable":true,"href":"https:\/\/www.aquilaguna.com\/index.php\/wp-json\/wp\/v2\/categories?post=14011"},{"taxonomy":"post_tag","embeddable":true,"href":"https:\/\/www.aquilaguna.com\/index.php\/wp-json\/wp\/v2\/tags?post=14011"}],"curies":[{"name":"wp","href":"https:\/\/api.w.org\/{rel}","templated":true}]}}