{"id":14074,"date":"2023-03-06T19:14:08","date_gmt":"2023-03-07T01:14:08","guid":{"rendered":"https:\/\/www.aquilaguna.com\/?p=14074"},"modified":"2023-03-06T19:14:09","modified_gmt":"2023-03-07T01:14:09","slug":"inicia-en-la-uadec-trama-vivida-proyecto-participativo-en-conmemoracion-del-dia-internacional-de-la-mujer","status":"publish","type":"post","link":"https:\/\/www.aquilaguna.com\/index.php\/2023\/03\/06\/inicia-en-la-uadec-trama-vivida-proyecto-participativo-en-conmemoracion-del-dia-internacional-de-la-mujer\/","title":{"rendered":"Inicia en la UAdeC \u201cTrama V\u00edvida\u201d Proyecto Participativo en Conmemoraci\u00f3n del D\u00eda Internacional de la Mujer."},"content":{"rendered":"\n<p>SALTILLO, Coahuila. 6 de marzo de 2023. La Universidad Aut\u00f3noma de Coahuila<br>a trav\u00e9s de la Coordinaci\u00f3n de Difusi\u00f3n y Patrimonio Cultural (DPC), inici\u00f3 su<br>Jornada Conmemorativa por el D\u00eda Internacional de la Mujer con \u201cTrama V\u00edvida\u201d,<br>que es un proyecto participativo de intervenciones textiles, espaciales y urbanas<br>dirigido a mujeres de cualquier edad que entraman de forma individual o grupal, y<br>que tiene como objetivo visibilizar y fortalecer sus redes de apoyo, encabezado<br>por las artistas visuales Tal\u00eda Barredo Garc\u00eda y Laila Castillo Silva.<\/p>\n\n\n\n<p>El objetivo de \u201cTrama V\u00edvida\u201d, que se desarrolla en los pasillos de la Unidad de<br>Camporredondo, es visibilizar y materializar las redes o grupos de apoyo de<br>mujeres entre la comunidad universitaria, para provocar, a trav\u00e9s de esta<br>materializaci\u00f3n, el cuestionamiento sobre las estructuras sistem\u00e1ticas actuales,<br>generar el di\u00e1logo y la escucha entre los grupos estudiantiles, as\u00ed como propiciar<br>un espacio de creaci\u00f3n horizontal entre la comunidad de mujeres de la universidad<br>y documentar los procesos que surjan de esta acci\u00f3n.<\/p>\n\n\n\n<p>A la ceremonia, asistieron la subcoordinadora de Difusi\u00f3n Cultural de la DPC,<br>Susana Mercado Becerril, la coordinadora de Comunicaci\u00f3n y Relaciones<br>P\u00fablicas, Julieta Carabaza Gonz\u00e1lez, la titular de la Coordinaci\u00f3n de Igualdad de<br>G\u00e9nero, Magdalena Jaime Cepeda y la coordinadora de Infoteca Central, Juana<br>Mar\u00eda Montoya Reyna, as\u00ed como alumnas de sexto semestre de la Facultad de<br>Enfermer\u00eda \u201cDr. Santiago Vald\u00e9s Galindo\u201d y colaboradoras de diversas<br>dependencias de la Universidad.<\/p>\n\n\n\n<p>En su mensaje la subcoordinadora de Difusi\u00f3n Cultural, Susana Mercado Becerril<br>dijo que \u201cTrama V\u00edvida\u201d es un espacio de encuentro para la reflexi\u00f3n y participar<br>en la conmemoraci\u00f3n del 8 de marzo D\u00eda Internacional de la Mujer, a trav\u00e9s del<br>arte y la cultura, pues por medio de estas expresiones las mujeres cuentan su<br>historia, que puede ser de amor, desamor, alegr\u00eda, \u00e9xito o desilusiones.<\/p>\n\n\n\n<p>\u201cDesde el arte y la cultura puede haber denuncia y dar pie a la reflexi\u00f3n en el tema<br>de g\u00e9nero, para cambiar paradigmas de la sociedad, por lo que debemos trabajar<br>con nuestra red, para fortalecernos, empoderarnos y hermanarnos entre nosotras\u201d,<br>se\u00f1al\u00f3.<\/p>\n\n\n\n<p>Por su parte, las artistas Tal\u00eda Barredo Garc\u00eda y Laila Castillo Silva explicaron que<br>\u201cTrama V\u00edvida\u201d es un espacio para accionar con la comunidad universitaria de<br>mujeres el generar conciencia y tener un proceso de reflexi\u00f3n y sanaci\u00f3n, para<br>trabajar en equipo de la mano de materiales textiles que son flexibles y que se<br>pueden moldear, para detonar poderosos resultados dentro de nuestra red.<\/p>\n\n\n\n<p>Durante el evento las asistentes iniciaron con la actividad que consiste en lo<br>siguiente: tomar una ramita y un hilo, enredar el hilo alrededor de la rama y repetir<br>la siguiente frase \u201cUn amarre de hilos que se sienta como un abrazo fuerte y<br>eterno de mi red. Honro mi sagrado femenino, me amo, me abrazo y extiendo mi<br>red\u201d.<\/p>\n\n\n\n<p>Posteriormente, se conserva ese amarre como un amuleto, se toma un lienzo de<br>tela y un marcador, escribes una palabra o frase con la que intenciones tu<br>presencia, usas las estructuras, los hilos y tu mensaje para tejer en el espacio,<br>respetando los mensajes de las otras y los accesos de paso, al terminar registras<br>tu experiencia dejando un mensaje escrito en las bit\u00e1coras colocadas en los<br>m\u00f3dulos de \u201cTrama V\u00edvida\u201d.<\/p>\n\n\n\n<p>Se cont\u00f3 con la participaci\u00f3n musical de Navid Rodr\u00edguez y se imparti\u00f3 la<br>conferencia \u201cLa conciencia feminista en la poes\u00eda mexicana\u201d a cargo de Eugenia<br>Flores Soria; las actividades continuar\u00e1n el martes 7 de marzo a las 9:00 horas<br>atr\u00e1s del Edificio \u201cN\u201d en Unidad Camporredondo, con la construcci\u00f3n de la<br>instalaci\u00f3n art\u00edstica, a las 10:00 se llevar\u00e1 a cabo la lectura de poes\u00eda feminista<br>hispanoamericana por las alumnas de la Licenciatura en Letras Espa\u00f1olas de la<br>Facultad de Ciencia, Educaci\u00f3n y Humanidades y se presentar\u00e1 a las 11:30 la<br>Tuna Femenil Universitaria de la UAdeC.<\/p>\n\n\n\n<p>El mi\u00e9rcoles 8 de marzo a las 9:00 continuar\u00e1 la construcci\u00f3n art\u00edstica, a las 10:00<br>se dar\u00e1 lectura a fragmentos de los libros \u201cEl segundo sexo\u201d y \u201cLa m\u00edstica de la<br>feminidad\u201d a cargo de Claudia Berrueto; a las 11:30 participar\u00e1n funcionarias y<br>directoras de la UAdeC en \u201cTrama V\u00edvida\u201d; con acompa\u00f1amiento musical por Rosa<br>Laura Cadena Gil, Delia Alvarado y Nadia Alvarado; a las 12:00 ser\u00e1 la clausura<br>por parte de la coordinadora de Difusi\u00f3n y Patrimonio Cultural, Ana Sof\u00eda<br>Rodr\u00edguez Cepeda y las artistas visuales Tal\u00eda Barredo Garc\u00eda y Laila Castillo<br>Silva y se har\u00e1 un recorrido por la instalaci\u00f3n art\u00edstica y habr\u00e1 micr\u00f3fono abierto a<br>las y los participantes.<\/p>\n\n\n\n<p>Para m\u00e1s informaci\u00f3n visitar la p\u00e1gina de Facebook Dpc Uadec, ingresar al sitio<br><a href=\"http:\/\/www.uadec.mx\/dpc\/\" target=\"_blank\" rel=\"noreferrer noopener\">http:\/\/www.uadec.mx\/dpc\/<\/a>, llamar a los tel\u00e9fonos (844) 410 2362 y (844) 410 2542<br>o escribir al correo difusioncultural@uadec.edu.mx.<\/p>\n","protected":false},"excerpt":{"rendered":"<p>SALTILLO, Coahuila. 6 de marzo de 2023. La Universidad Aut\u00f3noma de Coahuilaa trav\u00e9s de la Coordinaci\u00f3n de Difusi\u00f3n y Patrimonio Cultural (DPC), inici\u00f3 suJornada Conmemorativa por el D\u00eda Internacional de la Mujer con \u201cTrama V\u00edvida\u201d,que es un proyecto participativo de intervenciones textiles, espaciales y urbanasdirigido a mujeres de cualquier edad que entraman de forma individual o grupal, yque tiene como objetivo visibilizar y fortalecer sus redes de apoyo, encabezadopor las&#8230;<\/p>\n","protected":false},"author":1,"featured_media":14075,"comment_status":"closed","ping_status":"closed","sticky":false,"template":"","format":"standard","meta":{"footnotes":""},"categories":[2],"tags":[],"class_list":["post-14074","post","type-post","status-publish","format-standard","has-post-thumbnail","hentry","category-uadec","wpcat-2-id"],"_links":{"self":[{"href":"https:\/\/www.aquilaguna.com\/index.php\/wp-json\/wp\/v2\/posts\/14074","targetHints":{"allow":["GET"]}}],"collection":[{"href":"https:\/\/www.aquilaguna.com\/index.php\/wp-json\/wp\/v2\/posts"}],"about":[{"href":"https:\/\/www.aquilaguna.com\/index.php\/wp-json\/wp\/v2\/types\/post"}],"author":[{"embeddable":true,"href":"https:\/\/www.aquilaguna.com\/index.php\/wp-json\/wp\/v2\/users\/1"}],"replies":[{"embeddable":true,"href":"https:\/\/www.aquilaguna.com\/index.php\/wp-json\/wp\/v2\/comments?post=14074"}],"version-history":[{"count":1,"href":"https:\/\/www.aquilaguna.com\/index.php\/wp-json\/wp\/v2\/posts\/14074\/revisions"}],"predecessor-version":[{"id":14076,"href":"https:\/\/www.aquilaguna.com\/index.php\/wp-json\/wp\/v2\/posts\/14074\/revisions\/14076"}],"wp:featuredmedia":[{"embeddable":true,"href":"https:\/\/www.aquilaguna.com\/index.php\/wp-json\/wp\/v2\/media\/14075"}],"wp:attachment":[{"href":"https:\/\/www.aquilaguna.com\/index.php\/wp-json\/wp\/v2\/media?parent=14074"}],"wp:term":[{"taxonomy":"category","embeddable":true,"href":"https:\/\/www.aquilaguna.com\/index.php\/wp-json\/wp\/v2\/categories?post=14074"},{"taxonomy":"post_tag","embeddable":true,"href":"https:\/\/www.aquilaguna.com\/index.php\/wp-json\/wp\/v2\/tags?post=14074"}],"curies":[{"name":"wp","href":"https:\/\/api.w.org\/{rel}","templated":true}]}}