{"id":14077,"date":"2023-03-06T19:15:21","date_gmt":"2023-03-07T01:15:21","guid":{"rendered":"https:\/\/www.aquilaguna.com\/?p=14077"},"modified":"2023-03-06T19:15:22","modified_gmt":"2023-03-07T01:15:22","slug":"lopez-obrador-y-morena-son-los-enemigos-numero-uno-de-las-mujeres-y-la-lucha-feminista-afirma-lopez-rabadan","status":"publish","type":"post","link":"https:\/\/www.aquilaguna.com\/index.php\/2023\/03\/06\/lopez-obrador-y-morena-son-los-enemigos-numero-uno-de-las-mujeres-y-la-lucha-feminista-afirma-lopez-rabadan\/","title":{"rendered":"L\u00d3PEZ OBRADOR Y MORENA SON LOS ENEMIGOS N\u00daMERO UNO DE LAS MUJERES Y LA LUCHA FEMINISTA, AFIRMA L\u00d3PEZ RABAD\u00c1N."},"content":{"rendered":"\n<ul class=\"wp-block-list\">\n<li><strong>Eliminaci\u00f3n de pol\u00edticas p\u00fablicas con perspectiva de g\u00e9nero ha generado impacto desproporcionado y negativo, indic\u00f3<\/strong><\/li>\n<\/ul>\n\n\n\n<ul class=\"wp-block-list\">\n<li><strong>M<\/strong><strong>\u00e1s de 29 millones de mujeres se encuentran en situaci\u00f3n de pobreza<\/strong><strong>, asegur\u00f3<\/strong><strong><\/strong><\/li>\n<\/ul>\n\n\n\n<p>Con la cancelaci\u00f3n de las estancias infantiles, los ataques que ha emprendido en contra de la ministra presidenta de la Suprema Corte de Justicia de la Naci\u00f3n (SCJN), Norma Pi\u00f1a, y el lastimoso recorte del presupuesto al sector femenino, el gobierno de Morena que encabeza el presidente L\u00f3pez Obrador ha demostrado que es el enemigo n\u00famero uno de las mujeres, asegur\u00f3 la senadora Kenia L\u00f3pez Rabad\u00e1n.<\/p>\n\n\n\n<p>La legisladora consider\u00f3 que han sido 51 meses de malas decisiones, de abandono y de pol\u00edticas p\u00fablicas ineficientes; 51 meses en los que Morena le ha fallado a las mexicanas.<\/p>\n\n\n\n<p>\u201cDesde el inicio de esta administraci\u00f3n, m\u00e1s de 20 programas dirigidos a mujeres han sufrido recortes presupuestales o han desaparecido. La eliminaci\u00f3n de pol\u00edticas p\u00fablicas con perspectiva de g\u00e9nero ha generado un impacto desproporcionado y negativo en las mujeres\u201d, critic\u00f3.<\/p>\n\n\n\n<p>En su conferencia \u201cLa Contrama\u00f1anera\u201d explic\u00f3 que existen muchos ejemplos de c\u00f3mo se ha vulnerado al sector femenino desde que inici\u00f3 la llamada 4T.<\/p>\n\n\n\n<p>\u201cPor ejemplo, si eres madre de familia y trabajas, ya no cuentas con espacios para que tus hijas e hijos reciban educaci\u00f3n de calidad, una alimentaci\u00f3n sana o que tengan zonas seguras que les alejen de la inseguridad que rebasa las calles de nuestro pa\u00eds. No tienes esa alternativa porque el gobierno de L\u00f3pez Obrador decidi\u00f3 quitar las estancias infantiles y las escuelas de tiempo completo porque eran programas \u2018panistas\u2019\u201d, dijo L\u00f3pez Rabad\u00e1n.<\/p>\n\n\n\n<p>En ese mismo sentido indic\u00f3 que con los recortes a refugios para mujeres v\u00edctimas de violencia; a programas dedicados a combatir la inseguridad; as\u00ed como la disminuci\u00f3n a presupuestos destinados para medicinas y tratamientos como el c\u00e1ncer de mama, este gobierno ha castigado duramente a las mujeres.<\/p>\n\n\n\n<p>L\u00f3pez Rabad\u00e1n agreg\u00f3 que la eliminaci\u00f3n de pol\u00edticas p\u00fablicas con perspectiva de g\u00e9nero ha generado un impacto desproporcionado y negativo.<\/p>\n\n\n\n<p>\u201cHoy, si sufres violencia familiar los refugios para mujeres v\u00edctimas ya no pueden brindarte todos los servicios porque el gobierno de Morena les recort\u00f3 el presupuesto y, obviamente, las trabas que ponen desde el Ejecutivo federal hacen que cada d\u00eda sea m\u00e1s dif\u00edcil continuar con sus actividades, como defensora, si est\u00e1n en un refugio\u201d subray\u00f3.<\/p>\n\n\n\n<p>A\u00f1adi\u00f3 que no hay presupuesto para tratamientos ni para medicinas, para combatir la inseguridad y mucho menos para programas de empoderamiento femenino.<\/p>\n\n\n\n<p>Consider\u00f3 que existe una feminizaci\u00f3n de la pobreza, ya que datos oficiales revelan que m\u00e1s de 29 millones de mujeres se encuentran en situaci\u00f3n de pobreza.<\/p>\n\n\n\n<p>Aunado a la falta de ingresos, 33 millones no tienen acceso a la seguridad social, 17 millones de mujeres no tienen acceso a servicios de salud y m\u00e1s de 14 millones no tienen acceso a una alimentaci\u00f3n nutritiva y de calidad, expuso.&nbsp;<\/p>\n\n\n\n<p>\u201cLa exigencia de este 8 de marzo es clara: el Gobierno federal debe parar sus ataques contra las mujeres, debe escuchar los reclamos de justicia y verdad, el presidente L\u00f3pez Obrador debe dejar de ser el enemigo p\u00fablico n\u00famero uno de las mujeres\u201d, concluy\u00f3.<\/p>\n","protected":false},"excerpt":{"rendered":"<p>Con la cancelaci\u00f3n de las estancias infantiles, los ataques que ha emprendido en contra de la ministra presidenta de la Suprema Corte de Justicia de la Naci\u00f3n (SCJN), Norma Pi\u00f1a, y el lastimoso recorte del presupuesto al sector femenino, el gobierno de Morena que encabeza el presidente L\u00f3pez Obrador ha demostrado que es el enemigo n\u00famero uno de las mujeres, asegur\u00f3 la senadora Kenia L\u00f3pez Rabad\u00e1n. La legisladora consider\u00f3 que&#8230;<\/p>\n","protected":false},"author":1,"featured_media":0,"comment_status":"closed","ping_status":"closed","sticky":false,"template":"","format":"standard","meta":{"footnotes":""},"categories":[17,51],"tags":[],"class_list":["post-14077","post","type-post","status-publish","format-standard","hentry","category-pan","category-senado","wpcat-17-id","wpcat-51-id"],"_links":{"self":[{"href":"https:\/\/www.aquilaguna.com\/index.php\/wp-json\/wp\/v2\/posts\/14077","targetHints":{"allow":["GET"]}}],"collection":[{"href":"https:\/\/www.aquilaguna.com\/index.php\/wp-json\/wp\/v2\/posts"}],"about":[{"href":"https:\/\/www.aquilaguna.com\/index.php\/wp-json\/wp\/v2\/types\/post"}],"author":[{"embeddable":true,"href":"https:\/\/www.aquilaguna.com\/index.php\/wp-json\/wp\/v2\/users\/1"}],"replies":[{"embeddable":true,"href":"https:\/\/www.aquilaguna.com\/index.php\/wp-json\/wp\/v2\/comments?post=14077"}],"version-history":[{"count":1,"href":"https:\/\/www.aquilaguna.com\/index.php\/wp-json\/wp\/v2\/posts\/14077\/revisions"}],"predecessor-version":[{"id":14078,"href":"https:\/\/www.aquilaguna.com\/index.php\/wp-json\/wp\/v2\/posts\/14077\/revisions\/14078"}],"wp:attachment":[{"href":"https:\/\/www.aquilaguna.com\/index.php\/wp-json\/wp\/v2\/media?parent=14077"}],"wp:term":[{"taxonomy":"category","embeddable":true,"href":"https:\/\/www.aquilaguna.com\/index.php\/wp-json\/wp\/v2\/categories?post=14077"},{"taxonomy":"post_tag","embeddable":true,"href":"https:\/\/www.aquilaguna.com\/index.php\/wp-json\/wp\/v2\/tags?post=14077"}],"curies":[{"name":"wp","href":"https:\/\/api.w.org\/{rel}","templated":true}]}}