{"id":14088,"date":"2023-03-06T19:40:16","date_gmt":"2023-03-07T01:40:16","guid":{"rendered":"https:\/\/www.aquilaguna.com\/?p=14088"},"modified":"2023-03-06T19:40:16","modified_gmt":"2023-03-07T01:40:16","slug":"instalaran-arcos-de-seguridad-en-torreon","status":"publish","type":"post","link":"https:\/\/www.aquilaguna.com\/index.php\/2023\/03\/06\/instalaran-arcos-de-seguridad-en-torreon\/","title":{"rendered":"Instalar\u00e1n arcos de seguridad en Torre\u00f3n."},"content":{"rendered":"\n<p>Torre\u00f3n, Coahuila.- 19\u00a0arcos de seguridad,\u00a0 ser\u00e1n los instalados en una primera fase en igual n\u00famero de acceso a esta ciudad\u00a0 que conectados al sistema de vigilancia\u00a0 en el denominado\u00a0 C-4 aumentar\u00e1\u00a0 la capacidad de\u00a0detecci\u00f3n y vigilancia\u00a0de sujetos y veh\u00edculos que ingresen por cualquiera\u00a0 de estos\u00a0 instrumentos a Torre\u00f3n, pues se contar\u00e1 con sistema de identificaci\u00f3n de\u00a0 rasgos faciales y  de identificaci\u00f3n de veh\u00edculos, la inversi\u00f3n\u00a0 de recurso p\u00fablico\u00a0suma\u00a0 120 millones de pesos.\u00a0<\/p>\n\n\n\n<p>Esta ma\u00f1ana el sistema, adquirido en empresas Chinas y alemanas fue mostrada a un grupo de dirigentes\u00a0 de los diversos\u00a0 organismos y c\u00e1maras empresariales en asistencia al sitio desde donde estar\u00e1 operando,\u00a0 desde las instalaciones\u00a0 ubicadas en la Direcci\u00f3n\u00a0 Seguridad P\u00fablica Municipal, encabezando\u00a0 tal encuentro el Gobernador Miguel Angel Riquelme\u00a0 Solis \u00a0 y el alcalde Rom\u00e1n Alberto Cepeda Gonz\u00e1lez.<\/p>\n\n\n\n<p>Posteriormente, el alcalde Cepeda Gonz\u00e1lez, inform\u00f3 que, &#8220;el sistema\u00a0 antes mencionado entrar\u00eda en operaci\u00f3n en un lapso de seis semanas m\u00e1s, pues el software, que es la parte m\u00e1s compleja de \u00e9ste est\u00e1 totalmente instalado, y resta solo un tema de operaci\u00f3n que ya podemos&#8221;, pues incluso revel\u00f3 que, &#8220;su uso posibilit\u00f3 la identificaci\u00f3n de un veh\u00edculo que gener\u00f3 un fatal accidente en el que result\u00f3 fallecido un\u00a0 ciudadano coreano&#8221;.<\/p>\n\n\n\n<p>&#8220;La informaci\u00f3n que se da, tiene un resguardo de dos meses, y por supuesto\u00a0 en ello va\u00a0 la proximidad, pues para un mejor sistema de atenci\u00f3n de\u00a0 emergencias, se est\u00e1 coligando al mismo, pues no solo es un sistema de videollamada inteligente, sino tambi\u00e9n de\u00a0 reacci\u00f3n, sino que evidentemente tambi\u00e9n es\u00a0 de prevenci\u00f3n&#8221;.<\/p>\n\n\n\n<p>Los recursos invertidos, vienen de una inversi\u00f3n inicial\u00a0 realizada, dijo, &#8220;durante el \u00faltimo trimestre del a\u00f1o anterior y el resto, se incluye en este 2023&#8221;, asegurando que, &#8220;el equipo\u00a0est\u00e1 totalmente adquirido y se encuentra ya en esta ciudad&#8221;.<\/p>\n\n\n\n<p>Indic\u00f3 que en ello, &#8220;se puede visualizar una llamada de emergencia desde la proximidad de cualquier elemento de la corporaci\u00f3n hasta el mismo, si\u00a0 lo permite quien\u00a0 haga uso del sistema de emergencia&#8221;.<\/p>\n\n\n\n<p>El sistema, reitero, &#8220;lleva\u00a0 una \u00e1rea de proximidad y por supuesto\u00a0 de reacci\u00f3n pr\u00e1cticamente de inmediato&#8221;.<\/p>\n\n\n\n<p>Expres\u00f3 que por ahora, &#8220;la idea es socializar el sistema entre la poblaci\u00f3n, pues seguiremos invirtiendo. En la suma mencionada, afirm\u00f3, &#8220;va impl\u00edcito su mantenimiento a lo largo de esta administraci\u00f3n&#8221;.<\/p>\n\n\n\n<p>&#8220;Esto se suma a la parte que ya opera a trav\u00e9s de las c\u00e1maras de videovigilancia\u00a0 instaladas en puntos claves de la ciudad&#8221;, asegurando que,\u00a0 &#8220;esta nueva adquisici\u00f3n\u00a0 es tecnolog\u00eda de \u00faltima generaci\u00f3n&#8221;.<\/p>\n\n\n\n<p>&#8220;El equipo se suma as\u00ed a cien c\u00e1maras,\u00a0colocadas en 20 de 35 patrullas que\u00a0 cada una cuenta con tres c\u00e1maras,\u00a0 que realizan una videolocalizaci\u00f3n inteligente,\u00a0 de identificaci\u00f3n facial, y de lecturas de\u00a0 placas, que se puede mover desde\u00a0 el control central que permite visualizar a los elementos que est\u00e1n\u00a0 incluso dentro de la patrulla&#8221;.\u00a0<\/p>\n\n\n\n<p>Asegur\u00f3 el alcalde Cepeda Gonz\u00e1lez, que la visualizaci\u00f3n para identificaci\u00f3n facial, no viola derecho humano alguno ,\u00a0 en cuanto a la proximidad, pero ya en cuanto a un proceso de investigaci\u00f3n, de un hecho criminal se utiliza todo, como es el caso de seguimiento de un veh\u00edculo, como es el que se dio en el caso primeramente citado.<\/p>\n\n\n\n<p>Neg\u00f3\u00a0 luego que el sofisticado sistema vaya a ser utilizado en tareas a cargo de Tr\u00e1nsito municipal, as\u00ed como  se\u00a0 planee establecer\u00a0 videomultas.<\/p>\n","protected":false},"excerpt":{"rendered":"<p>Torre\u00f3n, Coahuila.- 19\u00a0arcos de seguridad,\u00a0 ser\u00e1n los instalados en una primera fase en igual n\u00famero de acceso a esta ciudad\u00a0 que conectados al sistema de vigilancia\u00a0 en el denominado\u00a0 C-4 aumentar\u00e1\u00a0 la capacidad de\u00a0detecci\u00f3n y vigilancia\u00a0de sujetos y veh\u00edculos que ingresen por cualquiera\u00a0 de estos\u00a0 instrumentos a Torre\u00f3n, pues se contar\u00e1 con sistema de identificaci\u00f3n de\u00a0 rasgos faciales y de identificaci\u00f3n de veh\u00edculos, la inversi\u00f3n\u00a0 de recurso p\u00fablico\u00a0suma\u00a0 120 millones&#8230;<\/p>\n","protected":false},"author":2,"featured_media":0,"comment_status":"closed","ping_status":"","sticky":false,"template":"","format":"standard","meta":{"footnotes":""},"categories":[5,28,7],"tags":[],"class_list":["post-14088","post","type-post","status-publish","format-standard","hentry","category-coahuila","category-la-laguna","category-torreon","wpcat-5-id","wpcat-28-id","wpcat-7-id"],"_links":{"self":[{"href":"https:\/\/www.aquilaguna.com\/index.php\/wp-json\/wp\/v2\/posts\/14088","targetHints":{"allow":["GET"]}}],"collection":[{"href":"https:\/\/www.aquilaguna.com\/index.php\/wp-json\/wp\/v2\/posts"}],"about":[{"href":"https:\/\/www.aquilaguna.com\/index.php\/wp-json\/wp\/v2\/types\/post"}],"author":[{"embeddable":true,"href":"https:\/\/www.aquilaguna.com\/index.php\/wp-json\/wp\/v2\/users\/2"}],"replies":[{"embeddable":true,"href":"https:\/\/www.aquilaguna.com\/index.php\/wp-json\/wp\/v2\/comments?post=14088"}],"version-history":[{"count":1,"href":"https:\/\/www.aquilaguna.com\/index.php\/wp-json\/wp\/v2\/posts\/14088\/revisions"}],"predecessor-version":[{"id":14089,"href":"https:\/\/www.aquilaguna.com\/index.php\/wp-json\/wp\/v2\/posts\/14088\/revisions\/14089"}],"wp:attachment":[{"href":"https:\/\/www.aquilaguna.com\/index.php\/wp-json\/wp\/v2\/media?parent=14088"}],"wp:term":[{"taxonomy":"category","embeddable":true,"href":"https:\/\/www.aquilaguna.com\/index.php\/wp-json\/wp\/v2\/categories?post=14088"},{"taxonomy":"post_tag","embeddable":true,"href":"https:\/\/www.aquilaguna.com\/index.php\/wp-json\/wp\/v2\/tags?post=14088"}],"curies":[{"name":"wp","href":"https:\/\/api.w.org\/{rel}","templated":true}]}}