{"id":14139,"date":"2023-03-09T18:43:07","date_gmt":"2023-03-10T00:43:07","guid":{"rendered":"https:\/\/www.aquilaguna.com\/?p=14139"},"modified":"2023-03-09T18:43:07","modified_gmt":"2023-03-10T00:43:07","slug":"casa-de-la-cultura-ernestina-gamboa-celebra-su-50-aniversario","status":"publish","type":"post","link":"https:\/\/www.aquilaguna.com\/index.php\/2023\/03\/09\/casa-de-la-cultura-ernestina-gamboa-celebra-su-50-aniversario\/","title":{"rendered":"CASA DE LA CULTURA \u201cERNESTINA GAMBOA\u201d CELEBRA SU 50 ANIVERSARIO."},"content":{"rendered":"\n<p>Comarca Lagunera.- Con motivo del 50 aniversario de fundaci\u00f3n de la Casa de la<br>Cultura &#8220;Ernestina Gamboa&#8221; de G\u00f3mez Palacio, esta ma\u00f1ana el director del<br>recinto, Absalom Ru\u00edz Rosales dio a conocer el programa de actividades culturales<br>que se llevar\u00e1n a cabo a partir del pr\u00f3ximo lunes 13 al viernes 17 de marzo.<\/p>\n\n\n\n<p>Coment\u00f3, que para el gobierno de Esteban Villegas Villarreal, y para el Instituto<br>Estatal de Cultura de Durango, es importante unir los esfuerzos y promover la<br>cultura a todos los niveles, por ello esta celebraci\u00f3n de los 50 a\u00f1os de fundaci\u00f3n<br>es una oportunidad de abrir las puertas del recinto a toda la poblaci\u00f3n.<\/p>\n\n\n\n<p>La presentaci\u00f3n del programa se llev\u00f3 a cabo en las instalaciones de la Casa de la<br>Cultura y el director estuvo acompa\u00f1ado del pintor, Roberto Andrade, maestro del<br>taller de pintura y cuya exposici\u00f3n abrir\u00e1 las actividades de celebraci\u00f3n a partir del<br>13 de marzo, en punto de las 18:30 horas en la sala Rodolfo Escalera, del Museo<br>de Arte Moderno.<\/p>\n\n\n\n<p>El d\u00eda 18 de marzo de 1973 se firm\u00f3 el convenio entre el Instituto Nacional de<br>Bellas Artes, el Gobierno del Estado de Durango y el Ayuntamiento de G\u00f3mez<br>Palacio para auspiciar la creaci\u00f3n de la Casa de la Cultura &#8220;Ernestina Gamboa&#8221;.<\/p>\n\n\n\n<p>Entre las figuras clave para hacerlo posible se encuentran la compositora y<br>promotora cultural Ernestina Gamboa y el doctor Francisco Galindo Ch\u00e1vez. La<br>Casa de la Cultura alberga al Museo de Arte Moderno, al teatro Dolores del R\u00edo y<br>a la Biblioteca P\u00fablica Regional Jos\u00e9 Santos Vald\u00e9s.<\/p>\n\n\n\n<p>Ruiz Rosales destac\u00f3, que desde su creaci\u00f3n la Casa de la Cultura de G\u00f3mez<br>Palacio ha sido una instituci\u00f3n oficial dedicada fundamentalmente a la promoci\u00f3n y<br>desarrollo de las actividades culturales en las diversas expresiones y disciplinas<br>que enaltecen al esp\u00edritu y fomentan la creatividad y la sensibilidad.<\/p>\n\n\n\n<p>Para celebrar el 50 Aniversario de su creaci\u00f3n se han preparado exposiciones,<br>obras de teatro, conciertos de m\u00fasica cl\u00e1sica, jazz, hip hop, break dance y noche<br>de talentos de Casa de la Cultura de G\u00f3mez Palacio, durante el mes de marzo,<br>concentr\u00e1ndose en la semana del 13 al 17 de marzo.<\/p>\n\n\n\n<p>El 14 de marzo se realizar\u00e1 una Exposici\u00f3n de grabados Benito Ju\u00e1rez, en el<br>Lobby de la Biblioteca Jos\u00e9 Santos Vald\u00e9s, a partir de las 9:00 horas. Ese mismo d\u00eda en punto de las 10:00 horas se llevar\u00e1 a cabo el Festival Cultural de la UJED.<\/p>\n\n\n\n<p>A las 12:00 del medio d\u00eda, presentar\u00e1n la obra teatral \u201cEl Hombre Rata\u201d, con la<br>actuaci\u00f3n de V\u00edctor Hugo Galv\u00e1n y a las 19:00hrs. se presentar\u00e1 la obra de teatro<br>infantil \u201cH\u00e9roes en escena\u201d.<\/p>\n\n\n\n<p>El 15 de marzo a las 19:30 horas. se presentar\u00e1 el Concierto de cello y guitarra,<br>con el dueto M\u00e9xico-Cubano. Mientras que el 16 de marzo a las 10:00hrs. se<br>presentar\u00e1 la obra infantil \u201cEl Tesoro Perdido\u201d; a las 20:00hrs el Concierto de la<br>Sinfonietta de la Laguna en el Teatro Dolores del R\u00edo.<\/p>\n\n\n\n<p>Las actividades concluir\u00e1n el viernes 17 de marzo en punto de las 19:30 horas.<br>con una noche de Talentos en la Casa de la Cultura.<\/p>\n\n\n\n<p>Por \u00faltimo, el director Absalom Ru\u00edz invit\u00f3 a todos los habitantes de la regi\u00f3n<br>Laguna para que se sumen a la celebraci\u00f3n y formen parte de las actividades en<br>las que se presentar\u00e1n talentosos artistas locales y donde la Casa de la Cultura<br>Ernestina Galindo seguir\u00e1 siendo el recinto principal para formar y albergar artistas<br>regionales.<\/p>\n","protected":false},"excerpt":{"rendered":"<p>Comarca Lagunera.- Con motivo del 50 aniversario de fundaci\u00f3n de la Casa de laCultura &#8220;Ernestina Gamboa&#8221; de G\u00f3mez Palacio, esta ma\u00f1ana el director delrecinto, Absalom Ru\u00edz Rosales dio a conocer el programa de actividades culturalesque se llevar\u00e1n a cabo a partir del pr\u00f3ximo lunes 13 al viernes 17 de marzo. Coment\u00f3, que para el gobierno de Esteban Villegas Villarreal, y para el InstitutoEstatal de Cultura de Durango, es importante unir&#8230;<\/p>\n","protected":false},"author":1,"featured_media":0,"comment_status":"closed","ping_status":"closed","sticky":false,"template":"","format":"standard","meta":{"footnotes":""},"categories":[12,40,64,63,28],"tags":[],"class_list":["post-14139","post","type-post","status-publish","format-standard","hentry","category-cultura","category-durango","category-gobierno-de-durango","category-gomez-palacio","category-la-laguna","wpcat-12-id","wpcat-40-id","wpcat-64-id","wpcat-63-id","wpcat-28-id"],"_links":{"self":[{"href":"https:\/\/www.aquilaguna.com\/index.php\/wp-json\/wp\/v2\/posts\/14139","targetHints":{"allow":["GET"]}}],"collection":[{"href":"https:\/\/www.aquilaguna.com\/index.php\/wp-json\/wp\/v2\/posts"}],"about":[{"href":"https:\/\/www.aquilaguna.com\/index.php\/wp-json\/wp\/v2\/types\/post"}],"author":[{"embeddable":true,"href":"https:\/\/www.aquilaguna.com\/index.php\/wp-json\/wp\/v2\/users\/1"}],"replies":[{"embeddable":true,"href":"https:\/\/www.aquilaguna.com\/index.php\/wp-json\/wp\/v2\/comments?post=14139"}],"version-history":[{"count":1,"href":"https:\/\/www.aquilaguna.com\/index.php\/wp-json\/wp\/v2\/posts\/14139\/revisions"}],"predecessor-version":[{"id":14140,"href":"https:\/\/www.aquilaguna.com\/index.php\/wp-json\/wp\/v2\/posts\/14139\/revisions\/14140"}],"wp:attachment":[{"href":"https:\/\/www.aquilaguna.com\/index.php\/wp-json\/wp\/v2\/media?parent=14139"}],"wp:term":[{"taxonomy":"category","embeddable":true,"href":"https:\/\/www.aquilaguna.com\/index.php\/wp-json\/wp\/v2\/categories?post=14139"},{"taxonomy":"post_tag","embeddable":true,"href":"https:\/\/www.aquilaguna.com\/index.php\/wp-json\/wp\/v2\/tags?post=14139"}],"curies":[{"name":"wp","href":"https:\/\/api.w.org\/{rel}","templated":true}]}}