{"id":14182,"date":"2023-03-11T21:29:23","date_gmt":"2023-03-12T03:29:23","guid":{"rendered":"https:\/\/www.aquilaguna.com\/?p=14182"},"modified":"2023-03-11T21:29:23","modified_gmt":"2023-03-12T03:29:23","slug":"manolo-jimenez-rinde-protesta-como-candidato-a-gobierno-de-coahuila","status":"publish","type":"post","link":"https:\/\/www.aquilaguna.com\/index.php\/2023\/03\/11\/manolo-jimenez-rinde-protesta-como-candidato-a-gobierno-de-coahuila\/","title":{"rendered":"Manolo Jim\u00e9nez rinde protesta como candidato a Gobierno de Coahuila."},"content":{"rendered":"\n<p>Torre\u00f3n, Coahuila.-\u00a0 Ante decenas de\u00a0 militantes\u00a0 y dirigentes, encabezados por su l\u00edder nacional Alejandro Moreno C\u00e1rdenas,\u00a0 el Ingeniero Manolo Jim\u00e9nez Salinas\u00a0 rindi\u00f3 su protesta ante el dirigente nacional de ese instituto como\u00a0 candidato\u00a0 del Partido Revolucionario Institucional al Gobierno de\u00a0 Coahuila, para el pr\u00f3ximo sexenio,\u00a0 en acto protocolario\u00a0 realizado a media ma\u00f1ana en las instalaciones del Centro de Convenciones en esta ciudad.<\/p>\n\n\n\n<p>El recinto que alberg\u00f3 a los asistentes\u00a0 llegados de\u00a0 todas las regiones de Coahuila, as\u00ed como invitados especiales, entre los que destac\u00f3 la reaparici\u00f3n de sus ex dirigentes nacionales Manlio Fabio Beltrones y Claudia\u00a0 Ruiz Massieu, as\u00ed como la presencia de los gobernadores de Coahuila y Durango, ingeniero Miguel\u00a0 Angel Riquelme Solis\u00a0y\u00a0Esteban Villegas respectivamente\u00a0 y como anfitriones el que encabeza el dirigente estatal Rodrigo Fuentes Avila,\u00a0 as\u00ed como las dirigencias estatales\u00a0de sus\u00a0sectores y de las\u00a0 organizaciones\u00a0 adheridas a \u00e9ste organismo partidista.\u00a0<\/p>\n\n\n\n<p>Presentes tambi\u00e9n el ex gobernador Enrique Mart\u00ednez\u00a0 y Mart\u00ednez, el Consejero Pol\u00edtico nacional, Enrique de la Madrid\u00a0y\u00a0casi todos\u00a0los integrantes\u00a0 del actual gabinete estatal,\u00a0 siendo entre estos\u00a0el m\u00e1s reconocido\u00a0 por los ah\u00ed presentes, el Contador Javier Herrera Arroyo, as\u00ed como\u00a0 ex alcaldes de extracci\u00f3n priista en este municipio\u00a0 y otro en municipio, como lo son el de Saltillo Jes\u00fas Maria\u00a0 Fraustro Siller.\u00a0\u00a0\u00a0<\/p>\n\n\n\n<p>Y destacado, el acompa\u00f1amiento de los\u00a0 progenitores\u00a0 del candidato, Ingeniero Manolo Jim\u00e9nez y se\u00f1ora Liliana Salinas, as\u00ed como de la esposa del\u00a0 hoy ya candidato, se\u00f1ora\u00a0 Paola Rodriguez.\u00a0\u00a0<\/p>\n\n\n\n<p>Tras el cumplimento del protocolo establecido en la orden del d\u00eda en esta Sesi\u00f3n Extraordinaria del Consejo Pol\u00edtico estatal priista, que corri\u00f3 a cargo de la licenciada Cristina Castillo D\u00edas, quien hizo un recuento\u00a0 puntual \u00a0 realizado \u00a0ante el \u00f3rgano a su cargo,\u00a0 que estableci\u00f3 a Manolo Jim\u00e9nez\u00a0 Salinas \u00a0 como su candidato,\u00a0 contabilizar\u00a0 el qu\u00f3rum necesario y con ello dar como v\u00e1lida la asamblea.<\/p>\n","protected":false},"excerpt":{"rendered":"<p>Torre\u00f3n, Coahuila.-\u00a0 Ante decenas de\u00a0 militantes\u00a0 y dirigentes, encabezados por su l\u00edder nacional Alejandro Moreno C\u00e1rdenas,\u00a0 el Ingeniero Manolo Jim\u00e9nez Salinas\u00a0 rindi\u00f3 su protesta ante el dirigente nacional de ese instituto como\u00a0 candidato\u00a0 del Partido Revolucionario Institucional al Gobierno de\u00a0 Coahuila, para el pr\u00f3ximo sexenio,\u00a0 en acto protocolario\u00a0 realizado a media ma\u00f1ana en las instalaciones del Centro de Convenciones en esta ciudad. El recinto que alberg\u00f3 a los asistentes\u00a0 llegados&#8230;<\/p>\n","protected":false},"author":2,"featured_media":0,"comment_status":"closed","ping_status":"","sticky":false,"template":"","format":"standard","meta":{"footnotes":""},"categories":[20,5,28,16,7],"tags":[],"class_list":["post-14182","post","type-post","status-publish","format-standard","hentry","category-campanas","category-coahuila","category-la-laguna","category-pri","category-torreon","wpcat-20-id","wpcat-5-id","wpcat-28-id","wpcat-16-id","wpcat-7-id"],"_links":{"self":[{"href":"https:\/\/www.aquilaguna.com\/index.php\/wp-json\/wp\/v2\/posts\/14182","targetHints":{"allow":["GET"]}}],"collection":[{"href":"https:\/\/www.aquilaguna.com\/index.php\/wp-json\/wp\/v2\/posts"}],"about":[{"href":"https:\/\/www.aquilaguna.com\/index.php\/wp-json\/wp\/v2\/types\/post"}],"author":[{"embeddable":true,"href":"https:\/\/www.aquilaguna.com\/index.php\/wp-json\/wp\/v2\/users\/2"}],"replies":[{"embeddable":true,"href":"https:\/\/www.aquilaguna.com\/index.php\/wp-json\/wp\/v2\/comments?post=14182"}],"version-history":[{"count":1,"href":"https:\/\/www.aquilaguna.com\/index.php\/wp-json\/wp\/v2\/posts\/14182\/revisions"}],"predecessor-version":[{"id":14183,"href":"https:\/\/www.aquilaguna.com\/index.php\/wp-json\/wp\/v2\/posts\/14182\/revisions\/14183"}],"wp:attachment":[{"href":"https:\/\/www.aquilaguna.com\/index.php\/wp-json\/wp\/v2\/media?parent=14182"}],"wp:term":[{"taxonomy":"category","embeddable":true,"href":"https:\/\/www.aquilaguna.com\/index.php\/wp-json\/wp\/v2\/categories?post=14182"},{"taxonomy":"post_tag","embeddable":true,"href":"https:\/\/www.aquilaguna.com\/index.php\/wp-json\/wp\/v2\/tags?post=14182"}],"curies":[{"name":"wp","href":"https:\/\/api.w.org\/{rel}","templated":true}]}}