{"id":1419,"date":"2021-04-07T19:21:11","date_gmt":"2021-04-08T00:21:11","guid":{"rendered":"https:\/\/www.aquilaguna.com\/?p=1419"},"modified":"2021-04-07T19:21:12","modified_gmt":"2021-04-08T00:21:12","slug":"firman-convenio-de-colaboracion-el-candidato-del-pri-roman-alberto-cepeda-y-empresarios-de-la-laguna","status":"publish","type":"post","link":"https:\/\/www.aquilaguna.com\/index.php\/2021\/04\/07\/firman-convenio-de-colaboracion-el-candidato-del-pri-roman-alberto-cepeda-y-empresarios-de-la-laguna\/","title":{"rendered":"FIRMAN CONVENIO DE COLABORACI\u00d3N EL CANDIDATO DEL PRI ROM\u00c1N ALBERTO CEPEDA Y EMPRESARIOS DE LA LAGUNA ."},"content":{"rendered":"\n<p>El candidato del PRI-PRD a la Alcald\u00eda de Torre\u00f3n, Rom\u00e1n Alberto Cepeda Gonz\u00e1lez firm\u00f3 un<br>Convenio de Colaboraci\u00f3n y de Acuerdo de Voluntades con el Grupo Empresarial de La Laguna<br>(GEL).<\/p>\n\n\n\n<p>En lo que fue la primera reuni\u00f3n del aspirante a la Presidencia Municipal de Torre\u00f3n con este<br>grupo y dada la comuni\u00f3n de ejes, es que se lleg\u00f3 a esta alianza que s\u00f3lo busca beneficiar a la<br>ciudad.<\/p>\n\n\n\n<p>Rom\u00e1n Alberto Cepeda Gonz\u00e1lez, agradeci\u00f3 a todos los representantes de las C\u00e1maras que<br>conforman el GEL por darle su respaldo y apoyo en este proceso.<\/p>\n\n\n\n<p>En este primer encuentro se tuvo un di\u00e1logo abierto y sincero con estos l\u00edderes, por lo que una<br>vez m\u00e1s, confirma que su campa\u00f1a se centrar\u00e1 en escuchar a todos los sectores de la<br>ciudadan\u00eda.<\/p>\n\n\n\n<p>\u201cEste es un ejercicio b\u00e1sico para mi campa\u00f1a, el acercamiento con los representantes de la<br>c\u00e1maras\u201d.<\/p>\n\n\n\n<p>Los factores de la producci\u00f3n son quienes generan riqueza y empleo, que le den la oportunidad<br>de recibirlo, coincide con lo que fue el arranque de su campa\u00f1a, con su rumbo y con los que<br>ser\u00e1n sus ejes de gobierno.<\/p>\n\n\n\n<p>\u201cHoy preocupa hac\u00eda d\u00f3nde va la econom\u00eda de Torre\u00f3n, su crecimiento, \u00e9se fue el intercambio<br>de ideas y les agradezco a todos que se den el tiempo de aportar\u201d.<\/p>\n\n\n\n<p>Subray\u00f3 ante los presentes, que encontrar\u00e1n en \u00e9l, en su administraci\u00f3n municipal, un aliado<br>permanente, si la ciudadan\u00eda as\u00ed lo dispone al otorgarle su confianza en las urnas.<\/p>\n\n\n\n<p>Si va junto con el GEL, que tiene cerca de 6 mil agremiados a trav\u00e9s de: la C\u00e1mara Nacional de la<br>Industria Restaurantera y Alimentos Condimentados (CANIRAC); la C\u00e1mara de Comercio de<br>Torre\u00f3n (CANACO y la C\u00e1mara Agr\u00edcola.<\/p>\n\n\n\n<p>As\u00ed como con la C\u00e1mara Nacional de la Industria Electr\u00f3nica, de Telecomunicaciones y<br>Tecnolog\u00edas de la Informaci\u00f3n (CANIETI); la C\u00e1mara Nacional de la Industria de Desarrollo y<\/p>\n\n\n\n<p>Promoci\u00f3n de Vivienda (CANADEVI) y la C\u00e1mara Nacional de la Industria de Transformaci\u00f3n<br>(CANACINTRA), afirm\u00f3 que ganar\u00e1n todos.<\/p>\n\n\n\n<p>Hugo Montoya, vocero del GEL afirm\u00f3 que tuvieron un di\u00e1logo con el candidato y le<br>presentaron un plan de trabajo din\u00e1mico, con el que buscan tener esta comuni\u00f3n de ejes muy<br>claros en beneficio de la regi\u00f3n y de Torre\u00f3n.<\/p>\n\n\n\n<p>\u201cEl Candidato Rom\u00e1n Alberto est\u00e1 \u00b4muy puesto y echado para adelante\u00b4, percibimos de \u00e9l<br>apertura y hubo empat\u00eda\u201d, por lo que hoy mismo firmamos un Convenio de Colaboraci\u00f3n y de<br>Acuerdo de Voluntades.<\/p>\n\n\n\n<p>Propuestas en materia de:<\/p>\n\n\n\n<p>\u2022 Reactivaci\u00f3n y desarrollo econ\u00f3mico<br>\u2022 Fortalecimiento de la seguridad p\u00fablica y la vialidad municipal<br>\u2022 Trabajo cercano con los municipios<\/p>\n\n\n\n<p>M\u00e1s temprano, el candidato a la Presidencia Municipal de Torre\u00f3n, Rom\u00e1n Cepeda, sostuvo<br>diversos encuentros con ciudadanos de las colonias Residencial del Nazas, Ciudad Nazas y Valle<br>del Nazas.<\/p>\n","protected":false},"excerpt":{"rendered":"<p>El candidato del PRI-PRD a la Alcald\u00eda de Torre\u00f3n, Rom\u00e1n Alberto Cepeda Gonz\u00e1lez firm\u00f3 unConvenio de Colaboraci\u00f3n y de Acuerdo de Voluntades con el Grupo Empresarial de La Laguna(GEL). En lo que fue la primera reuni\u00f3n del aspirante a la Presidencia Municipal de Torre\u00f3n con estegrupo y dada la comuni\u00f3n de ejes, es que se lleg\u00f3 a esta alianza que s\u00f3lo busca beneficiar a laciudad. Rom\u00e1n Alberto Cepeda Gonz\u00e1lez, agradeci\u00f3&#8230;<\/p>\n","protected":false},"author":1,"featured_media":1420,"comment_status":"closed","ping_status":"closed","sticky":false,"template":"","format":"standard","meta":{"footnotes":""},"categories":[20,5,28,16,7],"tags":[],"class_list":["post-1419","post","type-post","status-publish","format-standard","has-post-thumbnail","hentry","category-campanas","category-coahuila","category-la-laguna","category-pri","category-torreon","wpcat-20-id","wpcat-5-id","wpcat-28-id","wpcat-16-id","wpcat-7-id"],"_links":{"self":[{"href":"https:\/\/www.aquilaguna.com\/index.php\/wp-json\/wp\/v2\/posts\/1419","targetHints":{"allow":["GET"]}}],"collection":[{"href":"https:\/\/www.aquilaguna.com\/index.php\/wp-json\/wp\/v2\/posts"}],"about":[{"href":"https:\/\/www.aquilaguna.com\/index.php\/wp-json\/wp\/v2\/types\/post"}],"author":[{"embeddable":true,"href":"https:\/\/www.aquilaguna.com\/index.php\/wp-json\/wp\/v2\/users\/1"}],"replies":[{"embeddable":true,"href":"https:\/\/www.aquilaguna.com\/index.php\/wp-json\/wp\/v2\/comments?post=1419"}],"version-history":[{"count":1,"href":"https:\/\/www.aquilaguna.com\/index.php\/wp-json\/wp\/v2\/posts\/1419\/revisions"}],"predecessor-version":[{"id":1421,"href":"https:\/\/www.aquilaguna.com\/index.php\/wp-json\/wp\/v2\/posts\/1419\/revisions\/1421"}],"wp:featuredmedia":[{"embeddable":true,"href":"https:\/\/www.aquilaguna.com\/index.php\/wp-json\/wp\/v2\/media\/1420"}],"wp:attachment":[{"href":"https:\/\/www.aquilaguna.com\/index.php\/wp-json\/wp\/v2\/media?parent=1419"}],"wp:term":[{"taxonomy":"category","embeddable":true,"href":"https:\/\/www.aquilaguna.com\/index.php\/wp-json\/wp\/v2\/categories?post=1419"},{"taxonomy":"post_tag","embeddable":true,"href":"https:\/\/www.aquilaguna.com\/index.php\/wp-json\/wp\/v2\/tags?post=1419"}],"curies":[{"name":"wp","href":"https:\/\/api.w.org\/{rel}","templated":true}]}}