{"id":14198,"date":"2023-03-13T17:54:36","date_gmt":"2023-03-13T23:54:36","guid":{"rendered":"https:\/\/www.aquilaguna.com\/?p=14198"},"modified":"2023-03-13T17:54:37","modified_gmt":"2023-03-13T23:54:37","slug":"anuncia-turismo-coahuila-el-tercer-festival-de-la-discada-general-cepeda-2023","status":"publish","type":"post","link":"https:\/\/www.aquilaguna.com\/index.php\/2023\/03\/13\/anuncia-turismo-coahuila-el-tercer-festival-de-la-discada-general-cepeda-2023\/","title":{"rendered":"ANUNCIA TURISMO COAHUILA\u00a0\u00a0EL TERCER FESTIVAL DE LA DISCADA GENERAL CEPEDA 2023."},"content":{"rendered":"\n<p>Saltillo, Coahuila de Zaragoza; a 13 de Marzo de 2023.- En Coahuila prevalece un alto clima de seguridad y de paz, que alienta la realizaci\u00f3n de un mayor n\u00famero de eventos culturales o tur\u00edsticos, como ser\u00e1 el Tercer Festival de la Discada General Cepeda 2023, este domingo 19 marzo.<\/p>\n\n\n\n<p>La Secretaria de Turismo y Desarrollo de Pueblos M\u00e1gicos de Coahuila, Azucena Ramos Ramos, junto al Alcalde de esa localidad, Pablo Salas Aguirre, y el Director de la Oficina de Convenciones y Visitantes de Saltillo, Ra\u00fal Rodarte Leos, present\u00f3 la tercera edici\u00f3n del festival, que podr\u00eda dejar una derrama econ\u00f3mica de medio mill\u00f3n de pesos.<\/p>\n\n\n\n<p>En ese sentido, resalt\u00f3 que la Administraci\u00f3n del gobernador Miguel \u00c1ngel Riquelme Sol\u00eds trabaja permanentemente en reforzar la seguridad y la paz en todo el territorio de Coahuila, en coordinaci\u00f3n con las Fuerzas de Seguridad estatales, municipales y del Ej\u00e9rcito Mexicano.<\/p>\n\n\n\n<p>Lo anterior se refleja en la realizaci\u00f3n de diferentes actividades relacionadas con la promoci\u00f3n tur\u00edstica y cultural en las distintas regiones de Coahuila, como es el Festival de la Discada de General Cepeda, agreg\u00f3.<\/p>\n\n\n\n<p>En esta ocasi\u00f3n se contar\u00e1 con la participaci\u00f3n de 28 expositores de Saltillo, San Pedro, Parras y de General Cepeda, as\u00ed como de Monterrey.<\/p>\n\n\n\n<p>Los de la vecina entidad ser\u00e1n acompa\u00f1ados por un grupo de propietarios de autos cl\u00e1sicos que expondr\u00e1n en la Plaza Principal de General Cepeda, sede del festival, que iniciar\u00e1 a las 12:00 horas del domingo, indic\u00f3 la Secretaria de Turismo y Desarrollo de Pueblos M\u00e1gicos.<\/p>\n\n\n\n<p>En tanto, el alcalde Salas Aguirre se\u00f1al\u00f3 que tambi\u00e9n participar\u00e1 un grupo de botargas de dinosaurios, para el deleite de las ni\u00f1as y los ni\u00f1os que asistan con sus familias.<\/p>\n\n\n\n<p>Agreg\u00f3 que los ganadores del primero, segundo y tercer lugares recibir\u00e1n 7 mil, 4 mil y 2 mil pesos de premio.<\/p>\n\n\n\n<p>Por primera ocasi\u00f3n, se\u00f1al\u00f3, se premiar\u00e1 el complemento del platillo principal, como ser\u00e1 la salsa, con un premio de 3 mil pesos al primer lugar; 2 mil al segundo y mil pesos al tercero.<\/p>\n\n\n\n<p>Participaron tambi\u00e9n en la rueda de prensa, la Directora de Turismo Municipal, Larissa V\u00e1zquez Ram\u00edrez; la regidora de la Comisi\u00f3n de Turismo en el Cabildo, Alma Deyanira Regalado, y la se\u00f1ora Eustolia Espinoza, cocinera tradicional de General Cepeda.<\/p>\n","protected":false},"excerpt":{"rendered":"<p>Saltillo, Coahuila de Zaragoza; a 13 de Marzo de 2023.- En Coahuila prevalece un alto clima de seguridad y de paz, que alienta la realizaci\u00f3n de un mayor n\u00famero de eventos culturales o tur\u00edsticos, como ser\u00e1 el Tercer Festival de la Discada General Cepeda 2023, este domingo 19 marzo. La Secretaria de Turismo y Desarrollo de Pueblos M\u00e1gicos de Coahuila, Azucena Ramos Ramos, junto al Alcalde de esa localidad, Pablo&#8230;<\/p>\n","protected":false},"author":1,"featured_media":14199,"comment_status":"closed","ping_status":"closed","sticky":false,"template":"","format":"standard","meta":{"footnotes":""},"categories":[5,15,34],"tags":[],"class_list":["post-14198","post","type-post","status-publish","format-standard","has-post-thumbnail","hentry","category-coahuila","category-gobierno-de-coahuila","category-turismo","wpcat-5-id","wpcat-15-id","wpcat-34-id"],"_links":{"self":[{"href":"https:\/\/www.aquilaguna.com\/index.php\/wp-json\/wp\/v2\/posts\/14198","targetHints":{"allow":["GET"]}}],"collection":[{"href":"https:\/\/www.aquilaguna.com\/index.php\/wp-json\/wp\/v2\/posts"}],"about":[{"href":"https:\/\/www.aquilaguna.com\/index.php\/wp-json\/wp\/v2\/types\/post"}],"author":[{"embeddable":true,"href":"https:\/\/www.aquilaguna.com\/index.php\/wp-json\/wp\/v2\/users\/1"}],"replies":[{"embeddable":true,"href":"https:\/\/www.aquilaguna.com\/index.php\/wp-json\/wp\/v2\/comments?post=14198"}],"version-history":[{"count":1,"href":"https:\/\/www.aquilaguna.com\/index.php\/wp-json\/wp\/v2\/posts\/14198\/revisions"}],"predecessor-version":[{"id":14200,"href":"https:\/\/www.aquilaguna.com\/index.php\/wp-json\/wp\/v2\/posts\/14198\/revisions\/14200"}],"wp:featuredmedia":[{"embeddable":true,"href":"https:\/\/www.aquilaguna.com\/index.php\/wp-json\/wp\/v2\/media\/14199"}],"wp:attachment":[{"href":"https:\/\/www.aquilaguna.com\/index.php\/wp-json\/wp\/v2\/media?parent=14198"}],"wp:term":[{"taxonomy":"category","embeddable":true,"href":"https:\/\/www.aquilaguna.com\/index.php\/wp-json\/wp\/v2\/categories?post=14198"},{"taxonomy":"post_tag","embeddable":true,"href":"https:\/\/www.aquilaguna.com\/index.php\/wp-json\/wp\/v2\/tags?post=14198"}],"curies":[{"name":"wp","href":"https:\/\/api.w.org\/{rel}","templated":true}]}}