{"id":14207,"date":"2023-03-13T18:02:56","date_gmt":"2023-03-14T00:02:56","guid":{"rendered":"https:\/\/www.aquilaguna.com\/?p=14207"},"modified":"2023-03-13T18:02:56","modified_gmt":"2023-03-14T00:02:56","slug":"salud-municipal-ofrece-terapia-psicologica-individual-y-grupal-para-atender-problemas-emocionales","status":"publish","type":"post","link":"https:\/\/www.aquilaguna.com\/index.php\/2023\/03\/13\/salud-municipal-ofrece-terapia-psicologica-individual-y-grupal-para-atender-problemas-emocionales\/","title":{"rendered":"Salud Municipal ofrece terapia psicol\u00f3gica individual y grupal para atender problemas emocionales."},"content":{"rendered":"\n<ul class=\"wp-block-list\">\n<li>Se busca atender problemas que incluyan pensamientos suicidas.<\/li>\n<\/ul>\n\n\n\n<p>Torre\u00f3n, Coahuila. A 13 de marzo de 2023.<\/p>\n\n\n\n<p>Como parte de las actividades que implementa la Direcci\u00f3n de Salud Municipal<br>para atender las diversas problem\u00e1ticas emocionales de la poblaci\u00f3n, la<br>dependencia pone a disposici\u00f3n de los ciudadanos que lo necesiten, consultas<br>psicol\u00f3gicas de manera individual o grupal, dando especial atenci\u00f3n a situaciones<br>de depresi\u00f3n que pudieran incluir pensamientos suicidas.<\/p>\n\n\n\n<p>Jorge Mario Galv\u00e1n Zerme\u00f1o, titular de la dependencia, inform\u00f3 que cifras de la<br>Organizaci\u00f3n Mundial de la Salud (OMS) refieren que por lo menos un miembro de<br>cada familia es afectado por una enfermedad mental, de ah\u00ed la importancia de<br>tener a disposici\u00f3n profesionales de la psicolog\u00eda que puedan dar debida atenci\u00f3n<br>a la ciudadan\u00eda que est\u00e9 pasando por alguna problem\u00e1tica emocional.<\/p>\n\n\n\n<p>El funcionario dijo que desde el inicio de la Administraci\u00f3n del Alcalde Rom\u00e1n<br>Alberto Cepeda Gonz\u00e1lez, en la dependencia se ha puesto especial atenci\u00f3n en<br>los servicios de salud mental.<\/p>\n\n\n\n<p>Se\u00f1al\u00f3 que padecimientos como la depresi\u00f3n lamentablemente se siguen<br>relacionando con la \u201cfragilidad\u201d de una persona, por lo que sobre todo a los<br>hombres les causa verg\u00fcenza solicitar ayuda, sin embargo, dijo que es una<br>enfermedad en la que tienen que ver muchos factores biol\u00f3gicos, sociales y<br>psicol\u00f3gicos, por lo que nadie est\u00e1 exento de padecerla.<\/p>\n\n\n\n<p>Agreg\u00f3 que despu\u00e9s de una evaluaci\u00f3n, s\u00ed es necesario el especialista<br>recomienda acudir a terapia individual o grupal para j\u00f3venes, mujeres y adultos<br>mayores.<\/p>\n\n\n\n<p>Manifest\u00f3 que una de las ventajas de la terapia grupal, es la contenci\u00f3n y<br>acompa\u00f1amiento que brinda, darse cuenta que otras personas est\u00e1n pasando por<br>una situaci\u00f3n similar y que han progresado paulatinamente.<\/p>\n\n\n\n<p>Finalmente dijo que los especialistas de la Direcci\u00f3n de Salud Municipal atienden<br>de lunes a viernes de 08:00 a 15:00 horas, en avenida Ocampo n\u00famero 1167<br>oriente, colonia Centro, entre calle Ni\u00f1os H\u00e9roes y avenida Mariano L\u00f3pez Ortiz,<br>asimismo los interesados pueden comunicarse al tel\u00e9fono 871 713 47 80 para<br>mayores informes.<\/p>\n","protected":false},"excerpt":{"rendered":"<p>Torre\u00f3n, Coahuila. A 13 de marzo de 2023. Como parte de las actividades que implementa la Direcci\u00f3n de Salud Municipalpara atender las diversas problem\u00e1ticas emocionales de la poblaci\u00f3n, ladependencia pone a disposici\u00f3n de los ciudadanos que lo necesiten, consultaspsicol\u00f3gicas de manera individual o grupal, dando especial atenci\u00f3n a situacionesde depresi\u00f3n que pudieran incluir pensamientos suicidas. Jorge Mario Galv\u00e1n Zerme\u00f1o, titular de la dependencia, inform\u00f3 que cifras de laOrganizaci\u00f3n Mundial de&#8230;<\/p>\n","protected":false},"author":1,"featured_media":14208,"comment_status":"closed","ping_status":"closed","sticky":false,"template":"","format":"standard","meta":{"footnotes":""},"categories":[5,28,7],"tags":[],"class_list":["post-14207","post","type-post","status-publish","format-standard","has-post-thumbnail","hentry","category-coahuila","category-la-laguna","category-torreon","wpcat-5-id","wpcat-28-id","wpcat-7-id"],"_links":{"self":[{"href":"https:\/\/www.aquilaguna.com\/index.php\/wp-json\/wp\/v2\/posts\/14207","targetHints":{"allow":["GET"]}}],"collection":[{"href":"https:\/\/www.aquilaguna.com\/index.php\/wp-json\/wp\/v2\/posts"}],"about":[{"href":"https:\/\/www.aquilaguna.com\/index.php\/wp-json\/wp\/v2\/types\/post"}],"author":[{"embeddable":true,"href":"https:\/\/www.aquilaguna.com\/index.php\/wp-json\/wp\/v2\/users\/1"}],"replies":[{"embeddable":true,"href":"https:\/\/www.aquilaguna.com\/index.php\/wp-json\/wp\/v2\/comments?post=14207"}],"version-history":[{"count":1,"href":"https:\/\/www.aquilaguna.com\/index.php\/wp-json\/wp\/v2\/posts\/14207\/revisions"}],"predecessor-version":[{"id":14209,"href":"https:\/\/www.aquilaguna.com\/index.php\/wp-json\/wp\/v2\/posts\/14207\/revisions\/14209"}],"wp:featuredmedia":[{"embeddable":true,"href":"https:\/\/www.aquilaguna.com\/index.php\/wp-json\/wp\/v2\/media\/14208"}],"wp:attachment":[{"href":"https:\/\/www.aquilaguna.com\/index.php\/wp-json\/wp\/v2\/media?parent=14207"}],"wp:term":[{"taxonomy":"category","embeddable":true,"href":"https:\/\/www.aquilaguna.com\/index.php\/wp-json\/wp\/v2\/categories?post=14207"},{"taxonomy":"post_tag","embeddable":true,"href":"https:\/\/www.aquilaguna.com\/index.php\/wp-json\/wp\/v2\/tags?post=14207"}],"curies":[{"name":"wp","href":"https:\/\/api.w.org\/{rel}","templated":true}]}}