{"id":14215,"date":"2023-03-13T18:36:01","date_gmt":"2023-03-14T00:36:01","guid":{"rendered":"https:\/\/www.aquilaguna.com\/?p=14215"},"modified":"2023-03-13T18:36:01","modified_gmt":"2023-03-14T00:36:01","slug":"afirma-miguel-angel-riquelme-que-terminara-su-administracion-con-los-pies-sobre-la-tierra","status":"publish","type":"post","link":"https:\/\/www.aquilaguna.com\/index.php\/2023\/03\/13\/afirma-miguel-angel-riquelme-que-terminara-su-administracion-con-los-pies-sobre-la-tierra\/","title":{"rendered":"Afirma Miguel Angel Riquelme que terminar\u00e1 su administraci\u00f3n con los pies sobre la tierra."},"content":{"rendered":"\n<p>Torre\u00f3n, Coahuila.- No escucha canto de sirenas alguno, el Gobernador Miguel\u00a0 Angel Riquelme Solis, agradece las opiniones de quienes consideran que ha tomado decisiones correctas en su gobierno, que entre otros factores lo hacen\u00a0 figurar como el Gobernador mejor calificado\u00a0 en el pa\u00eds en los d\u00edas que corren al tiempo\u00a0 que afirma, &#8220;voy terminando mi administraci\u00f3n y lo hago como el primer dia en\u00a0 que tome protesta, con los pies en la tierras\u00a0y ninguna encuesta o calificaci\u00f3n va a empujar ambici\u00f3n pol\u00edtica ni tampoco el hacer locuras ni\u00a0 tonter\u00edas&#8221;.<\/p>\n\n\n\n<p>Quiero terminar, recalc\u00f3, &#8220;bien,\u00a0 y es lo que he venido demostrando hasta el final de mi gobierno. No digo tampoco\u00a0 que me voy a dedicar a vender semitas ni nada de eso,\u00a0 ni voy a estar en otro aspecto que no sea el pol\u00edtico, pero si s\u00e9 medir los tiempos, las circunstancias\u00a0 y sobre todo el respetar al nuevo gobierno&#8221;.<\/p>\n\n\n\n<p>En ese sentido,\u00a0 &#8220;yo ya definir\u00e9 cuando termine esto el 30 de noviembre de este a\u00f1o&#8221;, pero recalc\u00f3, &#8220;no impulsa en lo absoluto la evaluaci\u00f3n\u00a0que en este momento pueda tener&#8221;.<\/p>\n\n\n\n<p>Agregaba que, &#8220;agradezco, debe haber mucha gente\u00a0que ha cre\u00eddo en las decisiones que hemos tomado, que eso es distinto y que en su momento fueron las correctas, las adecuadas&#8221;.<\/p>\n\n\n\n<p>&#8220;Pero, de ah\u00ed en m\u00e1s, yo a lo que aspiro es a cerrar bien y a dejar las bases sentadas para que Coahuila siga por el camino de la seguridad, del desarrollo econ\u00f3mico y la generaci\u00f3n de empleo&#8221;.<\/p>\n","protected":false},"excerpt":{"rendered":"<p>Torre\u00f3n, Coahuila.- No escucha canto de sirenas alguno, el Gobernador Miguel\u00a0 Angel Riquelme Solis, agradece las opiniones de quienes consideran que ha tomado decisiones correctas en su gobierno, que entre otros factores lo hacen\u00a0 figurar como el Gobernador mejor calificado\u00a0 en el pa\u00eds en los d\u00edas que corren al tiempo\u00a0 que afirma, &#8220;voy terminando mi administraci\u00f3n y lo hago como el primer dia en\u00a0 que tome protesta, con los pies&#8230;<\/p>\n","protected":false},"author":2,"featured_media":0,"comment_status":"closed","ping_status":"","sticky":false,"template":"","format":"standard","meta":{"footnotes":""},"categories":[5,15],"tags":[],"class_list":["post-14215","post","type-post","status-publish","format-standard","hentry","category-coahuila","category-gobierno-de-coahuila","wpcat-5-id","wpcat-15-id"],"_links":{"self":[{"href":"https:\/\/www.aquilaguna.com\/index.php\/wp-json\/wp\/v2\/posts\/14215","targetHints":{"allow":["GET"]}}],"collection":[{"href":"https:\/\/www.aquilaguna.com\/index.php\/wp-json\/wp\/v2\/posts"}],"about":[{"href":"https:\/\/www.aquilaguna.com\/index.php\/wp-json\/wp\/v2\/types\/post"}],"author":[{"embeddable":true,"href":"https:\/\/www.aquilaguna.com\/index.php\/wp-json\/wp\/v2\/users\/2"}],"replies":[{"embeddable":true,"href":"https:\/\/www.aquilaguna.com\/index.php\/wp-json\/wp\/v2\/comments?post=14215"}],"version-history":[{"count":1,"href":"https:\/\/www.aquilaguna.com\/index.php\/wp-json\/wp\/v2\/posts\/14215\/revisions"}],"predecessor-version":[{"id":14216,"href":"https:\/\/www.aquilaguna.com\/index.php\/wp-json\/wp\/v2\/posts\/14215\/revisions\/14216"}],"wp:attachment":[{"href":"https:\/\/www.aquilaguna.com\/index.php\/wp-json\/wp\/v2\/media?parent=14215"}],"wp:term":[{"taxonomy":"category","embeddable":true,"href":"https:\/\/www.aquilaguna.com\/index.php\/wp-json\/wp\/v2\/categories?post=14215"},{"taxonomy":"post_tag","embeddable":true,"href":"https:\/\/www.aquilaguna.com\/index.php\/wp-json\/wp\/v2\/tags?post=14215"}],"curies":[{"name":"wp","href":"https:\/\/api.w.org\/{rel}","templated":true}]}}