{"id":14217,"date":"2023-03-13T19:43:11","date_gmt":"2023-03-14T01:43:11","guid":{"rendered":"https:\/\/www.aquilaguna.com\/?p=14217"},"modified":"2023-03-13T19:43:11","modified_gmt":"2023-03-14T01:43:11","slug":"sin-informacion-sobre-operativo-de-sedena-en-torreon","status":"publish","type":"post","link":"https:\/\/www.aquilaguna.com\/index.php\/2023\/03\/13\/sin-informacion-sobre-operativo-de-sedena-en-torreon\/","title":{"rendered":"Sin informaci\u00f3n sobre operativo de SEDENA en Torre\u00f3n."},"content":{"rendered":"\n<p>Torre\u00f3n, Coahuila.- Hasta las 18:00 horas autoridad alguna, en especial del orden militar no hab\u00eda emitido informaci\u00f3n oficial alguna sobre el operativo realizado, sobre una bodega o instalaciones ubicadas a uno de los costados del\u00a0 Perif\u00e9rico Ra\u00fal L\u00f3pez S\u00e1nchez, a la altura del Puente el Campesino, acci\u00f3n que trascendi\u00f3 al proporcionar\u00a0 su anuncio, por parte del Gobernador Miguel\u00a0 Angel Riquelme Solis, en su conferencia semanal en esta ciudad.<\/p>\n\n\n\n<p>La acci\u00f3n, tuvo lugar e esta madrugada\u00a0 de manera coordinada, afirm\u00f3 el Ejecutivo estatal, si bien encabezada por elementos de la SEDENA, pero se carec\u00eda a mediod\u00eda\u00a0 por\u00a0 parte de \u00e9ste, de informaci\u00f3n adicional sobre\u00a0 si hay personas detenidas\u00a0 o retenidas,\u00a0 y en especial sobre cu\u00e1les fueron los elementos de indicios delictivos encontrados en el sitio &#8220;reventado&#8221;, pues\u00a0 se indic\u00f3 que los hechos, estar\u00edan a\u00fan siendo\u00a0proporcionados, bien en el consabido bolet\u00edn, o bien en rueda de prensa.<\/p>\n\n\n\n<p>Sin embargo y hasta las 18:00 horas ninguna de las posibilidades mencionadas\u00a0se hab\u00edan tenido lugar\u00a0 \u00a0 generado con ello, pesado silencio.<\/p>\n\n\n\n<p>Incluso en la pagina oficial de la <a href=\"https:\/\/www.gob.mx\/sedena\/\" target=\"_blank\" rel=\"noreferrer noopener\">https:\/\/www.gob.mx\/sedena\/<\/a> en su apartado de Prensa hab\u00eda publicaci\u00f3n oficial alguna\u00a0 de hecho alguno registrado este d\u00eda en Torre\u00f3n, pues la \u00faltima informaci\u00f3n aparecida con fecha 11 de marzo del presente, daba a conocer de la localizaci\u00f3n de\u00a03 plant\u00edos de amapola, pero en el Estado de Sinaloa.<\/p>\n","protected":false},"excerpt":{"rendered":"<p>Torre\u00f3n, Coahuila.- Hasta las 18:00 horas autoridad alguna, en especial del orden militar no hab\u00eda emitido informaci\u00f3n oficial alguna sobre el operativo realizado, sobre una bodega o instalaciones ubicadas a uno de los costados del\u00a0 Perif\u00e9rico Ra\u00fal L\u00f3pez S\u00e1nchez, a la altura del Puente el Campesino, acci\u00f3n que trascendi\u00f3 al proporcionar\u00a0 su anuncio, por parte del Gobernador Miguel\u00a0 Angel Riquelme Solis, en su conferencia semanal en esta ciudad. La acci\u00f3n,&#8230;<\/p>\n","protected":false},"author":2,"featured_media":0,"comment_status":"closed","ping_status":"","sticky":false,"template":"","format":"standard","meta":{"footnotes":""},"categories":[5,28,100,24,7],"tags":[],"class_list":["post-14217","post","type-post","status-publish","format-standard","hentry","category-coahuila","category-la-laguna","category-sedena","category-seguridad","category-torreon","wpcat-5-id","wpcat-28-id","wpcat-100-id","wpcat-24-id","wpcat-7-id"],"_links":{"self":[{"href":"https:\/\/www.aquilaguna.com\/index.php\/wp-json\/wp\/v2\/posts\/14217","targetHints":{"allow":["GET"]}}],"collection":[{"href":"https:\/\/www.aquilaguna.com\/index.php\/wp-json\/wp\/v2\/posts"}],"about":[{"href":"https:\/\/www.aquilaguna.com\/index.php\/wp-json\/wp\/v2\/types\/post"}],"author":[{"embeddable":true,"href":"https:\/\/www.aquilaguna.com\/index.php\/wp-json\/wp\/v2\/users\/2"}],"replies":[{"embeddable":true,"href":"https:\/\/www.aquilaguna.com\/index.php\/wp-json\/wp\/v2\/comments?post=14217"}],"version-history":[{"count":1,"href":"https:\/\/www.aquilaguna.com\/index.php\/wp-json\/wp\/v2\/posts\/14217\/revisions"}],"predecessor-version":[{"id":14218,"href":"https:\/\/www.aquilaguna.com\/index.php\/wp-json\/wp\/v2\/posts\/14217\/revisions\/14218"}],"wp:attachment":[{"href":"https:\/\/www.aquilaguna.com\/index.php\/wp-json\/wp\/v2\/media?parent=14217"}],"wp:term":[{"taxonomy":"category","embeddable":true,"href":"https:\/\/www.aquilaguna.com\/index.php\/wp-json\/wp\/v2\/categories?post=14217"},{"taxonomy":"post_tag","embeddable":true,"href":"https:\/\/www.aquilaguna.com\/index.php\/wp-json\/wp\/v2\/tags?post=14217"}],"curies":[{"name":"wp","href":"https:\/\/api.w.org\/{rel}","templated":true}]}}