{"id":14227,"date":"2023-03-14T17:57:13","date_gmt":"2023-03-14T23:57:13","guid":{"rendered":"https:\/\/www.aquilaguna.com\/?p=14227"},"modified":"2023-03-14T17:57:14","modified_gmt":"2023-03-14T23:57:14","slug":"iniciara-campana-de-donacion-de-arboles-planta-y-cuida-2023","status":"publish","type":"post","link":"https:\/\/www.aquilaguna.com\/index.php\/2023\/03\/14\/iniciara-campana-de-donacion-de-arboles-planta-y-cuida-2023\/","title":{"rendered":"Iniciar\u00e1 campa\u00f1a de donaci\u00f3n de \u00e1rboles \u201cPlanta y Cuida 2023\u201d."},"content":{"rendered":"\n<p>Torre\u00f3n, Coahuila a 14 de marzo de 2023.<\/p>\n\n\n\n<p>Como parte del programa \u201cPlanta y Cuida\u201d, la Direcci\u00f3n General de Medio<br>Ambiente (DGMA), comenzar\u00e1 la campa\u00f1a de donaci\u00f3n de \u00e1rboles para la<br>ciudadan\u00eda de Torre\u00f3n.<\/p>\n\n\n\n<p>Susana Estens de la Garza, titular de la dependencia, dio a conocer que con la<br>actividad se promueve la reforestaci\u00f3n en el municipio, mediante la reproducci\u00f3n<br>de especies que mantienen el equilibrio del ecosistema.<\/p>\n\n\n\n<p>Mencion\u00f3 que el periodo de donaci\u00f3n inicia el d\u00eda de ma\u00f1ana 15 de marzo y<br>concluye el 30 de septiembre, siendo este el periodo id\u00f3neo para la plantaci\u00f3n de<br>los \u00e1rboles.<\/p>\n\n\n\n<p>Las especies disponibles son huizaches, mezquites, San Pedro, jacarandas, lilas,<br>truenos, fresnos, encinos y algunos frutales.<\/p>\n\n\n\n<p>Los ciudadanos pueden solicitar un \u00e1rbol o dos como m\u00e1ximo, solo es necesario<br>contar con una identificaci\u00f3n oficial (INE) y un n\u00famero de tel\u00e9fono para su registro.<\/p>\n\n\n\n<p>La funcionaria dijo que al adquirir cualquier especie, el personal del vivero<br>municipal otorgar\u00e1 informaci\u00f3n de los cuidados, el mantenimiento y protecci\u00f3n de<br>los \u00e1rboles, para lograr su sana reproducci\u00f3n.<\/p>\n\n\n\n<p>Los interesados deben acudir a las instalaciones del vivero municipal, ubicado en<br>el bulevar Ej\u00e9rcito Mexicano sin n\u00famero, colonia El Roble, entre el edificio<br>Coahuila y el corral\u00f3n municipal, con un horario de atenci\u00f3n de 08:00 a 15:00<br>horas de lunes a viernes.<\/p>\n","protected":false},"excerpt":{"rendered":"<p>Torre\u00f3n, Coahuila a 14 de marzo de 2023. Como parte del programa \u201cPlanta y Cuida\u201d, la Direcci\u00f3n General de MedioAmbiente (DGMA), comenzar\u00e1 la campa\u00f1a de donaci\u00f3n de \u00e1rboles para laciudadan\u00eda de Torre\u00f3n. Susana Estens de la Garza, titular de la dependencia, dio a conocer que con laactividad se promueve la reforestaci\u00f3n en el municipio, mediante la reproducci\u00f3nde especies que mantienen el equilibrio del ecosistema. Mencion\u00f3 que el periodo de donaci\u00f3n&#8230;<\/p>\n","protected":false},"author":1,"featured_media":14228,"comment_status":"closed","ping_status":"closed","sticky":false,"template":"","format":"standard","meta":{"footnotes":""},"categories":[5,28,7],"tags":[],"class_list":["post-14227","post","type-post","status-publish","format-standard","has-post-thumbnail","hentry","category-coahuila","category-la-laguna","category-torreon","wpcat-5-id","wpcat-28-id","wpcat-7-id"],"_links":{"self":[{"href":"https:\/\/www.aquilaguna.com\/index.php\/wp-json\/wp\/v2\/posts\/14227","targetHints":{"allow":["GET"]}}],"collection":[{"href":"https:\/\/www.aquilaguna.com\/index.php\/wp-json\/wp\/v2\/posts"}],"about":[{"href":"https:\/\/www.aquilaguna.com\/index.php\/wp-json\/wp\/v2\/types\/post"}],"author":[{"embeddable":true,"href":"https:\/\/www.aquilaguna.com\/index.php\/wp-json\/wp\/v2\/users\/1"}],"replies":[{"embeddable":true,"href":"https:\/\/www.aquilaguna.com\/index.php\/wp-json\/wp\/v2\/comments?post=14227"}],"version-history":[{"count":1,"href":"https:\/\/www.aquilaguna.com\/index.php\/wp-json\/wp\/v2\/posts\/14227\/revisions"}],"predecessor-version":[{"id":14229,"href":"https:\/\/www.aquilaguna.com\/index.php\/wp-json\/wp\/v2\/posts\/14227\/revisions\/14229"}],"wp:featuredmedia":[{"embeddable":true,"href":"https:\/\/www.aquilaguna.com\/index.php\/wp-json\/wp\/v2\/media\/14228"}],"wp:attachment":[{"href":"https:\/\/www.aquilaguna.com\/index.php\/wp-json\/wp\/v2\/media?parent=14227"}],"wp:term":[{"taxonomy":"category","embeddable":true,"href":"https:\/\/www.aquilaguna.com\/index.php\/wp-json\/wp\/v2\/categories?post=14227"},{"taxonomy":"post_tag","embeddable":true,"href":"https:\/\/www.aquilaguna.com\/index.php\/wp-json\/wp\/v2\/tags?post=14227"}],"curies":[{"name":"wp","href":"https:\/\/api.w.org\/{rel}","templated":true}]}}