{"id":14250,"date":"2023-03-14T19:30:47","date_gmt":"2023-03-15T01:30:47","guid":{"rendered":"https:\/\/www.aquilaguna.com\/?p=14250"},"modified":"2023-03-14T19:30:47","modified_gmt":"2023-03-15T01:30:47","slug":"universidad-politecnica-de-la-region-laguna-espera-elevar-su-matricula","status":"publish","type":"post","link":"https:\/\/www.aquilaguna.com\/index.php\/2023\/03\/14\/universidad-politecnica-de-la-region-laguna-espera-elevar-su-matricula\/","title":{"rendered":"Universidad Polit\u00e9cnica de la Regi\u00f3n Laguna espera elevar su matr\u00edcula."},"content":{"rendered":"\n<p>Torre\u00f3n, Coahuila.- En la Universidad Polit\u00e9cnica de la Regi\u00f3n Laguna,\u00a0 con 590 alumnos, espera elevar su matr\u00edcula hasta 890 en el pr\u00f3ximo ciclo a iniciar en septiembre en alguna\u00a0 de\u00a0 las cuatro carreras de ingenier\u00eda que\u00a0 ofrece esta instituci\u00f3n a j\u00f3venes bachilleres egresados\u00a0 que sean vecinos en los municipios de Matamoros, Francisco I. Madero y San Pedro, este \u00faltimo\u00a0 municipio donde se\u00a0 localiza este importante centro educativo.<\/p>\n\n\n\n<p>En ella se ofrecen\u00a0 los cursos que\u00a0corresponden a la formaci\u00f3n de profesionales en las ramas de Ingenier\u00eda\u00a0 Industrial, Ambiental, El\u00e9ctrica y Manufacturas\u00a0 y Licenciatura en Comercio y Aduanas.\u00a0\u00a0\u00a0\u00a0<\/p>\n\n\n\n<p>Dio\u00a0 a conocer lo anterior, su Director, el profesor Demetrio Z\u00fa\u00f1iga,\u00a0 quien \u00a0tiene tal cargo, a partir del del\u00a0 16 de enero del presente.<\/p>\n\n\n\n<p>Tras expresar su agradecimiento a tal designaci\u00f3n, manifest\u00f3 &#8220;tener un compromiso de familia, de maestros que han hecho su tarea y han dejado una huella muy importante y eso nos obliga a dedicarnos, a esforzarnos y a poner todo nuestro empe\u00f1o en que esta encomienda sea\u00a0 una tarea que de frutos&#8221;.<\/p>\n\n\n\n<p>Record\u00f3 que\u00a0antes de esta designaci\u00f3n\u00a0 estuvo a lo largo de los \u00faltimos cuatro a\u00f1os, a cargo del CECYTEC Coahuila\u00a0 y bueno, &#8220;ah\u00ed dejamos una huella\u00a0 importante\u00a0 de lo que pudimos\u00a0 hacer, y ahora tenemos\u00a0 este nuevo reto\u00a0 en la Universidad Polit\u00e9cnica&#8221;.<\/p>\n\n\n\n<p>&#8220;Ya iniciamos\u00a0un trabajo  muy fuerte para poder andar\u00a0 importantes proyectos que le den a los j\u00f3venes la oportunidad de estar al d\u00eda, pero tambi\u00e9n de frente y en contacto con lo que puedan \u00a0 ser \u00fatiles para su formaci\u00f3n&#8221;.<\/p>\n\n\n\n<p>&#8220;Esa Universidad a lo largo de sus primeros diez a\u00f1os de existencia\u00a0 ha venido a dar una transformaci\u00f3n\u00a0 importante a las comunidades rurales y a las cabeceras de los municipios mencionados, pues atendemos esa poblaci\u00f3n estudiantil ya la que estamos ofertando \u00a0 las\u00a0 carreras mencionadas&#8221;.<\/p>\n\n\n\n<p>Sin duda alguna, dijo el Maestro Zu\u00f1iga, &#8220;esto ha dado una importante a una gran cantidad de j\u00f3venes,\u00a0 que sin la presencia de la instituci\u00f3n\u00a0 hoy a mi cargo, en ese \u00e1mbito no\u00a0 les hubiera sido posible&#8221;.<\/p>\n\n\n\n<p>Reconoci\u00f3 que en el pasado no tan lejano, &#8220;muchas generaciones \u00a0 y sus talentos se perdieron de esta oportunidad y\u00a0 otros, tuvieron que hacer un esfuerzo \u00a0verdaderamente grande de parte de ellos y de sus familias, porque \u00a0 quienes tuvieron el apoyo de sus familias y padres, emigraron a Saltillo, a Monterrey, a Torre\u00f3n&#8221;.<\/p>\n\n\n\n<p>&#8220;Hoy\u00a0 ya no tienen que emigrar\u00a0 a ning\u00fan lado\u00a0 y aqu\u00ed, cerca de sus comunidades\u00a0 esta\u00a0 nuestra oferta, de gran calidad educativa&#8221;.<\/p>\n","protected":false},"excerpt":{"rendered":"<p>Torre\u00f3n, Coahuila.- En la Universidad Polit\u00e9cnica de la Regi\u00f3n Laguna,\u00a0 con 590 alumnos, espera elevar su matr\u00edcula hasta 890 en el pr\u00f3ximo ciclo a iniciar en septiembre en alguna\u00a0 de\u00a0 las cuatro carreras de ingenier\u00eda que\u00a0 ofrece esta instituci\u00f3n a j\u00f3venes bachilleres egresados\u00a0 que sean vecinos en los municipios de Matamoros, Francisco I. Madero y San Pedro, este \u00faltimo\u00a0 municipio donde se\u00a0 localiza este importante centro educativo. En ella se&#8230;<\/p>\n","protected":false},"author":2,"featured_media":0,"comment_status":"closed","ping_status":"","sticky":false,"template":"","format":"standard","meta":{"footnotes":""},"categories":[5,9,15,28],"tags":[],"class_list":["post-14250","post","type-post","status-publish","format-standard","hentry","category-coahuila","category-educacion","category-gobierno-de-coahuila","category-la-laguna","wpcat-5-id","wpcat-9-id","wpcat-15-id","wpcat-28-id"],"_links":{"self":[{"href":"https:\/\/www.aquilaguna.com\/index.php\/wp-json\/wp\/v2\/posts\/14250","targetHints":{"allow":["GET"]}}],"collection":[{"href":"https:\/\/www.aquilaguna.com\/index.php\/wp-json\/wp\/v2\/posts"}],"about":[{"href":"https:\/\/www.aquilaguna.com\/index.php\/wp-json\/wp\/v2\/types\/post"}],"author":[{"embeddable":true,"href":"https:\/\/www.aquilaguna.com\/index.php\/wp-json\/wp\/v2\/users\/2"}],"replies":[{"embeddable":true,"href":"https:\/\/www.aquilaguna.com\/index.php\/wp-json\/wp\/v2\/comments?post=14250"}],"version-history":[{"count":1,"href":"https:\/\/www.aquilaguna.com\/index.php\/wp-json\/wp\/v2\/posts\/14250\/revisions"}],"predecessor-version":[{"id":14251,"href":"https:\/\/www.aquilaguna.com\/index.php\/wp-json\/wp\/v2\/posts\/14250\/revisions\/14251"}],"wp:attachment":[{"href":"https:\/\/www.aquilaguna.com\/index.php\/wp-json\/wp\/v2\/media?parent=14250"}],"wp:term":[{"taxonomy":"category","embeddable":true,"href":"https:\/\/www.aquilaguna.com\/index.php\/wp-json\/wp\/v2\/categories?post=14250"},{"taxonomy":"post_tag","embeddable":true,"href":"https:\/\/www.aquilaguna.com\/index.php\/wp-json\/wp\/v2\/tags?post=14250"}],"curies":[{"name":"wp","href":"https:\/\/api.w.org\/{rel}","templated":true}]}}