{"id":14268,"date":"2023-03-15T20:25:28","date_gmt":"2023-03-16T02:25:28","guid":{"rendered":"https:\/\/www.aquilaguna.com\/?p=14268"},"modified":"2023-03-15T20:25:28","modified_gmt":"2023-03-16T02:25:28","slug":"aqui-laguna-213","status":"publish","type":"post","link":"https:\/\/www.aquilaguna.com\/index.php\/2023\/03\/15\/aqui-laguna-213\/","title":{"rendered":"Aqu\u00ed Laguna."},"content":{"rendered":"\n<p>\u00a1No vender\u00e9 semitas! Anticipa el Gobernador Miguel Angel Riquelme Solis,\u00a0 al definir a grosso modo\u00a0 su percepci\u00f3n del futuro que vislumbra, a partir del primero de diciembre del a\u00f1o en curso, sino que como el solido sujeto pol\u00edtico que es hoy, revela\u00a0 que estar\u00e1 en la arena pol\u00edtica\u00a0 del Estado y en especial en el nacional, m\u00e1s all\u00e1, claro, del resultado que arroje el proceso electoral de Coahuila,\u00a0al cual seg\u00fan marca las constantes\u00a0 encuestas, como\u00a0 probable ganador\u00a0 al pr\u00edismo en \u00e9sta entidad\u00a0 adem\u00e1s de que en t\u00e9rminos de tiempo,\u00a0 estar\u00e1 en marcha la batalla electoral por la Presidencia de la Rep\u00fablica, y vaya\u00a0 que hay que definirlo,\u00a0 claro, a \u00e9ste pa\u00eds, no le falta burocracia\u00a0 alguna, sino dirigentes \u00eddem, con experiencia, capacidad, pero sobre todo resultados y\u00a0 en especial entre el pri\u00edsmo que deber\u00e1\u00a0 enfrentar el resto\u00a0 no solo de sobrevivir, sino sobresalir en tal batalla, como elemento\u00a0 prioritario de\u00a0 renacimiento.<\/p>\n\n\n\n<p>El Ingeniero Riquelme Solis\u00a0 ya decidido pues a \u2018&#8221;nadar entre tiburones&#8221;, pues todos y cada uno de los sobrevivientes en el apretado\u00a0 establismenth, ninguno de sus integrantes &#8220;venden pi\u00f1as&#8221;, a\u00a0 nivel local anote Usted el nombre del licenciado Raul Garza,\u00a0 por ahora Director de Ingresos de la Tesorer\u00eda Municipal, a quien le han asignado un modesto espacio al interior del escalaf\u00f3n priista de Torre\u00f3n, como el nuevo dirigente del organismo Unidad Revolucionaria -UR-, que dirigiera en otros tiempos, el Licenciado Sigfrido Mart\u00ednez,\u00a0 bander\u00eda con la que sin duda sumar\u00e1 adeptos y votos, lo mismo viene haciendo ya la maestra Flor Renter\u00eda, bajo las siglas del ONMPRI, para contener dispersi\u00f3n tricolor\u00a0 en las filas del magisterio.<\/p>\n\n\n\n<p>En tanto y este mismo viernes, si bien no se conoce sitio ni hora, el Partido\u00a0 Acci\u00f3n Nacional con su dirigente Marko Cort\u00e9s, estar\u00e1 encabezando\u00a0 la recepci\u00f3n  y aceptaci\u00f3n del priista Manolo Jim\u00e9nez Salinas, que estar\u00e1 rindiendo su protesta de rigor\u00a0con los blanquiazules, como consecuencia de la alianza que\u00a0estar\u00e1 en marcha\u00a0en d\u00edas pr\u00f3ximos, una vez que el PRD,\u00a0 acept\u00f3\u00a0 el acuerdo, in\u00e9dito, que hist\u00f3ricamente impuso\u00a0 la decisi\u00f3n de formar un frente amplio, no solo partidista y ciudadano\u00a0con que enfrentar la ca\u00f3tica expresi\u00f3n que fuerzas pol\u00edticas\u00a0 en dispersi\u00f3n y\u00a0 \u00a0 especialmente &#8220;en confusi\u00f3n&#8221;, as\u00ed lo marca los disensos, las graves divisiones que\u00a0 han venido exhibiendo sus integrantes, en especial a aquellos que buscan alzarse con los cargos\u00a0de elecci\u00f3n popular\u00a0 en juego.<\/p>\n\n\n\n<p>Lo que seguir\u00e1 constituyendo una inc\u00f3gnita que solo el tiempo estar\u00e1 despejando, resulta ser, el destino pol\u00edtico o burocr\u00e1tico, que quepa al grupo de laguneros\u00a0 que arribaron a la capital del Estado\u00a0 hace ya casi seis a\u00f1os, como\u00a0 parte del gabinete\u00a0de trabaj\u00f3 y  que seleccion\u00f3 el a\u00fan hoy gobernador, algunos, de larga data\u00a0en tal acompa\u00f1amiento como equipo desde cuando \u00a0\u00e9ste \u00a0se desempe\u00f1\u00f3 como alcalde de Torre\u00f3n. Quiz\u00e1s solo dos nombres pudieran\u00a0permanecer en sus puestos\u00a0pues la l\u00ednea de tiempo que la ley fija para\u00a0 este sexenio y que\u00a0 por disposici\u00f3n legal, lo trasciende, como es el caso del titular del Poder Judicial Miguel\u00a0 Mery Ayup y el titular de la Fiscal\u00eda General de Justicia, Doctor Gerardo M\u00e1rquez&#8230;<\/p>\n\n\n\n<p>Y solo un por\u00a0 mes m\u00e1s, el Rector de la UAdeC, ingeniero Salvador Hern\u00e1ndez V\u00e9lez, quien termina\u00a0 su segunda gesti\u00f3n al frente de la M\u00e1xima Casa de Estudios\u00a0de Coahuila y \u00a0que estar\u00e1 entregando tal mando a quien resulte electo\u00a0 el pr\u00f3ximo mes de febrero del pr\u00f3ximo a\u00f1o, quiz\u00e1s tambi\u00e9n figure entre los sobrevivientes, dicen\u00a0es el Contador P\u00fablico Javier Herrera Arroyo a ser postulado\u00a0 y ganar la elecci\u00f3n por alguno de los distritos\u00a0 electorales federales que acompa\u00f1ar\u00e1n\u00a0 la elecci\u00f3n para gobernador, de ah\u00ed que por ahora se desempe\u00f1a\u00a0 en sus ratos\u00a0 libres, que deben de ser muy pocos, como\u00a0 responsable del Sector II,\u00a0 uno de los varios en los que est\u00e1 dividido\u00a0 el municipio para su atenci\u00f3n partidista en\u00a0Torre\u00f3n, es decir, comisi\u00f3n partidista que lo\u00a0 liga con la base tricolor,\u00a0 con su militancia, por lo que se ofrezca.<\/p>\n\n\n\n<p>Por lo pronto hay inter\u00e9s por conocer donde quedaron finalmente los &#8220;renunciantes Felipe Gonz\u00e1lez e Isis Cepeda\u00a0Villareal, ambos \u00a0 funcionarios que fueron, hasta antes de solicitar licencia y que est\u00e1n por ahora en alg\u00fan &#8220;limbo&#8221; debido a que eran los prospectos m\u00e1s fuertes para ser postulados a alguna diputaci\u00f3n local, salvo que tal reserva los destinen como suplentes, pues\u00a0 resulta que con tres &#8220;repetidores&#8221; en tales encargos, Olivia Martinez, Hugo D\u00e1vila y Raul -Porfirito- Onofre, al parecer los dej\u00f3 sin encargo, pensado originalmente\u00a0 m\u00e1s all\u00e1 del Ingeniero Lauro\u00a0 Villarreal Navarro, que\u00a0 se va dicen tambi\u00e9n como\u00a0 cabeza principal en el listado\u00a0 plurinominal a presentar por el PRI, ignor\u00e1ndose tambi\u00e9n, por ejemplo\u00a0 el destino pol\u00edtico que les espere\u00a0al Licenciado Eduardo Olmos Castro y al profesor Mario Cepeda.<\/p>\n\n\n\n<p>Por lo pronto y ante el hecho de que si &#8220;Dios lo permite&#8221;, Coahuila estar\u00e1 seleccionando\u00a0 m\u00e1s o menos en cinco a\u00f1os, seleccionado a una f\u00e9mina como candidata a contender por\u00a0el cargo de Gobernar el Estado, terrenos que por ahora son m\u00e1s que escasos -ya estaremos viendo, si vivimos-, como que la candidata del PRD, ser\u00e1\u00a0 Mary\u00a0 Thelma Guajardo -pues no hay otra&#8211;, y \u00a0 no solo en el PRI, sino tambi\u00e9n en el resto de los organismos partidistas\u00a0 m\u00e1s all\u00e1 de los nombres conocidos de las licenciadas Hilda Flores Escalera y Ver\u00f3nica Mart\u00ednez, de ah\u00ed que qui\u00e9rase o no, y ante el incontenible relevo generacional que ya se advierte, se abran\u00a0 m\u00e1s espacios para formar mujeres, que las hay, con talento y disciplina\u00a0 necesaria para\u00a0 formar  un mayor n\u00famero de\u00a0 &#8220;nombres&#8221; amparados por trayectorias suficientes para aspirar a los cargos en juego, igual sucede en el resto de los organismos partidistas dominados por\u00a0 hombres, toda vez y como consecuencia de\u00a0 formar la mayor\u00eda de la clase pol\u00edtica en Coahuila.<\/p>\n\n\n\n<p>Y ya no tan lejano, sino a tiro de piedra est\u00e1 ya el proceso electoral federal, y con eso de la cuota de g\u00e9nero, pues\u00a0 se ven pocas\u00a0 y ello \u00a0 podr\u00eda generar que la selecci\u00f3n de las candidatas se haga bajo la\u00a0 premisa de\u00a0 que no hay mas&#8230;<\/p>\n\n\n\n<p>Listos, los\u00a0maestros que bajo la\u00a0 gu\u00eda y el transporte y sus vi\u00e1ticos, estar\u00e1n acudiendo desde la madrugada del pr\u00f3ximos s\u00e1bado rumbo a la capital del pa\u00eds, para\u00a0 participar en la concentraci\u00f3n\u00a0 convocada por el Presidente Andr\u00e9s Manuel L\u00f3pez Obrador, y que en primera intenci\u00f3n,\u00a0 conmemorar\u00e1\u00a0 la expropiaci\u00f3n petrolera, pero\u00a0 que busca igualar\u00a0 o superar\u00a0 a la realizada\u00a0 en defensa del INE\u00a0 en d\u00edas pasados\u00a0 bajo otros mecanismos de participaci\u00f3n ciudadana. En fin..<\/p>\n\n\n\n<p>Y vaya que se tarda la Fiscal\u00eda General de Justicia,\u00a0 en mostrar avance alguno en torno de la denuncia presentada por el Ayuntamiento de Torre\u00f3n &#8220;contra quien resulte responsable&#8221; de los actos vand\u00e1licos cometidos\u00a0 sobre seis de las\u00a0r\u00e9plicas de\u00a0obras pict\u00f3ricas\u00a0vandalizadas por \u00a0tres f\u00e9minas, claramente identificadas a trav\u00e9s de testimonios electr\u00f3nicos, captados por\u00a0 las c\u00e1maras de vigilancia\u00a0 establecidas en la Plaza Mayor\u00a0 y la Plazuela Ju\u00e1rez, hasta donde acudieron las &#8220;damas&#8221; en la madrugada de la\u00a0 v\u00edspera\u00a0 de la celebraci\u00f3n\u00a0del 8 de Marzo, en el que se\u00a0 celebr\u00f3 el Dia\u00a0 de la\u00a0 Mujer,\u00a0 y quiz\u00e1s,\u00a0 ma\u00f1ana jueves,\u00a0 que se celebra\u00a0 el Dia Internacional de la Mujer, repitan la dosis, para celebrar&#8230;<\/p>\n\n\n\n<p>Este d\u00eda,\u00a0 Torre\u00f3n sumar\u00e1 un nuevo atractivo para quienes\u00a0 acuden v\u00eda telef\u00e9rico Torre\u00f3n al Santuario del Cristo de las Noas, al inaugurar un\u00a0nuevo Aviario Lira, en sus inmediaciones, acto que corri\u00f3 a cargo de la titular de Turismo Azucena Ramos, as\u00ed como de la Licenciada Ver\u00f3nica Soto, que\u00a0 vaya,\u00a0 es quiz\u00e1s la que m\u00e1s resultados aporta\u00a0 de las funcionarios estatales con encomienda p\u00fablica en la Laguna, no descansa en la promoci\u00f3n de tal sitio.<\/p>\n","protected":false},"excerpt":{"rendered":"<p>\u00a1No vender\u00e9 semitas! Anticipa el Gobernador Miguel Angel Riquelme Solis,\u00a0 al definir a grosso modo\u00a0 su percepci\u00f3n del futuro que vislumbra, a partir del primero de diciembre del a\u00f1o en curso, sino que como el solido sujeto pol\u00edtico que es hoy, revela\u00a0 que estar\u00e1 en la arena pol\u00edtica\u00a0 del Estado y en especial en el nacional, m\u00e1s all\u00e1, claro, del resultado que arroje el proceso electoral de Coahuila,\u00a0al cual seg\u00fan&#8230;<\/p>\n","protected":false},"author":2,"featured_media":0,"comment_status":"closed","ping_status":"","sticky":false,"template":"","format":"standard","meta":{"footnotes":""},"categories":[8],"tags":[],"class_list":["post-14268","post","type-post","status-publish","format-standard","hentry","category-aqui-laguna","wpcat-8-id"],"_links":{"self":[{"href":"https:\/\/www.aquilaguna.com\/index.php\/wp-json\/wp\/v2\/posts\/14268","targetHints":{"allow":["GET"]}}],"collection":[{"href":"https:\/\/www.aquilaguna.com\/index.php\/wp-json\/wp\/v2\/posts"}],"about":[{"href":"https:\/\/www.aquilaguna.com\/index.php\/wp-json\/wp\/v2\/types\/post"}],"author":[{"embeddable":true,"href":"https:\/\/www.aquilaguna.com\/index.php\/wp-json\/wp\/v2\/users\/2"}],"replies":[{"embeddable":true,"href":"https:\/\/www.aquilaguna.com\/index.php\/wp-json\/wp\/v2\/comments?post=14268"}],"version-history":[{"count":1,"href":"https:\/\/www.aquilaguna.com\/index.php\/wp-json\/wp\/v2\/posts\/14268\/revisions"}],"predecessor-version":[{"id":14269,"href":"https:\/\/www.aquilaguna.com\/index.php\/wp-json\/wp\/v2\/posts\/14268\/revisions\/14269"}],"wp:attachment":[{"href":"https:\/\/www.aquilaguna.com\/index.php\/wp-json\/wp\/v2\/media?parent=14268"}],"wp:term":[{"taxonomy":"category","embeddable":true,"href":"https:\/\/www.aquilaguna.com\/index.php\/wp-json\/wp\/v2\/categories?post=14268"},{"taxonomy":"post_tag","embeddable":true,"href":"https:\/\/www.aquilaguna.com\/index.php\/wp-json\/wp\/v2\/tags?post=14268"}],"curies":[{"name":"wp","href":"https:\/\/api.w.org\/{rel}","templated":true}]}}